{"id":348673,"date":"2025-08-16T06:53:11","date_gmt":"2025-08-16T06:53:11","guid":{"rendered":"https:\/\/www.europesays.com\/de\/348673\/"},"modified":"2025-08-16T06:53:11","modified_gmt":"2025-08-16T06:53:11","slug":"s-bahn-berlin-neues-einkaufscenter-soll-station-beleben","status":"publish","type":"post","link":"https:\/\/www.europesays.com\/de\/348673\/","title":{"rendered":"S-Bahn Berlin: Neues Einkaufscenter soll Station beleben"},"content":{"rendered":"\n<p>Der n\u00f6rdliche Vorplatz des <a href=\"http:\/\/berlin-live.de\/themen\/s-bahn-berlin\" rel=\"nofollow noopener\" target=\"_blank\">S-Bahnhofs<\/a> Zehlendorf wirkt trist. Bis auf zwei Imbisse gibt es kaum Leben. Im Forum Zehlendorf stehen viele Gesch\u00e4fte leer. Fr\u00fcher waren dort Thalia, H&amp;M und McDonald\u2019s ans\u00e4ssig. Heute sind nur noch zugeklebte Schaufenster zu sehen. Doch es gibt neue Hoffnung.<\/p>\n<p> <strong>Zukunft f\u00fcr das Forum Zehlendorf: S-Bahn Berlin<\/strong> <\/p>\n<p>Lidl will ins Forum <a href=\"http:\/\/berlin-live.de\/themen\/steglitz-zehlendorf\" rel=\"nofollow noopener\" target=\"_blank\">Zehlendorf<\/a> ziehen. Eine Sprecherin best\u00e4tigt: \u201eWir k\u00f6nnen best\u00e4tigen, dass wir die Er\u00f6ffnung einer neuen, zukunftsf\u00e4higen Lidl-Filiale in Berlin-Zehlendorf planen\u201c, berichtet der <a href=\"https:\/\/www.tagesspiegel.de\/berlin\/bezirke\/steglitz-zehlendorf\/neues-leben-fur-den-ortskern-von-berlin-zehlendorf-lebensmitteldiscounter-zieht-an-den-s-bahnhof-14167166.html\" target=\"_blank\" rel=\"noreferrer noopener nofollow\">\u201eTagesspiegel\u201c<\/a>. Konkretere Informationen will das Unternehmen aber erst sp\u00e4ter liefern. Der Antrag f\u00fcr das Projekt liegt bereits beim Bezirksamt.<\/p>\n<p>Auch interessant: <a href=\"https:\/\/www.berlin-live.de\/berlin\/aktuelles\/cafe-berlin-news-kreuzberg-la-maison-landwehrkanal-gastro-id517362.html\" rel=\"nofollow noopener\" target=\"_blank\">Das Geheimnis hinter \u201eLa Maison\u201c \u2013 deshalb ist das Caf\u00e9 in Berlin so beliebt<\/a><\/p>\n<p>Stadtplanungsstadtrat Patrick Steinhoff (CDU) berichtet, dass die Genehmigung noch aussteht. Er erwartet R\u00fcckmeldungen der Fach\u00e4mter bis Anfang September. Erst nach der offiziellen Baugenehmigung darf der Umbau beginnen. Bis dahin bleibt das Forum Zehlendorf im aktuellen Zustand.<\/p>\n<p> <strong>Zweiter Lidl-Standort nahe der S-Bahn Berlin<\/strong> <\/p>\n<p>Nur 230 Meter vom geplanten neuen Lidl entfernt betreibt die Kette eine Filiale an der M\u00fchlenstra\u00dfe. Diese soll nach Er\u00f6ffnung des neuen Markts schlie\u00dfen. Was mit dem alten Standort passiert, ist unklar. Auch dazu h\u00e4lt sich Lidl bedeckt: \u201eGerne k\u00f6nnen Sie sich zu einem sp\u00e4teren Zeitpunkt erneut bei uns erkundigen.\u201c<\/p>\n<p>Stadtrat Steinhoff lobt den geplanten Einzug. Das Forum liege am Eingang der Gesch\u00e4ftsstra\u00dfe Teltower Damm. Es zieht wieder \u201eLeben in die Bude ein\u201c, sagt er. Der bisherige Leerstand k\u00f6nnte durch den neuen Markt verschwinden. <\/p>\n<p>Mehr News aus Berlin:<\/p>\n<p>Steinhoff nennt weitere leerstehende L\u00e4den wie das fr\u00fchere Funky-Bowl als potenzielle Nutzfl\u00e4chen. Die Planung des Lebensmittelmarkts k\u00f6nne den Ort jetzt wieder beleben und die Sicherheit erh\u00f6hen. Besonders in den Abendstunden soll die Pr\u00e4senz eines Supermarkts die Umgebung stabilisieren. Die N\u00e4he zur S-Bahn Berlin sei ein klarer Vorteil.<\/p>\n<p>Auch mit Blick auf die langfristige Entwicklung ist Steinhoff optimistisch. \u201eDie Ansiedlung hier ist auch ein Signal, dass die anstehende Bahnbaustelle nicht als Gefahr f\u00fcr das Gesch\u00e4ft selbst angesehen wird.\u201c Die Erneuerung der S-Bahn Berlin \u00fcber den Teltower Damm ist fr\u00fchestens 2030 geplant.<\/p>\n<p>Dieser Artikel wurde teils mit maschineller Unterst\u00fctzung erstellt und vor der Ver\u00f6ffentlichung von der Redaktion sorgf\u00e4ltig gepr\u00fcft.<\/p>\n","protected":false},"excerpt":{"rendered":"Der n\u00f6rdliche Vorplatz des S-Bahnhofs Zehlendorf wirkt trist. Bis auf zwei Imbisse gibt es kaum Leben. Im Forum&hellip;\n","protected":false},"author":2,"featured_media":348674,"comment_status":"","ping_status":"","sticky":false,"template":"","format":"standard","meta":{"footnotes":"","_share_on_mastodon":"0"},"categories":[1825],"tags":[1941,1939,296,1937,29,30,1940,1938,2070],"class_list":["post-348673","post","type-post","status-publish","format-standard","has-post-thumbnail","category-berlin","tag-aktuelle-nachrichten-aus-berlin","tag-aktuelle-news-aus-berlin","tag-berlin","tag-berlin-news","tag-deutschland","tag-germany","tag-nachrichten-aus-berlin","tag-news-aus-berlin","tag-s-bahn-berlin"],"share_on_mastodon":{"url":"https:\/\/pubeurope.com\/@de\/115037130174224018","error":""},"_links":{"self":[{"href":"https:\/\/www.europesays.com\/de\/wp-json\/wp\/v2\/posts\/348673","targetHints":{"allow":["GET"]}}],"collection":[{"href":"https:\/\/www.europesays.com\/de\/wp-json\/wp\/v2\/posts"}],"about":[{"href":"https:\/\/www.europesays.com\/de\/wp-json\/wp\/v2\/types\/post"}],"author":[{"embeddable":true,"href":"https:\/\/www.europesays.com\/de\/wp-json\/wp\/v2\/users\/2"}],"replies":[{"embeddable":true,"href":"https:\/\/www.europesays.com\/de\/wp-json\/wp\/v2\/comments?post=348673"}],"version-history":[{"count":0,"href":"https:\/\/www.europesays.com\/de\/wp-json\/wp\/v2\/posts\/348673\/revisions"}],"wp:featuredmedia":[{"embeddable":true,"href":"https:\/\/www.europesays.com\/de\/wp-json\/wp\/v2\/media\/348674"}],"wp:attachment":[{"href":"https:\/\/www.europesays.com\/de\/wp-json\/wp\/v2\/media?parent=348673"}],"wp:term":[{"taxonomy":"category","embeddable":true,"href":"https:\/\/www.europesays.com\/de\/wp-json\/wp\/v2\/categories?post=348673"},{"taxonomy":"post_tag","embeddable":true,"href":"https:\/\/www.europesays.com\/de\/wp-json\/wp\/v2\/tags?post=348673"}],"curies":[{"name":"wp","href":"https:\/\/api.w.org\/{rel}","templated":true}]}}