{"id":348817,"date":"2025-08-16T08:18:12","date_gmt":"2025-08-16T08:18:12","guid":{"rendered":"https:\/\/www.europesays.com\/de\/348817\/"},"modified":"2025-08-16T08:18:12","modified_gmt":"2025-08-16T08:18:12","slug":"das-orania-berlin-ist-ein-neues-luxushotel-in-berlin-wie-schick-geht-es-da-zu","status":"publish","type":"post","link":"https:\/\/www.europesays.com\/de\/348817\/","title":{"rendered":"Das Orania.Berlin ist ein neues Luxushotel in Berlin. Wie schick geht es da zu?"},"content":{"rendered":"<p class=\"mb-6 text-xs md:text-m lg:text-l font-serif group-[.font-sans]:font-sans \">\n    Man kann sich gut vorstellen, dass der Oranienplatz vor dem Zweiten Weltkrieg Berlins sch\u00f6nster Jugendstilplatz war. Pr\u00e4chtige Architektur und rundum quirliges Leben in den <a href=\"https:\/\/www.augsburger-allgemeine.de\/panorama\/italien\/einrichtung-von-rene-benkos-gardasee-villa-wird-versteigert-ein-objekt-ist-besonders-begehrt-110023363\" target=\"_self\" class=\"underline \" rel=\"nofollow noopener\">Kaufh\u00e4usern<\/a>. In einem der letzten Prachtbauten aus dem Jahr 1912, dem ehemaligen B\u00fcro- und Gesch\u00e4ftshaus Jacobi, ist 2017 das Orania.Berlin eingezogen.\n  <\/p>\n<p>            45 gediegene Zimmer gibt es im Orania.Berlin<\/p>\n<p class=\"mb-6 text-xs md:text-m lg:text-l font-serif group-[.font-sans]:font-sans \">\n    Entwickelt f\u00fcr den Eigent\u00fcmer hat das <a href=\"https:\/\/www.augsburger-allgemeine.de\/noerdlingen\/vom-bau-ins-luxushotel-er-managt-das-kranzbach-in-oberbayern-106669524\" target=\"_self\" class=\"underline \" rel=\"nofollow noopener\">Hotelprojekt Dietmar M\u00fcller-Elmau<\/a>, der hinter seinem sehr bekannten Luxushotel Schloss Elmau in den bayerischen Alpen steht. 45 gediegene G\u00e4stezimmer gibt es hier. \u00dcberall im Haus herrscht Behaglichkeit, fast Wohnzimmeratmosph\u00e4re. Man f\u00fchlt sich gleich wohl.\n  <\/p>\n<p>    <img decoding=\"async\" src=\"https:\/\/images.mgpd.de\/img\/110592533\/crop\/c16_9-w100\/851384431\/1723916644\/orania-zimmer.jpg\" alt=\"Das Orania.Berlin in Kreuzberg ist in warmen Farben eingerichtet. \" title=\"Das Orania.Berlin in Kreuzberg ist in warmen Farben eingerichtet. \" class=\"h-full w-full object-cover\"\/><\/p>\n<p>      Icon vergr\u00f6\u00dfern<\/p>\n<p>    Das Orania.Berlin in Kreuzberg ist in warmen Farben eingerichtet.<br \/>\n    Foto: Hotel<\/p>\n<p>        Schlie\u00dfen <\/p>\n<p>      Icon Schlie\u00dfen<\/p>\n<p>        Icon vergr\u00f6\u00dfern<\/p>\n<p>        Icon verkleinern<\/p>\n<p>      Icon Pfeil bewegen<\/p>\n<p>    Das Orania.Berlin in Kreuzberg ist in warmen Farben eingerichtet.<br \/>\n    Foto: Hotel<\/p>\n<p class=\"mb-6 text-xs md:text-m lg:text-l font-serif group-[.font-sans]:font-sans \">\n    Wer durch die gro\u00dfen Fenster im EG hineinschaut, sieht hinten eine lange gezogene Bar, gro\u00dfz\u00fcgige Sofalandschaften, in denen Menschen plaudernd beim Drink sitzen oder live aufspielenden Musikern lauschen. Im Restaurant auf derselben Ebene wird vielleicht gerade das G\u00e4nse-Men\u00fc\u00a0serviert, wegen dem 90 Prozent aller G\u00e4ste das Orania besuchen.\n  <\/p>\n<p>            Gro\u00dfz\u00fcgige Sofalandschaften im Hotel Orania.Berlin<\/p>\n<p class=\"mb-6 text-xs md:text-m lg:text-l font-serif group-[.font-sans]:font-sans \">\n    Einfallsreicher Koch ist Philipp Vogel mit seinem K\u00fcchenchef Kevin von Werthern. Vogel leitet zusammen mit seiner Frau Jennifer das Haus. Zwei moderne junge Menschen und sehr herzliche Gastgeber. Wer auf die Stra\u00dfe tritt, steht mitten im <a href=\"https:\/\/www.augsburger-allgemeine.de\/panorama\/protest-gegen-den-zaun-im-goerlitzer-park-sicherheit-oder-symbolpolitik-110526144\" target=\"_self\" class=\"underline \" rel=\"nofollow noopener\">legend\u00e4ren Kreuzberg<\/a>. Bevor Berlin-Mitte auf den Touristen-Olymp gehoben wurde, gab es diesen Meltingpott anderer Kulturen l\u00e4ngst. Es lohnt sich, mal auszuschw\u00e4rmen. Nur so ein anspruchsvolles Refugium hatte es hier bisher nicht gegeben.\n  <\/p>\n<p class=\"mb-6 text-xs md:text-m lg:text-l font-serif group-[.font-sans]:font-sans \">\n    Hotel Orania.Berlin, Oranienstra\u00dfe 40, 10999 Berlin, Tel. 030\/69 53 96 80, DZ ab 230 Euro,\u00a0\u00a0Fr\u00fchst\u00fcck nicht inklusive: \u00e0 la carte; <a href=\"https:\/\/www.orania.berlin.de\/\" rel=\"nofollow noopener\" target=\"_blank\" class=\"underline \">www.orania.berlin.de<\/a>\n  <\/p>\n<ul data-module-id=\"DragDropModule\" class=\"flex flex-wrap justify-start group-[.no-bookmarks]:hidden\">\n<li class=\"mb-3 mr-3\">\n    Inge Ahrens<\/p>\n<p>      Icon Haken im Kreis gesetzt<\/p>\n<p>      Icon Plus im Kreis<\/p>\n<\/li>\n<li class=\"mb-3 mr-3\">\n    Berlin<\/p>\n<p>      Icon Haken im Kreis gesetzt<\/p>\n<p>      Icon Plus im Kreis<\/p>\n<\/li>\n<li class=\"mb-3 mr-3\">\n    Luxushotel<\/p>\n<p>      Icon Haken im Kreis gesetzt<\/p>\n<p>      Icon Plus im Kreis<\/p>\n<\/li>\n<\/ul>\n","protected":false},"excerpt":{"rendered":"Man kann sich gut vorstellen, dass der Oranienplatz vor dem Zweiten Weltkrieg Berlins sch\u00f6nster Jugendstilplatz war. Pr\u00e4chtige Architektur&hellip;\n","protected":false},"author":2,"featured_media":348818,"comment_status":"","ping_status":"","sticky":false,"template":"","format":"standard","meta":{"footnotes":""},"categories":[1825],"tags":[296,29,30],"class_list":{"0":"post-348817","1":"post","2":"type-post","3":"status-publish","4":"format-standard","5":"has-post-thumbnail","7":"category-berlin","8":"tag-berlin","9":"tag-deutschland","10":"tag-germany"},"share_on_mastodon":{"url":"https:\/\/pubeurope.com\/@de\/115037464546419379","error":""},"_links":{"self":[{"href":"https:\/\/www.europesays.com\/de\/wp-json\/wp\/v2\/posts\/348817","targetHints":{"allow":["GET"]}}],"collection":[{"href":"https:\/\/www.europesays.com\/de\/wp-json\/wp\/v2\/posts"}],"about":[{"href":"https:\/\/www.europesays.com\/de\/wp-json\/wp\/v2\/types\/post"}],"author":[{"embeddable":true,"href":"https:\/\/www.europesays.com\/de\/wp-json\/wp\/v2\/users\/2"}],"replies":[{"embeddable":true,"href":"https:\/\/www.europesays.com\/de\/wp-json\/wp\/v2\/comments?post=348817"}],"version-history":[{"count":0,"href":"https:\/\/www.europesays.com\/de\/wp-json\/wp\/v2\/posts\/348817\/revisions"}],"wp:featuredmedia":[{"embeddable":true,"href":"https:\/\/www.europesays.com\/de\/wp-json\/wp\/v2\/media\/348818"}],"wp:attachment":[{"href":"https:\/\/www.europesays.com\/de\/wp-json\/wp\/v2\/media?parent=348817"}],"wp:term":[{"taxonomy":"category","embeddable":true,"href":"https:\/\/www.europesays.com\/de\/wp-json\/wp\/v2\/categories?post=348817"},{"taxonomy":"post_tag","embeddable":true,"href":"https:\/\/www.europesays.com\/de\/wp-json\/wp\/v2\/tags?post=348817"}],"curies":[{"name":"wp","href":"https:\/\/api.w.org\/{rel}","templated":true}]}}