{"id":348821,"date":"2025-08-16T08:21:15","date_gmt":"2025-08-16T08:21:15","guid":{"rendered":"https:\/\/www.europesays.com\/de\/348821\/"},"modified":"2025-08-16T08:21:15","modified_gmt":"2025-08-16T08:21:15","slug":"ein-buch-eine-doku-ein-podcast-29","status":"publish","type":"post","link":"https:\/\/www.europesays.com\/de\/348821\/","title":{"rendered":"Ein Buch. Eine Doku. Ein Podcast #29"},"content":{"rendered":"<p><strong>In dieser Rubrik m\u00f6chten wir Ihnen kleine, aber feine Empfehlungen aus der bunten Welt der B\u00fccher, Dokus und Podcasts geben. Heute im Angebot: ein Weckruf,\u00a0 schonungsloses Konsumverhalten sowie eine Methode zur Entwicklung dauerhafter Gesch\u00e4ftsmodelle.<\/strong><\/p>\n<p>\u00a0<\/p>\n<p><strong>Ein Buch.<\/strong><\/p>\n<p><strong>\u201eDer Trump-Effekt. Kann ein Mann Europa wachr\u00fctteln?\u201c <\/strong>von <strong>Othmar Karas<\/strong>\u00a0und <strong>Peter L. Eppinger<\/strong><\/p>\n<ul>&#13;<\/p>\n<li><strong>Verlag: <\/strong>Seifert<\/li>\n<p>&#13;<\/p>\n<li><strong>Erscheinungstermin: <\/strong>2025<\/li>\n<p>&#13;<\/p>\n<li><strong>Seitenzahl: <\/strong>134<\/li>\n<p>&#13;\n<\/ul>\n<p><img decoding=\"async\" alt=\"Buchempfehlung-Trump-EffektFCSeifert-Verlag\" src=\"https:\/\/www.europesays.com\/de\/wp-content\/uploads\/2025\/08\/Buchempfehlung-Trump-EffektFCSeifert-Verlag.webp\" class=\"imgInsert\" style=\"margin: auto; display: block;\" title=\"Ein Buch. Eine Doku. Ein Podcast #29\" data-title=\"\" droppics_id=\"13175\" data-droppicscategory=\"2189\" data-droppicssource=\"medium\" data-click=\"nothing\"\/><\/p>\n<p>Europa steht unter Druck. Doch was bedeutet Donald Trumps Ideologie \u201eAmerica First\u201c wirtschaftlich, sicherheitspolitisch sowie gesellschaftlich f\u00fcr \u00d6sterreich und Europa? EU-Insider Othmar Karas widmet sich im Buch \u201eDer Trump-Effekt. Kann ein Mann Europa wachr\u00fctteln?\u201c diesem Thema. Und Peter L. Eppinger, ehemaliger \u00d63-Moderator und\u00a0 Landtagsabgeordneter, verpackt die von Karas gelieferten Hintergr\u00fcnde der komplexen Politik in spannende und alltagsnahe Geschichten.<\/p>\n<p>\u00a0<\/p>\n<p><strong>Eine Doku.<\/strong><\/p>\n<p><strong>\u201eBuy Now! The Shopping Conspiracy\u201c <\/strong>von<strong> Nic Stacey<\/strong><\/p>\n<ul>&#13;<\/p>\n<li><strong>Zu sehen bei: <\/strong>Netflix<\/li>\n<p>&#13;<\/p>\n<li><strong>Erscheinungstermin: <\/strong>2024<\/li>\n<p>&#13;<\/p>\n<li><strong>Dauer: <\/strong>1 Stunde 24 Minuten<\/li>\n<p>&#13;\n<\/ul>\n<p><img decoding=\"async\" alt=\"The-Shopping-ConspiracyFCNetflix\" src=\"https:\/\/www.europesays.com\/de\/wp-content\/uploads\/2025\/08\/The-Shopping-ConspiracyFCNetflix.webp\" class=\"imgInsert\" style=\"margin: auto; display: block;\" title=\"Ein Buch. Eine Doku. Ein Podcast #29\" data-title=\"\" droppics_id=\"13177\" data-droppicscategory=\"2189\" data-droppicssource=\"medium\" data-click=\"nothing\"\/><\/p>\n<p>Um mehr zu verkaufen, muss man mehr produzieren \u2013 oder nicht? Die Doku \u201eBuy Now: The Shopping Conspiracy\u201c enth\u00fcllt die versteckten Tricks bekannter Marken und veranschaulicht, wie sie ihre KonsumentInnen stets aufs Neue zum Kaufen animieren. Dabei kommen ehemalige hochrangige CEOs weltbekannter Konzerne zu Wort: ob Adidas, Apple, Amazon oder Unilever. Dar\u00fcber hinaus werden die Schattenseiten des Konsums beleuchtet, denn dieser verursacht Abfall \u2013 und am Ende bleibt die Frage: Wohin mit dem ganzen M\u00fcll?<\/p>\n<p>\u00a0<\/p>\n<p><strong>Ein Podcast.<\/strong><\/p>\n<p><strong>\u201eFemale Leadership \/ Dear Monday\u201c<\/strong> von Vera Strauch<strong>, <\/strong>Folge<strong> \u201eStrategisch in die eigene Wirksamkeit \u2013 mit der Blue Ocean Strategy\u201c<\/strong><\/p>\n<ul>&#13;<\/p>\n<li><strong>Zu h\u00f6ren bei: <\/strong>Spotify, Apple Podcasts, Youtube, radio.at, RTL+<\/li>\n<p>&#13;<\/p>\n<li><strong>Erscheinungstermin: <\/strong>August 2025<\/li>\n<p>&#13;<\/p>\n<li><strong>Dauer: <\/strong>51:48 Minuten<\/li>\n<p>&#13;\n<\/ul>\n<p><img decoding=\"async\" alt=\"Female-Leadership-PodcastFCFemale-Leadership\" src=\"https:\/\/www.europesays.com\/de\/wp-content\/uploads\/2025\/08\/Female-Leadership-PodcastFCFemale-Leadership.png\" class=\"imgInsert\" style=\"margin: auto; display: block;\" title=\"Ein Buch. Eine Doku. Ein Podcast #29\" data-title=\"\" droppics_id=\"13176\" data-droppicscategory=\"2189\" data-droppicssource=\"medium\" data-click=\"nothing\"\/><\/p>\n<p>Im Podcast \u201eFemale Leadership \/ Dear Monday\u201c spricht die digitale Unternehmerin Vera Strauch \u00fcber Themen, die uns sowohl im Arbeitsalltag als auch dar\u00fcber hinaus besch\u00e4ftigen: Sie hinterfragt bestehende Systeme und blickt \u00fcber den sprichw\u00f6rtlichen Tellerrand. In der Folge \u201eStrategisch in die eigene Wirksamkeit\u201c nimmt sie sich der \u201eBlue Ocean Strategie\u201c an. Dabei handelt es sich um ein Konzept aus der Unternehmenswelt, das auch die eigene Karriereplanung unterst\u00fctzt. Anhand acht konkreter Impulse zeigt Strauch, warum es sich lohnt, aus Vergleich und Konkurrenzdenken auszusteigen \u2013 und wie die eigenen St\u00e4rken erkannt und damit neue Wege in der Arbeitswelt beschritten werden k\u00f6nnen.<\/p>\n","protected":false},"excerpt":{"rendered":"In dieser Rubrik m\u00f6chten wir Ihnen kleine, aber feine Empfehlungen aus der bunten Welt der B\u00fccher, Dokus und&hellip;\n","protected":false},"author":2,"featured_media":312949,"comment_status":"","ping_status":"","sticky":false,"template":"","format":"standard","meta":{"footnotes":""},"categories":[1774],"tags":[97103,1784,1797,1785,97106,29,106,214,548,663,30,1433,97104,97105,16,215],"class_list":{"0":"post-348821","1":"post","2":"type-post","3":"status-publish","4":"format-standard","5":"has-post-thumbnail","7":"category-buecher","8":"tag-america-first","9":"tag-books","10":"tag-buch","11":"tag-buecher","12":"tag-der-trump-effekt","13":"tag-deutschland","14":"tag-donald-trump","15":"tag-entertainment","16":"tag-eu","17":"tag-europa","18":"tag-germany","19":"tag-oesterreich","20":"tag-othmar-karas","21":"tag-peter-l-eppinger","22":"tag-politik","23":"tag-unterhaltung"},"share_on_mastodon":{"url":"https:\/\/pubeurope.com\/@de\/115037476301683831","error":""},"_links":{"self":[{"href":"https:\/\/www.europesays.com\/de\/wp-json\/wp\/v2\/posts\/348821","targetHints":{"allow":["GET"]}}],"collection":[{"href":"https:\/\/www.europesays.com\/de\/wp-json\/wp\/v2\/posts"}],"about":[{"href":"https:\/\/www.europesays.com\/de\/wp-json\/wp\/v2\/types\/post"}],"author":[{"embeddable":true,"href":"https:\/\/www.europesays.com\/de\/wp-json\/wp\/v2\/users\/2"}],"replies":[{"embeddable":true,"href":"https:\/\/www.europesays.com\/de\/wp-json\/wp\/v2\/comments?post=348821"}],"version-history":[{"count":0,"href":"https:\/\/www.europesays.com\/de\/wp-json\/wp\/v2\/posts\/348821\/revisions"}],"wp:featuredmedia":[{"embeddable":true,"href":"https:\/\/www.europesays.com\/de\/wp-json\/wp\/v2\/media\/312949"}],"wp:attachment":[{"href":"https:\/\/www.europesays.com\/de\/wp-json\/wp\/v2\/media?parent=348821"}],"wp:term":[{"taxonomy":"category","embeddable":true,"href":"https:\/\/www.europesays.com\/de\/wp-json\/wp\/v2\/categories?post=348821"},{"taxonomy":"post_tag","embeddable":true,"href":"https:\/\/www.europesays.com\/de\/wp-json\/wp\/v2\/tags?post=348821"}],"curies":[{"name":"wp","href":"https:\/\/api.w.org\/{rel}","templated":true}]}}