{"id":348824,"date":"2025-08-16T08:23:23","date_gmt":"2025-08-16T08:23:23","guid":{"rendered":"https:\/\/www.europesays.com\/de\/348824\/"},"modified":"2025-08-16T08:23:23","modified_gmt":"2025-08-16T08:23:23","slug":"allgaeuer-sascha-stadler-kaempft-sich-nach-gehirnblutung-ins-leben-zurueck","status":"publish","type":"post","link":"https:\/\/www.europesays.com\/de\/348824\/","title":{"rendered":"Allg\u00e4uer Sascha Stadler k\u00e4mpft sich nach Gehirnblutung ins Leben zur\u00fcck"},"content":{"rendered":"<p class=\"mb-6 text-xs md:text-m lg:text-l font-serif group-[.font-sans]:font-sans \">\n    Er hatte eine Rockband, deren Musikvideo auf VIVA zu sehen war. Er war mit Udo Lindenberg im Kino. \u201eReservoir Dogs\u201c von Quentin Tarantino. Er hat aus einer v\u00f6llig unbekannten Musikgruppe eine der erfolgreichsten Rockbands Deutschlands gemacht: Revolverheld. Daf\u00fcr hat er 2015 den LEA-Award als \u201eK\u00fcnstlermanager des Jahres\u201c erhalten \u2013 eine der wichtigsten Auszeichnungen der Branche und f\u00fcr ihn ein pers\u00f6nlicher Ritterschlag.\n  <\/p>\n<ul data-module-id=\"DragDropModule\" class=\"flex flex-wrap justify-start group-[.no-bookmarks]:hidden\">\n<li class=\"mb-3 mr-3\">\n    Benjamin Schw\u00e4rzler<\/p>\n<p>      Icon Haken im Kreis gesetzt<\/p>\n<p>      Icon Plus im Kreis<\/p>\n<\/li>\n<li class=\"mb-3 mr-3\">\n    88171 Weiler-Simmerberg<\/p>\n<p>      Icon Haken im Kreis gesetzt<\/p>\n<p>      Icon Plus im Kreis<\/p>\n<\/li>\n<li class=\"mb-3 mr-3\">\n    Gehirnblutung<\/p>\n<p>      Icon Haken im Kreis gesetzt<\/p>\n<p>      Icon Plus im Kreis<\/p>\n<\/li>\n<\/ul>\n","protected":false},"excerpt":{"rendered":"Er hatte eine Rockband, deren Musikvideo auf VIVA zu sehen war. Er war mit Udo Lindenberg im Kino.&hellip;\n","protected":false},"author":2,"featured_media":348825,"comment_status":"","ping_status":"","sticky":false,"template":"","format":"standard","meta":{"footnotes":""},"categories":[1772],"tags":[29,214,30,1779,810,215],"class_list":{"0":"post-348824","1":"post","2":"type-post","3":"status-publish","4":"format-standard","5":"has-post-thumbnail","7":"category-musik","8":"tag-deutschland","9":"tag-entertainment","10":"tag-germany","11":"tag-music","12":"tag-musik","13":"tag-unterhaltung"},"share_on_mastodon":{"url":"https:\/\/pubeurope.com\/@de\/115037484356799604","error":""},"_links":{"self":[{"href":"https:\/\/www.europesays.com\/de\/wp-json\/wp\/v2\/posts\/348824","targetHints":{"allow":["GET"]}}],"collection":[{"href":"https:\/\/www.europesays.com\/de\/wp-json\/wp\/v2\/posts"}],"about":[{"href":"https:\/\/www.europesays.com\/de\/wp-json\/wp\/v2\/types\/post"}],"author":[{"embeddable":true,"href":"https:\/\/www.europesays.com\/de\/wp-json\/wp\/v2\/users\/2"}],"replies":[{"embeddable":true,"href":"https:\/\/www.europesays.com\/de\/wp-json\/wp\/v2\/comments?post=348824"}],"version-history":[{"count":0,"href":"https:\/\/www.europesays.com\/de\/wp-json\/wp\/v2\/posts\/348824\/revisions"}],"wp:featuredmedia":[{"embeddable":true,"href":"https:\/\/www.europesays.com\/de\/wp-json\/wp\/v2\/media\/348825"}],"wp:attachment":[{"href":"https:\/\/www.europesays.com\/de\/wp-json\/wp\/v2\/media?parent=348824"}],"wp:term":[{"taxonomy":"category","embeddable":true,"href":"https:\/\/www.europesays.com\/de\/wp-json\/wp\/v2\/categories?post=348824"},{"taxonomy":"post_tag","embeddable":true,"href":"https:\/\/www.europesays.com\/de\/wp-json\/wp\/v2\/tags?post=348824"}],"curies":[{"name":"wp","href":"https:\/\/api.w.org\/{rel}","templated":true}]}}