{"id":348851,"date":"2025-08-16T08:37:18","date_gmt":"2025-08-16T08:37:18","guid":{"rendered":"https:\/\/www.europesays.com\/de\/348851\/"},"modified":"2025-08-16T08:37:18","modified_gmt":"2025-08-16T08:37:18","slug":"diese-wichtigen-auffahrten-sind-bald-gesperrt","status":"publish","type":"post","link":"https:\/\/www.europesays.com\/de\/348851\/","title":{"rendered":"Diese wichtigen Auffahrten sind bald gesperrt"},"content":{"rendered":"<p>Einschr\u00e4nkungen im August <\/p>\n<p>Auffahrten an A36 und A39 bei Braunschweig gesperrt<\/p>\n<p>16.08.2025 &#8211; 09:06 UhrLesedauer: 1 Min.<\/p>\n<p><a href=\"#focus-0\" class=\"transition-colors duration-200 focus-within:text-magenta block text-current relative\" data-sctrack=\"FocusGalleryImage.Reference\"><img fetchpriority=\"high\" data-testid=\"Opener.Image\" style=\"--lqipURL:url('https:\/\/images.t-online.de\/2024\/11\/v7479ZQYWyCn\/0x209:4000x2250\/fit-in\/150x0\/filters:blur(25)\/image.jpg')\"   loading=\"eager\" src=\"https:\/\/www.europesays.com\/de\/wp-content\/uploads\/2025\/05\/1746631879_813_image.jpg\" alt=\"imago images 0367468780\" title=\"imago images 0367468780\" width=\"4000\" height=\"2250\" class=\"bg-[url:var(--lqipURL)] bg-cover bg-center flex h-full w-full max-w-full\" decoding=\"async\"\/><img style=\"--width:32;--height:32\" loading=\"lazy\" src=\"https:\/\/www.t-online.de\/s\/paper\/_next\/static\/media\/zoom-in.f7dae02f.svg\" alt=\"Vergr\u00f6\u00dfern des Bildes\" title=\"Vergr\u00f6\u00dfern des Bildes\" class=\"block h-[calc(var(--height)_\/_16_*_1rem)] w-[calc(var(--width)_\/_16_*_1rem)] max-w-none absolute bottom-8 right-8 rounded-4 bg-snow p-8\" decoding=\"async\"\/><\/a><\/p>\n<p>Eine Stra\u00dfe ist abgesperrt (Symbolbild): In Braunschweig m\u00fcssen Autofahrer n\u00e4chste Woche mit Einschr\u00e4nkungen rechen. (Quelle: Michael Gstettenbauer\/imago-images-bilder)<\/p>\n<p class=\"font-bold text-18 leading-17\">Autofahrer im Raum Braunschweig m\u00fcssen sich kommende Woche auf Sperrungen einstellen. Grund sind Reparaturen nach Unf\u00e4llen.<\/p>\n<p class=\"text-18 leading-17\">Autofahrer m\u00fcssen sich in der kommenden Woche auf Einschr\u00e4nkungen rund um <a class=\"transition-colors duration-200 cursor-pointer text-inherit no-underline text-salemsfur md:hover:text-magenta md:hover:border-magenta md:focus:text-magenta border-current border-b border-solid break-words\" href=\"https:\/\/www.t-online.de\/themen\/braunschweig\/\" data-sctrack=\"BodyAnchor\" target=\"_blank\" rel=\"noopener\">Braunschweig<\/a> einstellen. Wie die Autobahn GmbH am Freitag mitteilte, kommt es an zwei Tagen zu Sperrungen von Aus- und Auffahrten auf den Autobahnen A36 und A39.<\/p>\n<p class=\"text-18 leading-17\">Am Dienstag, 19. August, ist auf der A36 in der Anschlussstelle Fl\u00f6hte die Auffahrt in Richtung Braunschweig von voraussichtlich 9 bis 12 Uhr gesperrt. Verkehrsteilnehmende werden \u00fcber die Bedarfsumleitung U29 zur Anschlussstelle Wolfenb\u00fcttel-S\u00fcd gef\u00fchrt.<\/p>\n<p class=\"text-18 leading-17\">Einen Tag sp\u00e4ter, am Mittwoch, 20. August, betrifft es die A39: Dort ist in Fahrtrichtung <a class=\"transition-colors duration-200 cursor-pointer text-inherit no-underline text-salemsfur md:hover:text-magenta md:hover:border-magenta md:focus:text-magenta border-current border-b border-solid break-words\" href=\"https:\/\/www.t-online.de\/themen\/wolfsburg\/\" data-sctrack=\"BodyAnchor\" target=\"_blank\" rel=\"noopener\">Wolfsburg<\/a> die Ausfahrt der Anschlussstelle Braunschweig-R\u00fcningen-S\u00fcd von etwa 9 bis 11 Uhr dicht. Autofahrer werden gebeten, stattdessen an den Anschlussstellen Salzgitter-Thiede oder Braunschweig-R\u00fcningen-Nord abzufahren.<\/p>\n<p class=\"text-18 leading-17\">Grund f\u00fcr die Sperrungen sind nach Angaben der Autobahn GmbH in beiden F\u00e4llen Reparaturarbeiten an Schutzeinrichtungen nach Unfallsch\u00e4den. &#8222;Die Autobahn GmbH bittet um Verst\u00e4ndnis f\u00fcr die notwendigen Arbeiten und um erh\u00f6hte Aufmerksamkeit auf den Umleitungsstrecken&#8220;, hei\u00dft es in der Mitteilung.<\/p>\n","protected":false},"excerpt":{"rendered":"Einschr\u00e4nkungen im August Auffahrten an A36 und A39 bei Braunschweig gesperrt 16.08.2025 &#8211; 09:06 UhrLesedauer: 1 Min. Eine&hellip;\n","protected":false},"author":2,"featured_media":91917,"comment_status":"","ping_status":"","sticky":false,"template":"","format":"standard","meta":{"footnotes":""},"categories":[1850],"tags":[722,60567,6429,3364,29,2451,2785,548,663,3934,30,13,14,15,1411,5087,12,2224,1284],"class_list":{"0":"post-348851","1":"post","2":"type-post","3":"status-publish","4":"format-standard","5":"has-post-thumbnail","7":"category-braunschweig","8":"tag-722","9":"tag-auffahrt","10":"tag-braunschweig","11":"tag-de","12":"tag-deutschland","13":"tag-die-autobahn-gmbh-des-bundes","14":"tag-einschraenkung","15":"tag-eu","16":"tag-europa","17":"tag-europe","18":"tag-germany","19":"tag-headlines","20":"tag-nachrichten","21":"tag-news","22":"tag-niedersachsen","23":"tag-reparatur","24":"tag-schlagzeilen","25":"tag-sperrung","26":"tag-unfall"},"share_on_mastodon":{"url":"https:\/\/pubeurope.com\/@de\/115037539238512400","error":""},"_links":{"self":[{"href":"https:\/\/www.europesays.com\/de\/wp-json\/wp\/v2\/posts\/348851","targetHints":{"allow":["GET"]}}],"collection":[{"href":"https:\/\/www.europesays.com\/de\/wp-json\/wp\/v2\/posts"}],"about":[{"href":"https:\/\/www.europesays.com\/de\/wp-json\/wp\/v2\/types\/post"}],"author":[{"embeddable":true,"href":"https:\/\/www.europesays.com\/de\/wp-json\/wp\/v2\/users\/2"}],"replies":[{"embeddable":true,"href":"https:\/\/www.europesays.com\/de\/wp-json\/wp\/v2\/comments?post=348851"}],"version-history":[{"count":0,"href":"https:\/\/www.europesays.com\/de\/wp-json\/wp\/v2\/posts\/348851\/revisions"}],"wp:featuredmedia":[{"embeddable":true,"href":"https:\/\/www.europesays.com\/de\/wp-json\/wp\/v2\/media\/91917"}],"wp:attachment":[{"href":"https:\/\/www.europesays.com\/de\/wp-json\/wp\/v2\/media?parent=348851"}],"wp:term":[{"taxonomy":"category","embeddable":true,"href":"https:\/\/www.europesays.com\/de\/wp-json\/wp\/v2\/categories?post=348851"},{"taxonomy":"post_tag","embeddable":true,"href":"https:\/\/www.europesays.com\/de\/wp-json\/wp\/v2\/tags?post=348851"}],"curies":[{"name":"wp","href":"https:\/\/api.w.org\/{rel}","templated":true}]}}