{"id":348857,"date":"2025-08-16T08:41:11","date_gmt":"2025-08-16T08:41:11","guid":{"rendered":"https:\/\/www.europesays.com\/de\/348857\/"},"modified":"2025-08-16T08:41:11","modified_gmt":"2025-08-16T08:41:11","slug":"die-friedberger-stadtbuecherei-zieht-wegen-sanierung-um","status":"publish","type":"post","link":"https:\/\/www.europesays.com\/de\/348857\/","title":{"rendered":"Die Friedberger Stadtb\u00fccherei zieht wegen Sanierung um"},"content":{"rendered":"<p class=\"mb-6 text-xs md:text-m lg:text-l font-serif group-[.font-sans]:font-sans \">\n    Egal ob junge Menschen, die durch <a href=\"https:\/\/www.augsburger-allgemeine.de\/kultur\/booktok-tiktok-shop-statt-buchladen-anbieter-pruefen-108659527\" target=\"_self\" class=\"underline \" rel=\"nofollow noopener\">#BookTok<\/a> ihre Leidenschaft f\u00fcr das Lesen entdecken, oder \u201edie \u00e4ltere Dame, die bei einer Tasse Tee einen neuen Roman entdeckt\u201c, wie Stadtpfarrer Steffen Br\u00fchl im Pfarrbrief es zuletzt formulierte: Die Friedberger Stadtb\u00fccherei mit ihren rund 25.000 Medien &#8211; neben B\u00fcchern auch CDs, DVDs und digitale Formate &#8211; ist sehr gefragt mit \u00fcber 100.000 Ausleihen im letzten Jahr. Doch die zahlreiche Kundschaft muss sich bald eine Zeit lang gedulden und dann umstellen: Noch bis einschlie\u00dflich Sonntag ist sie zu den gewohnten \u00d6ffnungszeiten am angestammten Ort im Pfarrzentrum St. Jakob zu finden. Dann wird wegen des gro\u00dfen Umbaus gepackt und umgezogen: Erst ab voraussichtlich Sonntag, 5. Oktober, kann das Interimsquartier aufgesucht werden. Es befindet sich keinen Kilometer entfernt im Erdgeschoss der fr\u00fcheren Stadtsparkasse.\n  <\/p>\n<p>            Aufw\u00e4ndige Renovierung der Friedberger Stadtb\u00fccherei steht an<\/p>\n<p class=\"mb-6 text-xs md:text-m lg:text-l font-serif group-[.font-sans]:font-sans \">\n    Notwendig ist der Aufwand wegen <a href=\"https:\/\/www.augsburger-allgemeine.de\/friedberg\/friedberg-buecherei-und-cafe-divano-werden-zum-begegnungszentrum-103069851\" target=\"_self\" class=\"underline \" rel=\"nofollow noopener\">des im September 2024 vom Stadtrat abgesegneten Umbaus<\/a>: Das im selben Geb\u00e4ude untergebrachte Caf\u00e9 Divano wird au\u00dfen wie innen mit der Bibliothek verbunden; unter anderem wird es einen gemeinsamen barrierefreien Eingang geben. Den gr\u00f6\u00dften Teil des st\u00e4dtischen Budgets von fast 900.000 Euro werden aber die neuen M\u00f6bel verschlingen, insbesondere nat\u00fcrlich Regale, in denen die Medien untergebracht sind. Das Team hofft, die renovierten R\u00e4ume bereits zum 110. Jubil\u00e4um der B\u00fccherei &#8211; seit 1916 wird sie von der Kirchenstiftung betrieben &#8211; beziehen zu k\u00f6nnen. Mit welchen Einschr\u00e4nkungen m\u00fcssen die Besucherinnen und Besucher f\u00fcr die Zeit der Auslagerung rechnen?\n  <\/p>\n<p>            B\u00fccherei bleibt in Friedberg, aber das Angebot wird reduziert<\/p>\n<p class=\"mb-6 text-xs md:text-m lg:text-l font-serif group-[.font-sans]:font-sans \">\n    Es lohnt sich f\u00fcr Lesebegeisterte, sich noch einmal so richtig einzudecken, wie Manuela Mack vom ehrenamtlichen Team der von der Kirche getragenen und der Stadt gef\u00f6rderten B\u00fccherei erkl\u00e4rt: \u201eAlle Leihfristen dauern  bis Ende Oktober, wir haben uns f\u00fcr den Umzug noch ein bisschen Puffer gelassen. Keiner muss da Angst vor Mahngeb\u00fchren haben.\u201c Im Ausweichquartier will die B\u00fccherei, sobald der Umzug hoffentlich planm\u00e4\u00dfig \u00fcber die B\u00fchne gegangen ist, die gewohnten \u00d6ffnungszeiten einhalten. Doch ansonsten wird es Einbu\u00dfen geben: Der Platz f\u00fcr die Medien sei in der vor\u00fcbergehenden Bleibe wohl um einiges kleiner. Daher wird voraussichtlich \u00fcberwiegend die Kinder- und Jugendliteratur angeboten, zus\u00e4tzlich einige Romane. Der restliche Bestand, vor allem die Sachb\u00fccher, wird im Pfarrzentrum eingelagert: \u201eLeider ist der dann erstmal nicht verf\u00fcgbar, der Raum ist relativ klein und was zum Beispiel ganz hinten steht, da kommen wir nicht ran.\u201c\n  <\/p>\n<p>    <img decoding=\"async\" src=\"https:\/\/images.mgpd.de\/img\/110603098\/crop\/c16_9-w100\/1302381573\/1393921628\/cm4a3401jpg.jpg\" alt=\"Die Stadtb\u00fccherei Friedberg wird im Ausweichquartier nur eingeschr\u00e4nkt Platz haben. \" title=\"Die Stadtb\u00fccherei Friedberg wird im Ausweichquartier nur eingeschr\u00e4nkt Platz haben. \" class=\"h-full w-full object-cover\"\/><\/p>\n<p>      Icon vergr\u00f6\u00dfern<\/p>\n<p>    Die Stadtb\u00fccherei Friedberg wird im Ausweichquartier nur eingeschr\u00e4nkt Platz haben.<br \/>\n    Foto: Eva Tradt<\/p>\n<p>        Schlie\u00dfen <\/p>\n<p>      Icon Schlie\u00dfen<\/p>\n<p>        Icon vergr\u00f6\u00dfern<\/p>\n<p>        Icon verkleinern<\/p>\n<p>      Icon Pfeil bewegen<\/p>\n<p>    Die Stadtb\u00fccherei Friedberg wird im Ausweichquartier nur eingeschr\u00e4nkt Platz haben.<br \/>\n    Foto: Eva Tradt<\/p>\n<p class=\"mb-6 text-xs md:text-m lg:text-l font-serif group-[.font-sans]:font-sans \">\n    Doch eine Alternative bietet das Online-Angebot \u201eLEO-SUED\u201c (LEsen Online SUEDbayern), an dem <a href=\"https:\/\/www.augsburger-allgemeine.de\/friedberg\/ort\/friedberg\" target=\"_self\" class=\"underline \" rel=\"nofollow noopener\">Friedberg<\/a> sich beteiligt: Auf der Seite dieses Verbunds k\u00f6nnen alle mit B\u00fcchereiausweis auf Inhalte zugreifen &#8211; vor allem f\u00fcr die \u201eDurstrecke\u201c w\u00e4hrend des Umzugs eine gute Alternative. W\u00e4hrend der Zeit in der Sparkasse muss sich generell viel nach Hause verlagern, so Mack: \u201eWir k\u00f6nnen noch nicht absch\u00e4tzten, wie viel Platz wir haben, aber es wird sicher kaum Leseecken oder \u00e4hnliches geben, daf\u00fcr ist es dort zu beengt.\u201c\n  <\/p>\n<p class=\"mb-6 text-xs md:text-m lg:text-l font-serif group-[.font-sans]:font-sans \">\n    Doch ein wesentlicher Bestandteil wird nat\u00fcrlich weiterlaufen: Das IT-System bleibt aktiv, es k\u00f6nnen sich auch durchgehend Leute neu registrieren lassen, wenn sie etwa neu zugezogen sind. Und dann k\u00f6nnen sie sich gemeinsam mit der Stammkundschaft und dem Team auf die neu gestalteten R\u00e4umlichkeiten freuen.\n  <\/p>\n<ul data-module-id=\"DragDropModule\" class=\"flex flex-wrap justify-start group-[.no-bookmarks]:hidden\">\n<li class=\"mb-3 mr-3\">\n    Michael Probst<\/p>\n<p>      Icon Haken im Kreis gesetzt<\/p>\n<p>      Icon Plus im Kreis<\/p>\n<\/li>\n<li class=\"mb-3 mr-3\">\n    86316 Friedberg<\/p>\n<p>      Icon Haken im Kreis gesetzt<\/p>\n<p>      Icon Plus im Kreis<\/p>\n<\/li>\n<li class=\"mb-3 mr-3\">\n    Stadtb\u00fccherei<\/p>\n<p>      Icon Haken im Kreis gesetzt<\/p>\n<p>      Icon Plus im Kreis<\/p>\n<\/li>\n<\/ul>\n","protected":false},"excerpt":{"rendered":"Egal ob junge Menschen, die durch #BookTok ihre Leidenschaft f\u00fcr das Lesen entdecken, oder \u201edie \u00e4ltere Dame, die&hellip;\n","protected":false},"author":2,"featured_media":348858,"comment_status":"","ping_status":"","sticky":false,"template":"","format":"standard","meta":{"footnotes":""},"categories":[1846],"tags":[680,772,3364,29,548,663,3934,30,13,14,15,12],"class_list":{"0":"post-348857","1":"post","2":"type-post","3":"status-publish","4":"format-standard","5":"has-post-thumbnail","7":"category-augsburg","8":"tag-augsburg","9":"tag-bayern","10":"tag-de","11":"tag-deutschland","12":"tag-eu","13":"tag-europa","14":"tag-europe","15":"tag-germany","16":"tag-headlines","17":"tag-nachrichten","18":"tag-news","19":"tag-schlagzeilen"},"share_on_mastodon":{"url":"https:\/\/pubeurope.com\/@de\/115037554921538432","error":""},"_links":{"self":[{"href":"https:\/\/www.europesays.com\/de\/wp-json\/wp\/v2\/posts\/348857","targetHints":{"allow":["GET"]}}],"collection":[{"href":"https:\/\/www.europesays.com\/de\/wp-json\/wp\/v2\/posts"}],"about":[{"href":"https:\/\/www.europesays.com\/de\/wp-json\/wp\/v2\/types\/post"}],"author":[{"embeddable":true,"href":"https:\/\/www.europesays.com\/de\/wp-json\/wp\/v2\/users\/2"}],"replies":[{"embeddable":true,"href":"https:\/\/www.europesays.com\/de\/wp-json\/wp\/v2\/comments?post=348857"}],"version-history":[{"count":0,"href":"https:\/\/www.europesays.com\/de\/wp-json\/wp\/v2\/posts\/348857\/revisions"}],"wp:featuredmedia":[{"embeddable":true,"href":"https:\/\/www.europesays.com\/de\/wp-json\/wp\/v2\/media\/348858"}],"wp:attachment":[{"href":"https:\/\/www.europesays.com\/de\/wp-json\/wp\/v2\/media?parent=348857"}],"wp:term":[{"taxonomy":"category","embeddable":true,"href":"https:\/\/www.europesays.com\/de\/wp-json\/wp\/v2\/categories?post=348857"},{"taxonomy":"post_tag","embeddable":true,"href":"https:\/\/www.europesays.com\/de\/wp-json\/wp\/v2\/tags?post=348857"}],"curies":[{"name":"wp","href":"https:\/\/api.w.org\/{rel}","templated":true}]}}