{"id":348866,"date":"2025-08-16T08:46:12","date_gmt":"2025-08-16T08:46:12","guid":{"rendered":"https:\/\/www.europesays.com\/de\/348866\/"},"modified":"2025-08-16T08:46:12","modified_gmt":"2025-08-16T08:46:12","slug":"was-der-dfb-pokal-im-preussenstadion-aendert","status":"publish","type":"post","link":"https:\/\/www.europesays.com\/de\/348866\/","title":{"rendered":"Was der DFB-Pokal im Preu\u00dfenstadion \u00e4ndert"},"content":{"rendered":"<p class=\"fp-paragraph\">Nach zwei Free-TV-Spielen im DFB-Pokal gegen Bayern und Stuttgart  wird es am Montag fast ein gew\u00f6hnliches Duell mit <strong>Hertha BSC<\/strong> f\u00fcr <strong>Preu\u00dfen M\u00fcnster<\/strong>. Der organisatorische Aufwand ist jedenfalls geringer als 2023 und 2024, unterscheidet sich aber vom Zweitliga-Alltag.<\/p>\n<p>Jetzt weiterlesen mit<\/p>\n<p>im 1. Monat<\/p>\n<p>0,99 \u20ac*<a href=\"https:\/\/abo.wn.de\/Digital+Basis.htm?utm_source=Website&amp;utm_medium=Layer&amp;utm_campaign=noUEG&amp;pwlayer=plus&amp;ezobjectid=3371693\" class=\"fp-button fp-button__primary fp-paywall-action-submit\" style=\"background-color: #000000;\" rel=\"nofollow noopener\" target=\"_blank\">weiter<\/a>*danach 9,90 \u20ac \/ Monat<\/p>\n<p>monatlich k\u00fcndbar<\/p>\n<p class=\"fp-article-paywall__plan--description\">freier Zugriff auf alle WN+ Inhalte und die News-App<\/p>\n<p><strong>Wochenabo<\/strong><\/p>\n<p>1 \u20ac<a href=\"https:\/\/abo.wn.de\/Digital+Basis.htm?utm_source=Website&amp;utm_medium=Layer&amp;utm_campaign=noUEG&amp;pwlayer=plus&amp;ezobjectid=3371693\" class=\"fp-button fp-button__primary fp-paywall-action-submit\" style=\"background-color: #000000;\" rel=\"nofollow noopener\" target=\"_blank\">weiter<\/a>ab dem 2. Jahr 2 \u20ac \/ Woche<\/p>\n<p>monatlich k\u00fcndbar<\/p>\n<p class=\"fp-article-paywall__plan--description\">freier Zugriff auf alle WN+ Inhalte und die News-App<\/p>\n<p><strong>Jahrespass<\/strong><\/p>\n<p>79 \u20ac<a href=\"https:\/\/abo.wn.de\/Digital+Basis+Jahresabo.htm?utm_source=Website&amp;utm_medium=Layer&amp;utm_campaign=noUEG&amp;pwlayer=plus&amp;ezobjectid=3371693\" class=\"fp-button fp-button__primary fp-paywall-action-submit\" style=\"background-color: #000000;\" rel=\"nofollow noopener\" target=\"_blank\">weiter<\/a>ab dem 2. Jahr 9,90 \u20ac \/ Monat<\/p>\n<p class=\"fp-article-paywall__plan--description\">freier Zugriff auf alle WN+ Inhalte und die News-App<\/p>\n<p>Sie sind bereits Abonnent? <a title=\"Hier einloggen\" alt=\"Hier einloggen\" href=\"https:\/\/account.wn.de\/login?redurl=https:\/\/www.wn.de\/sport\/lokalsport\/preussen-muenster\/dfb-pokal-lvm-preussenstadion-aenderungen-regeln-hertha-bsc-3371693?pid=true&amp;ueg=default\" rel=\"nofollow noopener\" target=\"_blank\"><a href=\"https:\/\/account.wn.de\/login?redurl=https:\/\/www.wn.de\/sport\/lokalsport\/preussen-muenster\/dfb-pokal-lvm-preussenstadion-aenderungen-regeln-hertha-bsc-3371693?pid=true&amp;ueg=default\" rel=\"nofollow noopener\" target=\"_blank\">Jetzt anmelden<\/a><\/p>\n","protected":false},"excerpt":{"rendered":"Nach zwei Free-TV-Spielen im DFB-Pokal gegen Bayern und Stuttgart wird es am Montag fast ein gew\u00f6hnliches Duell mit&hellip;\n","protected":false},"author":2,"featured_media":348867,"comment_status":"","ping_status":"","sticky":false,"template":"","format":"standard","meta":{"footnotes":""},"categories":[1843],"tags":[3364,29,30,8970,1209],"class_list":{"0":"post-348866","1":"post","2":"type-post","3":"status-publish","4":"format-standard","5":"has-post-thumbnail","7":"category-muenster","8":"tag-de","9":"tag-deutschland","10":"tag-germany","11":"tag-muenster","12":"tag-nordrhein-westfalen"},"share_on_mastodon":{"url":"https:\/\/pubeurope.com\/@de\/115037574875694735","error":""},"_links":{"self":[{"href":"https:\/\/www.europesays.com\/de\/wp-json\/wp\/v2\/posts\/348866","targetHints":{"allow":["GET"]}}],"collection":[{"href":"https:\/\/www.europesays.com\/de\/wp-json\/wp\/v2\/posts"}],"about":[{"href":"https:\/\/www.europesays.com\/de\/wp-json\/wp\/v2\/types\/post"}],"author":[{"embeddable":true,"href":"https:\/\/www.europesays.com\/de\/wp-json\/wp\/v2\/users\/2"}],"replies":[{"embeddable":true,"href":"https:\/\/www.europesays.com\/de\/wp-json\/wp\/v2\/comments?post=348866"}],"version-history":[{"count":0,"href":"https:\/\/www.europesays.com\/de\/wp-json\/wp\/v2\/posts\/348866\/revisions"}],"wp:featuredmedia":[{"embeddable":true,"href":"https:\/\/www.europesays.com\/de\/wp-json\/wp\/v2\/media\/348867"}],"wp:attachment":[{"href":"https:\/\/www.europesays.com\/de\/wp-json\/wp\/v2\/media?parent=348866"}],"wp:term":[{"taxonomy":"category","embeddable":true,"href":"https:\/\/www.europesays.com\/de\/wp-json\/wp\/v2\/categories?post=348866"},{"taxonomy":"post_tag","embeddable":true,"href":"https:\/\/www.europesays.com\/de\/wp-json\/wp\/v2\/tags?post=348866"}],"curies":[{"name":"wp","href":"https:\/\/api.w.org\/{rel}","templated":true}]}}