{"id":348991,"date":"2025-08-16T09:53:24","date_gmt":"2025-08-16T09:53:24","guid":{"rendered":"https:\/\/www.europesays.com\/de\/348991\/"},"modified":"2025-08-16T09:53:24","modified_gmt":"2025-08-16T09:53:24","slug":"inklusive-bikerfahrt-durch-den-saalekreis","status":"publish","type":"post","link":"https:\/\/www.europesays.com\/de\/348991\/","title":{"rendered":"Inklusive Bikerfahrt durch den Saalekreis"},"content":{"rendered":"<p><img decoding=\"async\" src=\"https:\/\/www.europesays.com\/de\/wp-content\/uploads\/2025\/08\/motorrad42-678x381.jpg\" alt=\"Motorrad\" title=\"motorrad42\"\/><br \/>\n\t\u00a9 H@llAnzeiger<\/p>\n<p>Merseburg\/LKS. Das Inklusionsteam des Saalekreises veranstaltet gemeinsam mit dem Evangelischen Kirchenkreis Merseburg am Samstag, den <strong>30. August 2025<\/strong> eine \u201eInklusive Bikerrundfahrt\u201c durch den s\u00fcdlichen Landkreis.<\/p>\n<p>Mit einem Biker-Gottesdienst im Merseburger Dom startet die Tour und f\u00fchrt die Bikerinnen und Biker nach einem Zwischenstopp am Geiseltalsee nach W\u00fcsteneutzsch.<\/p>\n<p>\u201eDie Ausfahrt bringt Motorradbegeisterte mit und ohne Behinderung zusammen und setzt ein Zeichen f\u00fcr gelebte Inklusion, Teilhabe und gemeinsames Erleben im \u00f6ffentlichen Raum. Unter dem Motto: \u201eMenschen verbinden \u2013 Teilhabe aufbauen\u201c ist es das Ziel, Barrieren abzubauen und Begegnungen zu erm\u00f6glichen\u201c, betont Annett Hellwig, Dezernentin f\u00fcr Gesundheit, Soziales und Bildung des Landkreises Saalekreis.<\/p>\n<p>Ablauf<\/p>\n<p><strong>10.00 bis 11.30 Uhr<\/strong><br \/>Er\u00f6ffnung der Veranstaltung im Merseburger Dom mit Biker-Gottesdienst und Musik von Blues Projekt Vesta<\/p>\n<p><strong>11.30 Uhr<\/strong><br \/>Abfahrt Richtung Geiseltalsee<\/p>\n<p><strong>12.30 Uhr<\/strong><br \/>Weiterfahrt Richtung W\u00fcsteneutzsch<\/p>\n<p><strong>ca. 13.15 Uhr<\/strong><br \/>Ankunft und gemeinsamer Abschluss an der Schleusenruine W\u00fcsteneutzsch<\/p>\n<p>Motorradfahrende, die mitfahren und auf diese Weise unterst\u00fctzen m\u00f6chten, k\u00f6nnen sich gerne anmelden (keine Bedingung) unter:\u00a0<a href=\"https:\/\/www.hallanzeiger.de\/aktuelle_lokale_nachrichten\/mailto:teilhabemanagement@saalekreis.de\" rel=\"nofollow noopener\" target=\"_blank\">teilhabemanagement@saalekreis.de<\/a>.<\/p>\n<p>Interessierte B\u00fcrgerinnen und B\u00fcrger und Institutionen f\u00fcr Menschen mit Behinderung k\u00f6nnen ohne Anmeldung teilnehmen. Zur besseren Planbarkeit bittet der Saalekreis um eine kurze Information per E-Mail:\u00a0<a href=\"https:\/\/www.hallanzeiger.de\/aktuelle_lokale_nachrichten\/mailto:teilhabemanagement@saalekreis.de\" rel=\"nofollow noopener\" target=\"_blank\">teilhabemanagement@saalekreis.de<\/a><\/p>\n","protected":false},"excerpt":{"rendered":"\u00a9 H@llAnzeiger Merseburg\/LKS. Das Inklusionsteam des Saalekreises veranstaltet gemeinsam mit dem Evangelischen Kirchenkreis Merseburg am Samstag, den 30.&hellip;\n","protected":false},"author":2,"featured_media":348992,"comment_status":"","ping_status":"","sticky":false,"template":"","format":"standard","meta":{"footnotes":""},"categories":[1860],"tags":[3364,29,548,663,3934,30,4062,17332,13,14,15,17331,860,12],"class_list":{"0":"post-348991","1":"post","2":"type-post","3":"status-publish","4":"format-standard","5":"has-post-thumbnail","7":"category-halle-saale","8":"tag-de","9":"tag-deutschland","10":"tag-eu","11":"tag-europa","12":"tag-europe","13":"tag-germany","14":"tag-halle","15":"tag-halle-saale","16":"tag-headlines","17":"tag-nachrichten","18":"tag-news","19":"tag-saale","20":"tag-sachsen-anhalt","21":"tag-schlagzeilen"},"share_on_mastodon":{"url":"https:\/\/pubeurope.com\/@de\/115037838153050435","error":""},"_links":{"self":[{"href":"https:\/\/www.europesays.com\/de\/wp-json\/wp\/v2\/posts\/348991","targetHints":{"allow":["GET"]}}],"collection":[{"href":"https:\/\/www.europesays.com\/de\/wp-json\/wp\/v2\/posts"}],"about":[{"href":"https:\/\/www.europesays.com\/de\/wp-json\/wp\/v2\/types\/post"}],"author":[{"embeddable":true,"href":"https:\/\/www.europesays.com\/de\/wp-json\/wp\/v2\/users\/2"}],"replies":[{"embeddable":true,"href":"https:\/\/www.europesays.com\/de\/wp-json\/wp\/v2\/comments?post=348991"}],"version-history":[{"count":0,"href":"https:\/\/www.europesays.com\/de\/wp-json\/wp\/v2\/posts\/348991\/revisions"}],"wp:featuredmedia":[{"embeddable":true,"href":"https:\/\/www.europesays.com\/de\/wp-json\/wp\/v2\/media\/348992"}],"wp:attachment":[{"href":"https:\/\/www.europesays.com\/de\/wp-json\/wp\/v2\/media?parent=348991"}],"wp:term":[{"taxonomy":"category","embeddable":true,"href":"https:\/\/www.europesays.com\/de\/wp-json\/wp\/v2\/categories?post=348991"},{"taxonomy":"post_tag","embeddable":true,"href":"https:\/\/www.europesays.com\/de\/wp-json\/wp\/v2\/tags?post=348991"}],"curies":[{"name":"wp","href":"https:\/\/api.w.org\/{rel}","templated":true}]}}