{"id":349119,"date":"2025-08-16T11:07:10","date_gmt":"2025-08-16T11:07:10","guid":{"rendered":"https:\/\/www.europesays.com\/de\/349119\/"},"modified":"2025-08-16T11:07:10","modified_gmt":"2025-08-16T11:07:10","slug":"werder-bremen-im-liveticker-gegen-vfl-osnabrueck-testspiel-jetzt-live","status":"publish","type":"post","link":"https:\/\/www.europesays.com\/de\/349119\/","title":{"rendered":"Werder Bremen im Liveticker gegen VfL Osnabr\u00fcck: Testspiel JETZT LIVE!"},"content":{"rendered":"<ol class=\"id-DonaldBreadcrumb lp_west_breadcrumb id-DonaldBreadcrumb--default\" data-k5a-pos=\"west_breadcrumb\">\n<li class=\"id-Breadcrumb-item\"><a href=\"https:\/\/www.deichstube.de\/\" class=\"id-Breadcrumb-link\" data-id-ec=\"{\" shn=\"\" textlink=\"\" data-k5a-pos=\"1_deichstube\" rel=\"nofollow noopener\" target=\"_blank\">DeichStube<\/a><\/li>\n<li class=\"id-Breadcrumb-item\"><a href=\"https:\/\/www.deichstube.de\/news\/\" class=\"id-Breadcrumb-link\" data-id-ec=\"{\" shn=\"\" textlink=\"\" data-k5a-pos=\"2_news\" rel=\"nofollow noopener\" target=\"_blank\">News<\/a><\/li>\n<\/ol>\n<p class=\"id-Story-timestamp id-Story-timestamp--default\">Stand: 16.08.2025, 13:04 Uhr<\/p>\n<p class=\"id-Story-authors id-Story-authors--default\">Von: <a class=\"id-Story-authors-link lp_west_author\" href=\"https:\/\/www.deichstube.de\/autor\/tom-springer-74rzfahx.html\" title=\"Zur Autorenseite von Tom Springer\" data-id-ec=\"{\" shn=\"\" author-link=\"\" springer=\"\" data-k5a-pos=\"west_author\" rel=\"nofollow noopener\" target=\"_blank\">Tom Springer<\/a><\/p>\n<p class=\"id-Story-interactionBar id-Story-interactionBar--default\">DruckenTeilen<\/p>\n<p><img decoding=\"async\" class=\"id-RatioPlaceholder-element wv_story_el_image\" src=\"https:\/\/www.europesays.com\/de\/wp-content\/uploads\/2025\/08\/39339535-werder-bremen-im-liveticker-gegen-den-vfl-osnabrueck-leon-opitz-rechts-vergab-in-der-ersten.jpeg\" loading=\"eager\" fetchpriority=\"high\"   height=\"619\" width=\"1100\" alt=\"Werder Bremen im Liveticker gegen den VfL Osnabr&#xFC;ck: Leon Opitz (rechts) vergab in der ersten Halbzeit die beste Chance der Bremer in diesem Testspiel.\"\/>Werder Bremen im Liveticker gegen den VfL Osnabr\u00fcck: Leon Opitz (rechts) vergab in der ersten Halbzeit die beste Chance der Bremer in diesem Testspiel. \u00a9\u00a0gumzmedia<\/p>\n<p class=\"id-StoryElement-leadText\">Werder Bremen im Liveticker gegen den VfL Osnabr\u00fcck: Alle Tore, News und Infos &#8211; alles zum Testspiel live im Liveticker der DeichStube. Aktueller Spielstand: 0:0<\/p>\n<p class=\"id-StoryElement-paragraph\"><strong>&gt;&gt;&gt; <a href=\"https:\/\/www.deichstube.de\/news\/werder-bremen-liveticker-vfl-osnabrueck-horst-steffen-testspiel-vorbericht-samstag-weserstadion-platz-11-live-ticker-zr-93884704.html\" class=\"id-import-Link\" data-id-ec=\"{&quot;sht&quot;:&quot;Container&quot;,&quot;shn&quot;:&quot;Story&quot;,&quot;p&quot;:{&quot;containerType&quot;:&quot;Paragraph&quot;,&quot;displayType&quot;:&quot;Paragraph InlineLink&quot;,&quot;type&quot;:&quot;INLINE_LINK&quot;,&quot;value&quot;:&quot;LIVETICKER AKTUALISIEREN&quot;,&quot;variant&quot;:&quot;standardLink&quot;,&quot;sponsored&quot;:false,&quot;linkHref&quot;:&quot;https:\/\/www.deichstube.de\/news\/werder-bremen-liveticker-vfl-osnabrueck-horst-steffen-testspiel-vorbericht-samstag-weserstadion-platz-11-live-ticker-zr-93884704.html&quot;,&quot;storyElementPosition&quot;:8,&quot;storyElementCount&quot;:29}}\" rel=\"nofollow noopener\" target=\"_blank\">LIVETICKER AKTUALISIEREN<\/a><br \/>\n<\/strong><\/p>\n<p><strong>48. Min:<\/strong>Der VfL hat gleich mehrmals gewechselt. Unter anderem ist St\u00fcrmer Bernd Riesselmann f\u00fcr Robin Meissner neu dabei.\n<\/p>\n<p><strong>46. Min: Horst Steffen hat in der Pause einmal gewechselt: Salim Musah ist f\u00fcr Mbangula, der ja bereits in Bielefeld immerhin 30 Minuten gespielt hatte, neu dabei.<\/strong>\n<\/p>\n<p><strong>46. Min: Und weiter geht\u2018s&#8230;<\/strong>\n<\/p>\n<p><strong>13.00 Uhr:<\/strong>Die Spieler kommen zur\u00fcck auf den Rasen. Gleich geht\u2018s weiter.\n<\/p>\n<p><strong>12.55 Uhr: <\/strong>Nach dem <a href=\"https:\/\/www.deichstube.de\/news\/werder-bremen-pressekonferenz-nach-dfb-pokal-aus-arminia-bielefeld-video-horst-steffen-mitch-kniat-bundesliga-zr-93885884.html\" class=\"id-import-Link\" data-id-ec=\"{&quot;sht&quot;:&quot;Container&quot;,&quot;shn&quot;:&quot;Story&quot;,&quot;p&quot;:{&quot;containerType&quot;:&quot;Paragraph&quot;,&quot;displayType&quot;:&quot;Paragraph InlineLink&quot;,&quot;type&quot;:&quot;INLINE_LINK&quot;,&quot;value&quot;:&quot;DFB-Pokal-Aus bei Arminia Bielefeld hat sich Horst Steffen, Trainer des SV Werder Bremen, auf der Pressekonferenz&quot;,&quot;variant&quot;:&quot;standardLink&quot;,&quot;sponsored&quot;:false,&quot;linkHref&quot;:&quot;https:\/\/www.deichstube.de\/news\/werder-bremen-pressekonferenz-nach-dfb-pokal-aus-arminia-bielefeld-video-horst-steffen-mitch-kniat-bundesliga-zr-93885884.html&quot;,&quot;storyElementPosition&quot;:8,&quot;storyElementCount&quot;:29}}\" rel=\"nofollow noopener\" target=\"_blank\">DFB-Pokal-Aus bei Arminia Bielefeld hat sich Horst Steffen, Trainer des SV Werder Bremen, auf der Pressekonferenz<\/a> den Fragen der Medien gestellt &#8211; die komplette PK im Video seht ihr hier:<\/p>\n<p>Werder Bremen im Liveticker gegen VfL Osnabr\u00fcck: Halbzeit!<\/p>\n<p class=\"id-StoryElement-paragraph\"><strong>12.47 Uhr: Danach ist Halbzeit. Bei \u00fcberschaubarem Niveau steht es zur Pause 0:0. Mehr vom Spiel und die besseren Chancen hatte hier aber eindeutig der SV Werder. Die Ungenauigkeiten und zum Teil in dieser Konstellation auch fehlende Eingespieltheit verhindern es aber, dass die Bremer den VfL vollends dominieren k\u00f6nnen.<\/strong><\/p>\n<p><strong>45. Min: Wieder bricht Opitz \u00fcber rechts mit seinem Tempo durch, ehe er mit seiner Flanke Topp am F\u00fcnfmeterraum findet. Der Mittelst\u00fcrmer kann den Ball aber nicht richtig runterdr\u00fccken und k\u00f6pft so dr\u00fcber.<\/strong><\/p>\n<p><strong>43. Min:<\/strong> Werder l\u00e4sst hier aus dem Spiel heraus bisher weiter wenig zu, kl\u00e4rt aber oftmals auf Kosten einer Ecke. Irgendwann kann so eine dann auch bei einem ungef\u00e4hrlichen Gegner mal reinfallen&#8230; <\/p>\n<p><strong>41. Min: Richtig stark gespielt von Werder! Opitz startet am eigenen Strafraum und setzt sein Tempo ein, um mehrere Osnabr\u00fccker hinter sich zu lassen. Am gegnerischen Strafraum schickt Opitz den einstartenden Topp, der wieder auf Opitz ablegen will. Der Lockenkopf w\u00e4re v\u00f6llig frei vorm Tor gewesen, kann das Zuspiel aber nicht erreichen. Schade!<\/strong><\/p>\n<p><strong>39. Min: <\/strong>Mbangula wird an der rechten Strafraumkante gefoult und holt so einen Freisto\u00df heraus. Diesen schl\u00e4gt Hansen-Aar\u00f6en gef\u00e4hrlich in den Strafraum, aber Adeh springt am Ball vorbei. Der VfL kann daraufhin kl\u00e4ren.<\/p>\n<p><strong>34. Min: Uiuiuiui, da war mehr drin: Nach einer Ecke kommt ein Osnabr\u00fccker am zweiten Pfosten aus f\u00fcnf Metern v\u00f6llig blank zum Kopfball. Dennoch bringt er es fertig, das Leder ein gutes St\u00fcck \u00fcber das Tor zu k\u00f6pfen. Da war Gegenspieler Opitz \u00fcberhaupt nicht auf der H\u00f6he.<\/strong><\/p>\n<p><strong>33. Min: <\/strong>Dennoch: Werder ist hier schon das spielbestimmende Team. Hinten lassen sie wenig anbrennen und nach vorne gibt es die ber\u00fchmt-ber\u00fcchtigten Ans\u00e4tze. Abgesehen von den Chancen f\u00fcr Topp und Opitz ist der Ertrag daraus bisher aber einfach zu gering.<\/p>\n<p><strong>32. Min:<\/strong> Werder f\u00fchrt eine Ecke kurz aus, ehe doch die Flanke in den Sechzehner kommt und dort auf den Kopf eines Osnabr\u00fcckers f\u00e4llt. Gesch\u00e4tzter Abstand zum am n\u00e4chsten stehenden Bremer: 2,5 Meter.<\/p>\n<p><strong>30. Min: LATTE! Opitz kommt halbrechts im Strafraum an den Ball und zieht ab. \u00dcber die Fingerspitzen des Keepers klatscht das Leder ans Aluminium. Kurz zuvor war Opitz bereits \u00fcber die rechte Seite durchgebrochen. Seinen R\u00fcckpass von der Grundlinie konnte aber kein Bremer erreichen.<\/strong><\/p>\n<p><strong>27. Min: <\/strong>Kurze Info von der Trib\u00fcne: Friedl, Bittencourt, Gr\u00fcll und Covic schauen sich das bisher \u00fcberschaubare Spektakel live vor Ort an.<\/p>\n<p><strong>26. Min:<\/strong> Werder presst wieder den Osnabr\u00fccker Torwart, aber hier sieht man, dass das noch nicht ganz sitzt: Zu leicht kann sich der VfL l\u00f6sen. Selbst gef\u00e4hrlich werden die G\u00e4ste aber auch dieses Mal nicht.<\/p>\n<p><strong>24. Min: Kleiner Schreckmoment: Mbangula wird gestempelt und bleibt kurz liegen. Inzwischen humpelt der Fl\u00fcgelst\u00fcrmer noch etwas f\u00fcr ihn hin. Es geht aber weiter.<\/strong><\/p>\n<p>Werder Bremen im Liveticker gegen VfL Osnabr\u00fcck: Werder-Talente bem\u00fcht, aber zu ungenau!<\/p>\n<p class=\"id-StoryElement-paragraph\"><strong>23. Min:<\/strong> das n\u00e4chste Beispiel: Werder befreit sich \u00fcber Hansen-Aar\u00f6en eigentlich gut aus dem Osnabr\u00fccker Druck, doch dann bringt der Norweger einen Pass \u00fcber wenige Meter nicht an den mitgelaufenen Wagner.<\/p>\n<p><strong>22. Min:<\/strong> Aber: Das gilt genauso f\u00fcr die Osnabr\u00fccker, bei denen gerade ein Diagonalball ins Seitenaus segelte.<\/p>\n<p><strong>20. Min:<\/strong> Salifou wird im Mittelfeld attackiert und spielt dann einen Querpass zur\u00fcck in die Abwehr. Der ist allerdings derart ungenau, dass Malatini den Ball nur wegschlagen kann. Es sind kleine Ungenauigkeiten wie diese, die bei der zusammengew\u00fcrfelten Bremer Mannschaft bisher keinen richtigen Spielfluss zulassen.<\/p>\n<p><strong>18. Min: <\/strong>Mbangula verspringt bei der Annahme eines \u2013 zugegeben \u2013 ungenauen Zuspiels der Ball im Mittelfeld. Werders Neuzugang ist hier durchaus bem\u00fcht, aber noch recht gl\u00fccklos. Die Spielpraxis wird ihm aber sicherlich guttun.<\/p>\n<p><strong>16. Min: <\/strong>Freisto\u00df f\u00fcr Osnabr\u00fcck von der rechten Seite, doch der Ball kommt flach an die F\u00fcnferkante, wo Backhaus ihn als zweites Fr\u00fchst\u00fcck dankend aufnimmt.<\/p>\n<p><strong>14. Min:<\/strong> Wieder presst Werder fr\u00fch, doch als sie die Osnabr\u00fccker gerade in die Ecke gedr\u00e4ngt haben, verliert Mbangula die Standfestigkeit, wodurch sich der VfL doch noch befreien kann.<\/p>\n<p><strong>12. Min: Die erste VfL-Chance! Schumacher schl\u00e4gt eine Flanke von rechts, die Kammerbauer nur knapp verpasst. So prallt der Ball ans Bein von Werders Wagner, von wo das Leder \u00fcber das Tor fliegt. Die wird nicht gef\u00e4hrlich<\/strong><\/p>\n<p><strong>11. Min:<\/strong> Auch Werder geht fr\u00fch drauf. Opitz l\u00e4uft bis ganz vorne durch und st\u00f6rt Torwart Jonsson im Spielaufbau. Aus dessen ungenauem Zuspiel k\u00f6nnen die Bremer aber kein Kapital schlagen.<\/p>\n<p><strong>8. Min: Erste gute Chance f\u00fcr Werder! Mbangula schl\u00e4gt eine Ecke von links in den Sechzehner, wo der Ball Keke Topp auf den Fu\u00df f\u00e4llt. Der Mittelst\u00fcrmer fackelt nicht lange und zieht ab. Sein Schuss ger\u00e4t allerdings zu zentral und landet so in den Armen des VfL-Keepers.<\/strong><\/p>\n<p><strong>6. Min:<\/strong> Empfindlicher Bremer Ballverlust im Mittelfeld, aber Salifou kommt rechtzeitig dazwischen, ehe der Osnabr\u00fccker mit viel Wiese vor sich starten kann.<\/p>\n<p><strong>5. Min:<\/strong> Werder schiebt den Ball hier kontrolliert durch die eigenen Reihen, aber ein langer Diagonalball auf Rechtsverteidiger Schmetgens ger\u00e4t zu weit.<\/p>\n<p><strong>2. Min: <\/strong>Aber auch Werder ist mit Intensit\u00e4t dabei. Erst geht Coulibaly dazwischen, dann kl\u00e4rt Hansen-Aar\u00f6en ins Seitenaus.<\/p>\n<p><strong>1. Min: <\/strong>Fr\u00fcher Stresstest f\u00fcr die junge Bremer Mannschaft. Der VfL steht sehr hoch und setzt Werder unter Druck.<\/p>\n<p>Werder Bremen im Liveticker gegen VfL Osnabr\u00fcck: Mit vielen Talenten \u2013 das Spiel l\u00e4uft!<\/p>\n<p class=\"id-StoryElement-paragraph\"><strong>1. Min: Werder st\u00f6\u00dft an. Das Spiel l\u00e4uft<\/strong>\n<\/p>\n<p><strong>11.59 Uhr: <\/strong>Da kommen die Teams: Backhaus f\u00fchrt den SV Werder als Kapit\u00e4n aufs Feld.\n<\/p>\n<p><strong>11.57 Uhr: <\/strong>Die Ersatzspieler sind bereits da, gleich laufen die Mannschaften ein. Ebenfalls vor Ort \u00fcbrigens: Peter Niemeyer und Clemens Fritz. Die d\u00fcrften sich nach gestern Abend auch einen angenehmeren Termin als den heutigen vorstellen k\u00f6nnen.\n<\/p>\n<p><strong>11.50 Uhr:<\/strong>In zehn Minuten geht\u2018s los. Von allzu gro\u00dfer Bedeutung ist das Spiel nat\u00fcrlich nicht. F\u00fcr einzelne Akteure ist es aber nochmal die Chance, sich zu vor dem Bundesliga-Auftakt gegen Eintracht Frankfurt zu zeigen. In Bielefeld haben sich schlie\u00dflich gleich mehrere Profis nicht gerade mit Ruhm bekleckert&#8230;\n<\/p>\n<p><strong>11.30 Uhr: <\/strong>F\u00fcr Mio Backhaus k\u00f6nnte es bekanntlich heute das erste Spiel als inoffizielle Nummer eins des SV Werder sein. <a href=\"https:\/\/www.deichstube.de\/news\/werder-bremen-michael-zetterer-weint-nach-dfb-pokal-aus-svw-abschied-wechsel-transfer-eintracht-frankfurt-arminia-bielefeld-zr-93885660.html\" class=\"id-import-Link\" data-id-ec=\"{&quot;sht&quot;:&quot;Container&quot;,&quot;shn&quot;:&quot;Story&quot;,&quot;p&quot;:{&quot;containerType&quot;:&quot;Paragraph&quot;,&quot;displayType&quot;:&quot;Paragraph InlineLink&quot;,&quot;type&quot;:&quot;INLINE_LINK&quot;,&quot;value&quot;:&quot;Michael Zetterer steht bekanntlich kurz vor einem Wechsel zu Eintracht Frankfurt und vergoss &#x2013; wohl deshalb &#x2013; nach dem Ausscheiden gestern Abend bittere Tr&#xE4;nen&quot;,&quot;variant&quot;:&quot;standardLink&quot;,&quot;sponsored&quot;:false,&quot;linkHref&quot;:&quot;https:\/\/www.deichstube.de\/news\/werder-bremen-michael-zetterer-weint-nach-dfb-pokal-aus-svw-abschied-wechsel-transfer-eintracht-frankfurt-arminia-bielefeld-zr-93885660.html&quot;,&quot;storyElementPosition&quot;:17,&quot;storyElementCount&quot;:29}}\" rel=\"nofollow noopener\" target=\"_blank\">Michael Zetterer steht bekanntlich kurz vor einem Wechsel zu Eintracht Frankfurt und vergoss \u2013 wohl deshalb \u2013 nach dem Ausscheiden gestern Abend bittere Tr\u00e4nen<\/a>. Frische Info vom Kollegen BJarne Voigt vor Ort: Zetterer ist gerade vom Stadion weggefahren. Ob er so schnell nochmal wieder kommt&#8230;?\n<\/p>\n<p><strong>11.22 Uhr:<\/strong>Die Teams sind da und kommen zum Aufw\u00e4rmen auf den Platz! Nebenan am Trainingsplatz l\u00e4uft Jens Stage \u00fcbrigens gerade seine Runden. Immerhin ein kleiner Fortschritt beim verletzten D\u00e4nen!<\/p>\n<p>Werder Bremen im Liveticker gegen VfL Osnabr\u00fcck: Die Aufstellungen sind da!<\/p>\n<p class=\"id-StoryElement-paragraph\"><strong>11.20 Uhr: Osnabr\u00fcck-Trainer Timo Schultz schickt seine Mannschaft wie folgt ins Rennen: Jonsson \u2013 Henning, Meissner, Schumacher, Jacobsen, Kehl, M\u00fcller, Wiemann, Fabinski, Kammerbauer, Badjie. Auf der Bank sitzen: Sauter \u2013 Christensen, Karademir, Tesche, Goguadze, Ihorst, Wiethaup, Janotta, Riesselmann, Lesueur, Wagner, Kopacz.<\/strong><\/p>\n<p><strong>11.15 Uhr:<\/strong> Es ist also der erwartete Mix bei Werder: Neben Profis ohne Einsatz in Bielefeld \u2013 namentlich Backhaus, Malatini, Opitz, Salifou und Hansen-Aar\u00f6en \u2013  sind mit Schmetgens, Wagner, Coulibaly und Adeh gleich drei Talente dabei. Dazu kommen mit Mbangula und Topp zudem sogar zwei Profis, die gestern eingewechselt wurden. Mal schauen, wie lange sie heute spielen.<\/p>\n<p><strong>11 Uhr: Und da ist die Aufstellung des SV Werder Bremen: Backhaus &#8211; Schmetgens, Malatini, Coulibaly, Wagner \u2013 Adeh, Salifou \u2013 Opitz, Hansen-Aar\u00f6en, Mbangula \u2013 Topp. Auf der Bank sitzen zun\u00e4chst: Smarkalev &#8211; Musah, Mbock, Bellmann, Heitmann, R\u00f6cker und Baum.\u00a0<\/strong><\/p>\n<p><strong>10.55 Uhr:<\/strong> Moin aus der DeichStube am gro\u00dfen Werder-Kater-Tag nach dem krachenden Pokal-Aus in Bielefeld. In einer Stunde empfangen die Gr\u00fcn-Wei\u00dfen auf \u201ePlatz 11\u201c am Weserstadion den Drittligisten VfL Osnabr\u00fcck. Dabei sollen die Profis und Talente, die gestern nicht zum Einsatz kamen, nochmal wichtige Spielpraxis sammeln. In K\u00fcrze erfahren wir, wie Horst Steffen sein Team nach einer wohl kurzen Nacht aufstellt&#8230;<\/p>\n<p>Der\u00a0<strong>SV Werder Bremen<\/strong>\u00a0trifft am heutigen Samstag im Testspiel auf den <strong>VfL Osnabr\u00fcck<\/strong>. Anpfiff im Stadion \u201ePlatz 11\u201c ist um 12 Uhr, der\u00a0<strong>DeichStube-Liveticker<\/strong>\u00a0startet hier gegen 11 Uhr mit den Startelf-Aufstellungen beider Mannschaften. Alle Tore, News, Infos und Highlights gibt es dann hier \u2013 heute alles live im\u00a0<strong>Live-Ticker\u00a0<\/strong>der DeichStube.<\/p>\n<p><strong>Weiter zum Vorbericht: <\/strong><\/p>\n<p>Spielpraxis und Bew\u00e4hrungsprobe: Werder Bremen will im Test gegen Osnabr\u00fcck letzte Erkenntnisse sammeln<\/p>\n<p class=\"id-StoryElement-paragraph\">Der <strong>SV Werder Bremen <\/strong>bestreitet am Samstag (12 Uhr im <strong>DeichStube-Liveticker<\/strong>) ein Testspiel gegen den <strong>VfL Osnabr\u00fcck<\/strong>. Der Vorbericht der DeichStube.\n<\/p>\n<p>Bremen \u2013 Unabh\u00e4ngig vom Ausgang des <a href=\"https:\/\/www.deichstube.de\/news\/werder-bremen-dfb-pokal-aus-spaeter-schock-arminia-bielefeld-spielbericht-liveticker-rote-karte-leonardo-bittencourt-zr-93883060.html\" class=\"id-import-Link\" data-id-ec=\"{&quot;sht&quot;:&quot;Container&quot;,&quot;shn&quot;:&quot;Story&quot;,&quot;p&quot;:{&quot;containerType&quot;:&quot;Paragraph&quot;,&quot;displayType&quot;:&quot;Paragraph InlineLink&quot;,&quot;type&quot;:&quot;INLINE_LINK&quot;,&quot;value&quot;:&quot;DFB-Pokal-Spiels bei Arminia Bielefeld am Freitagabend (20.45 Uhr im DeichStube-Liveticker) wird der SV Werder Bremen&quot;,&quot;variant&quot;:&quot;standardLink&quot;,&quot;sponsored&quot;:false,&quot;linkHref&quot;:&quot;https:\/\/www.deichstube.de\/news\/werder-bremen-dfb-pokal-aus-spaeter-schock-arminia-bielefeld-spielbericht-liveticker-rote-karte-leonardo-bittencourt-zr-93883060.html&quot;,&quot;storyElementPosition&quot;:24,&quot;storyElementCount&quot;:29}}\" rel=\"nofollow noopener\" target=\"_blank\">DFB-Pokal-Spiels bei Arminia Bielefeld am Freitagabend (20.45 Uhr im DeichStube-Liveticker) wird der <strong>SV Werder Bremen<\/strong><\/a> nur wenige Stunden nach Abpfiff erneut f\u00fcr Gespr\u00e4chsstoff sorgen. Zwar ist vom Testspiel gegen den <strong>VfL Osnabr\u00fcck<\/strong> am Samstag (12 Uhr\/<strong>DeichStube-Live-Ticker<\/strong>) nicht mal ansatzweise so viel abh\u00e4ngig wie von der Partie am Vorabend. Allerdings d\u00fcrfte auch das Spiel gegen den Drittligisten, das unter Ausschluss der \u00d6ffentlichkeit auf \u201ePlatz 11\u201c am Weserstadion stattfindet, f\u00fcr das Trainer-Team um Horst Steffen und die zahlreichen Beobachter des SV Werder interessante Erkenntnisse liefern.<\/p>\n<p>Testspiel zwischen Werder Bremen und VfL Osnabr\u00fcck im Liveticker: Bremer Reservisten und Talente gegen starke VfL-Auswahl<\/p>\n<p class=\"id-StoryElement-paragraph\">Denn die Partie gegen den <a href=\"https:\/\/www.deichstube.de\/news\/werder-bremen-live-tv-testspiel-heute-livestream-vfl-osnabrueck-live-stream-samstag-test-kostenlos-fernsehen-sky-internet-youtube-zr-93884966.html\" class=\"id-import-Link\" data-id-ec=\"{&quot;sht&quot;:&quot;Container&quot;,&quot;shn&quot;:&quot;Story&quot;,&quot;p&quot;:{&quot;containerType&quot;:&quot;Paragraph&quot;,&quot;displayType&quot;:&quot;Paragraph InlineLink&quot;,&quot;type&quot;:&quot;INLINE_LINK&quot;,&quot;value&quot;:&quot;VfL Osnabr&#xFC;ck (live im Livestream) soll vor allem dazu dienen, den Reservisten und zahlreichen Talenten des SV Werder Bremen&quot;,&quot;variant&quot;:&quot;standardLink&quot;,&quot;sponsored&quot;:false,&quot;linkHref&quot;:&quot;https:\/\/www.deichstube.de\/news\/werder-bremen-live-tv-testspiel-heute-livestream-vfl-osnabrueck-live-stream-samstag-test-kostenlos-fernsehen-sky-internet-youtube-zr-93884966.html&quot;,&quot;storyElementPosition&quot;:27,&quot;storyElementCount&quot;:29}}\" rel=\"nofollow noopener\" target=\"_blank\"><strong>VfL Osnabr\u00fcck<\/strong> (live im Livestream) soll vor allem dazu dienen, den Reservisten und zahlreichen Talenten des<strong> SV Werder Bremen<\/strong><\/a>, die in Bielefeld nicht zum Einsatz kommen, nochmal Spielzeit zu bescheren. Da die G\u00e4ste nicht f\u00fcr den DFB-Pokal qualifiziert sind und auch die 3. Liga an diesem Wochenende pausiert, d\u00fcrfte Trainer und Ex-Bremer Timo Schultz dagegen eine starke Mannschaft auf den Platz stellen, um nach dem bescheidenden Saisonstart (ein Punkt aus vier Spielen) weiter an der Eingespieltheit zu arbeiten. Unter anderem auf die Bremer Nachwuchsspieler um Wesley Adeh, Salim Musah und Co. wartet somit auch eine k\u00f6rperliche Bew\u00e4hrungsprobe.<\/p>\n<p>Wiedersehen mit dem Ex im Live-Ticker: F\u00fcr wen das Testspiel zwischen Werder Bremen und dem VfL Osnabr\u00fcck besonders ist.<\/p>\n<p class=\"id-StoryElement-paragraph\">Gleichzeitig kommt es f\u00fcr einige Akteure auf beiden Seiten zu einem Wiedersehen. Beim <strong>SV Werder Bremen<\/strong> k\u00f6nnen Felix Agu und Christian Gro\u00df auf eine Vergangenheit an der Bremer Br\u00fccke zur\u00fcckblicken. W\u00e4hrend Au\u00dfenverteidiger Agu am <a href=\"https:\/\/www.deichstube.de\/news\/werder-bremen-noten-arminia-bielefeld-dfb-pokal-felix-agu-leonardo-bittencourt-niklas-stark-leistung-kritik-bewertung-93883652.html\" class=\"id-import-Link\" data-id-ec=\"{&quot;sht&quot;:&quot;Container&quot;,&quot;shn&quot;:&quot;Story&quot;,&quot;p&quot;:{&quot;containerType&quot;:&quot;Paragraph&quot;,&quot;displayType&quot;:&quot;Paragraph InlineLink&quot;,&quot;type&quot;:&quot;INLINE_LINK&quot;,&quot;value&quot;:&quot;Freitagabend in Bielefeld zur Werder-Startelf&quot;,&quot;variant&quot;:&quot;standardLink&quot;,&quot;sponsored&quot;:false,&quot;linkHref&quot;:&quot;https:\/\/www.deichstube.de\/news\/werder-bremen-noten-arminia-bielefeld-dfb-pokal-felix-agu-leonardo-bittencourt-niklas-stark-leistung-kritik-bewertung-93883652.html&quot;,&quot;storyElementPosition&quot;:29,&quot;storyElementCount&quot;:29}}\" rel=\"nofollow noopener\" target=\"_blank\">Freitagabend in Bielefeld zur Werder-Startelf<\/a> geh\u00f6ren und daher nicht gegen seinen Jugend-Club (2010 bis 2020) zum Einsatz kommen d\u00fcrfte, wird Gro\u00df gegen seinen Ex-Verein (2014-2018) als Co-Trainer auf der Bank sitzen. F\u00fcr den VfL k\u00f6nnten sich Luc Ihorst, Niklas Wiemann, Fridolin Wagner und Kevin Schumacher, die vorwiegend in der Bremer U23 zum Einsatz gekommen waren, gegen ihren Ex-Verein beweisen. (tos)<\/p>\n","protected":false},"excerpt":{"rendered":"DeichStube News Stand: 16.08.2025, 13:04 Uhr Von: Tom Springer DruckenTeilen Werder Bremen im Liveticker gegen den VfL Osnabr\u00fcck:&hellip;\n","protected":false},"author":2,"featured_media":349120,"comment_status":"","ping_status":"","sticky":false,"template":"","format":"standard","meta":{"footnotes":""},"categories":[136],"tags":[29,30,265],"class_list":{"0":"post-349119","1":"post","2":"type-post","3":"status-publish","4":"format-standard","5":"has-post-thumbnail","7":"category-sport","8":"tag-deutschland","9":"tag-germany","10":"tag-sport"},"share_on_mastodon":{"url":"https:\/\/pubeurope.com\/@de\/115038129061444729","error":""},"_links":{"self":[{"href":"https:\/\/www.europesays.com\/de\/wp-json\/wp\/v2\/posts\/349119","targetHints":{"allow":["GET"]}}],"collection":[{"href":"https:\/\/www.europesays.com\/de\/wp-json\/wp\/v2\/posts"}],"about":[{"href":"https:\/\/www.europesays.com\/de\/wp-json\/wp\/v2\/types\/post"}],"author":[{"embeddable":true,"href":"https:\/\/www.europesays.com\/de\/wp-json\/wp\/v2\/users\/2"}],"replies":[{"embeddable":true,"href":"https:\/\/www.europesays.com\/de\/wp-json\/wp\/v2\/comments?post=349119"}],"version-history":[{"count":0,"href":"https:\/\/www.europesays.com\/de\/wp-json\/wp\/v2\/posts\/349119\/revisions"}],"wp:featuredmedia":[{"embeddable":true,"href":"https:\/\/www.europesays.com\/de\/wp-json\/wp\/v2\/media\/349120"}],"wp:attachment":[{"href":"https:\/\/www.europesays.com\/de\/wp-json\/wp\/v2\/media?parent=349119"}],"wp:term":[{"taxonomy":"category","embeddable":true,"href":"https:\/\/www.europesays.com\/de\/wp-json\/wp\/v2\/categories?post=349119"},{"taxonomy":"post_tag","embeddable":true,"href":"https:\/\/www.europesays.com\/de\/wp-json\/wp\/v2\/tags?post=349119"}],"curies":[{"name":"wp","href":"https:\/\/api.w.org\/{rel}","templated":true}]}}