{"id":349171,"date":"2025-08-16T11:34:10","date_gmt":"2025-08-16T11:34:10","guid":{"rendered":"https:\/\/www.europesays.com\/de\/349171\/"},"modified":"2025-08-16T11:34:10","modified_gmt":"2025-08-16T11:34:10","slug":"reaktionen-auf-trump-putin-treffen-westliche-laender-kritisieren-fehlende-ergebnisse-lob-aus-ungarn","status":"publish","type":"post","link":"https:\/\/www.europesays.com\/de\/349171\/","title":{"rendered":"Reaktionen auf Trump-Putin-Treffen: Westliche L\u00e4nder kritisieren fehlende Ergebnisse \u2013 Lob aus Ungarn"},"content":{"rendered":"<p class=\"paragraph article__item\">Nach dem <a href=\"https:\/\/www.zeit.de\/politik\/ausland\/2025-08\/donald-trump-wladimir-putin-gipfel-alaska-gipfel-ukraine\" class=\"\" target=\"_blank\" rel=\"nofollow noopener\">ergebnislosen Treffen des US-Pr\u00e4sidenten Donald Trump mit dem russischen Pr\u00e4sidenten Wladimir Putin<\/a> in Alaska zum anhaltenden russischen <a href=\"https:\/\/www.zeit.de\/thema\/krieg-in-ukraine\" class=\"\" target=\"_blank\" rel=\"nofollow noopener\">Angriffskrieg gegen die Ukraine<\/a> zeigen sich viele europ\u00e4ische Spitzenpolitiker best\u00fcrzt \u00fcber das Ergebnis. So schrieb der franz\u00f6sische\u00a0Pr\u00e4sident <a href=\"https:\/\/x.com\/EmmanuelMacron\/status\/1956663209206624451\" class=\"\" target=\"_blank\" rel=\"nofollow\">Emmanuel Macron auf X<\/a>, es sei essenziell, die Unterst\u00fctzung der <a class=\"rtr-entity\" href=\"https:\/\/www.zeit.de\/politik\/ausland\/ukraine-krieg-news-liveblog\" rel=\"nofollow noopener\" target=\"_blank\">Ukraine<\/a> weiterzuf\u00fchren und den Druck auf Russland beizubehalten. Jeder dauerhafte Frieden m\u00fcsse mit\u00a0unverr\u00fcckbaren Sicherheitsgarantien einhergehen. In dem Zusammenhang begr\u00fc\u00dfe er die Bereitschaft der USA, einen Beitrag zu leisten, und erinnerte an &#8222;die seit langem bestehenden Tendenz Russlands, seine eigenen Verpflichtungen nicht einzuhalten&#8220;.\n<\/p>\n<p class=\"paragraph article__item\">Der britische Premierminister Keir Starmer erkl\u00e4rte: &#8222;Solange Putin seinen Angriff nicht einstellt, werden wir die Daumenschrauben f\u00fcr seine Kriegsmaschinerie mit noch mehr Sanktionen anziehen.&#8220;\n<\/p>\n<p class=\"paragraph article__item\">Der norwegische Au\u00dfenminister Espen Barth Eide sagte, Putin habe &#8222;bekannte Argumente wiederholt&#8220; und damit die illegale Invasion der Ukraine gerechtfertigt. Norwegen sehe &#8222;keinerlei Bewegung in der russischen Position.&#8220;\n<\/p>\n<p class=\"paragraph article__item\">Die tschechische Verteidigungsministerin <a href=\"https:\/\/x.com\/jana_cernochova\/status\/1956594917746020467\" class=\"\" target=\"_blank\" rel=\"nofollow\">Jana \u010cernochov\u00e1 schrieb auf X<\/a>, das Treffen habe &#8222;keine grundlegenden Fortschritte im Hinblick auf die Beendigung des Krieges in der Ukraine gebracht&#8220;. Vielmehr habe es &#8222;die wahren Motive und die Denkweise von Wladimir Putin offenbart&#8220;. So strebe er nicht nach Frieden, &#8222;sondern nach einer Gelegenheit, die Einheit des Westens zu schw\u00e4chen und seine Propaganda zu verbreiten&#8220;.\n<\/p>\n<p>        &#8222;Putin geht als Sieger hervor&#8220;        <\/p>\n<p class=\"paragraph article__item\">Aus Deutschland \u00e4u\u00dferte sich unter anderem der\u00a0stellvertretende Unionsfraktionschef Norbert R\u00f6ttgen. Es seien zwar offensichtlich keine konkreten Absprachen getroffen worden, &#8222;Putin geht trotzdem als Sieger aus dem Gipfel hervor&#8220;. Er habe eine vor Kurzem noch unvorstellbare diplomatische Aufwertung durch den US-Pr\u00e4sidenten erfahren und es erneut geschafft, Trump von seinen Sanktionsandrohungen abzubringen.\n<\/p>\n<p class=\"paragraph article__item\">Auch CDU-Au\u00dfenpolitiker Roderich Kiesewetter sieht &#8222;kein gutes Ergebnis&#8220;. Es sei &#8222;eher ein schwarzer Freitag&#8220; gewesen, sagte\u00a0<a href=\"https:\/\/www.tagesschau.de\/multimedia\/video\/video-1496522.html\" class=\"\" target=\"_blank\" rel=\"nofollow noopener\">Kiesewetter\u00a0im ARD-Morgenmagazin<\/a>. Es gebe weder einen Waffenstillstand noch ernsthafte Konsequenzen, sondern &#8222;eine Einladung von Trump nach Moskau&#8220;. Putin habe kein Interesse an Verhandlungen, au\u00dfer, um sich wieder auf Augenh\u00f6he auf der internationalen B\u00fchne zu pr\u00e4sentieren. Das sei Putin &#8222;eindeutig gelungen&#8220;. Er wirke rehabilitiert, w\u00e4hrend der Krieg fortgesetzt wird.\n<\/p>\n<p>        &#8222;Man muss jetzt ohne Washington eine L\u00f6sung finden&#8220;        <\/p>\n<p class=\"paragraph article__item\">Auch der ehemalige Leiter der M\u00fcnchner Sicherheitskonferenz, Wolfgang Ischinger, zeigte sich entt\u00e4uscht. &#8222;Ganz klar 1:0 f\u00fcr Putin \u2013 keine neuen Sanktionen&#8220;, schrieb <a href=\"https:\/\/x.com\/ischinger\/status\/1956497440883822856\" class=\"\" target=\"_blank\" rel=\"nofollow\">Ischinger auf X<\/a>. Putin habe seinen roten Teppich mit Trump bekommen, Trump und die Ukraine dagegen nichts.\n<\/p>\n<p>                            \u00a9\u00a0Lea Dohle<\/p>\n<p>\n                                        Newsletter<br \/>\n                                        Was jetzt? \u2013 Der t\u00e4gliche Morgen\u00fcberblick<\/p>\n<p class=\"newsletter-signup__text\">Starten Sie mit unserem kurzen Nachrichten-Newsletter in den Tag. Erhalten Sie zudem freitags den US-Sonderletter &#8222;Was jetzt, America?&#8220; sowie das digitale Magazin ZEIT am Wochenende.<\/p>\n<p class=\"newsletter-signup__datapolicy\" hidden=\"\">\n            Mit Ihrer Registrierung nehmen Sie die <a href=\"https:\/\/datenschutz.zeit.de\/zon#Newsletter\" target=\"_blank\" rel=\"nofollow noopener\">Datenschutzerkl\u00e4rung<\/a> zur Kenntnis.\n        <\/p>\n<p>    Vielen Dank! Wir haben Ihnen eine E-Mail geschickt.<\/p>\n<p>Pr\u00fcfen Sie Ihr Postfach und best\u00e4tigen Sie das Newsletter-Abonnement.<\/p>\n<p class=\"paragraph article__item\">Der Linkenvorsitzende Jan van Aken dr\u00e4ngt auf neue L\u00f6sungswege. &#8222;Man muss jetzt ohne Washington eine L\u00f6sung finden&#8220;, <a href=\"https:\/\/www.deutschlandfunk.de\/nach-alaska-gipfel-zur-ukraine-interview-jan-van-aken-linken-co-vorsitzender-100.html\" class=\"\" target=\"_blank\" rel=\"nofollow noopener\">sagte van Aken im Deutschlandfunk<\/a>. &#8222;Trump ist die Ukraine vollkommen egal. Trump kennt nur sich selbst, die USA und deren Interessen. Der ist eher bereit, einen schmutzigen Wirtschaftsdeal mit Putin zu machen, als die Ukraine zu retten.&#8220; Van Aken pl\u00e4dierte daf\u00fcr, stattdessen China verst\u00e4rkt in die Bem\u00fchungen um einen Friedensschluss in der Ukraine einzubeziehen. Mache ein starker Verb\u00fcndeter einer kriegsf\u00fchrenden Partei Druck, dann k\u00f6nne sich der kriegsf\u00fchrende Staat dem eigentlich nicht entziehen, sagte van Aken.\n<\/p>\n<p>                        Lob aus Italien und Ungarn        <\/p>\n<p class=\"paragraph article__item\">Positive T\u00f6ne gab es aus Italien und Ungarn. Die italienische Ministerpr\u00e4sidentin Giorgia Meloni erkl\u00e4rte: &#8222;Endlich hat sich ein<br \/>\nHoffnungsschimmer f\u00fcr Friedensgespr\u00e4che in der Ukraine aufgetan&#8220;. Italien leiste seinen Beitrag, gemeinsam mit seinen<br \/>\nwestlichen Verb\u00fcndeten.\n<\/p>\n<p class=\"paragraph article__item\">Der ungarische\u00a0Ministerpr\u00e4sident Viktor Orb\u00e1n schrieb auf Facebook: &#8222;Seit Jahren beobachten wir, wie die beiden gr\u00f6\u00dften Atomm\u00e4chte den Rahmen ihrer Zusammenarbeit zerst\u00f6ren und einander drohen. Jetzt ist es vorbei.&#8220; Auch Au\u00dfenminister\u00a0P\u00e9ter Szijj\u00e1rt\u00f3\u00a0sprach auf X seine Anerkennung f\u00fcr die Pr\u00e4sidenten aus: &#8222;Die Welt ist ein sicherer Ort, solange es einen Dialog zwischen den USA und Russland auf h\u00f6chster Ebene gibt.&#8220;<\/p>\n<p class=\"paragraph article__item\">Nach dem Gipfel in <a class=\"rtr-entity\" href=\"https:\/\/www.zeit.de\/thema\/alaska\" rel=\"nofollow noopener\" target=\"_blank\">Alaska<\/a> waren <a href=\"https:\/\/www.zeit.de\/politik\/ausland\/2025-08\/trump-putin-alaska-video-ukraine\" class=\"\" target=\"_blank\" rel=\"nofollow noopener\">keine konkreten Ergebnisse bekannt geworden<\/a>. Trump und Putin beendeten ihr Treffen ohne \u00c4u\u00dferungen<br \/>\nzu einer m\u00f6glichen Waffenruhe. Trump sprach zwar von<br \/>\nEinigungen in wichtigen Punkten, nannte jedoch keine Details. Auch Putin<br \/>\n erw\u00e4hnte Vereinbarungen, die Ausgangspunkt f\u00fcr eine L\u00f6sung sein k\u00f6nnten. Auch er wurde nicht konkret.\n<\/p>\n<p>Thema<\/p>\n<p>                <a href=\"https:\/\/www.zeit.de\/politik\/ausland\/2025-08\/donald-trump-wladimir-putin-gipfel-alaska-gipfel-ukraine\" data-ct-label=\"Trump-Putin-Gipfel in Alaska: No Deal\" rel=\"nofollow noopener\" target=\"_blank\"><\/p>\n<p>        Z+ (abopflichtiger Inhalt);<\/p>\n<p>    Trump-Putin-Gipfel in Alaska:<br \/>\n                        No Deal<\/p>\n<p>                <\/a><\/p>\n<p>                <a href=\"https:\/\/www.zeit.de\/politik\/ausland\/2025-08\/alaska-donald-trump-wladimir-putin-pressestimmen\" data-ct-label=\"Presseschau zum Alaska-Gipfel: &quot;Widerlich. Besch\u00e4mend. Und letztendlich nutzlos&quot;\" rel=\"nofollow noopener\" target=\"_blank\"><\/p>\n<p>                        Presseschau zum Alaska-Gipfel:<br \/>\n                        &#8222;Widerlich. Besch\u00e4mend. Und letztendlich nutzlos&#8220;<\/p>\n<p>                <\/a><\/p>\n<p>                <a href=\"https:\/\/www.zeit.de\/politik\/ausland\/2025-08\/trump-putin-alaska-video-ukraine\" data-ct-label=\"Trump und Putin: Das Treffen in Alaska in der Videozusammenfassung\" rel=\"nofollow noopener\" target=\"_blank\"><\/p>\n<p>                        Trump und Putin:<br \/>\n                        Das Treffen in Alaska in der Videozusammenfassung<\/p>\n<p>                <\/a><\/p>\n<p class=\"paragraph article__item\">Wie das \u00c9lys\u00e9e-B\u00fcro in einer Erkl\u00e4rung am Samstagmorgen mitteilte, kam<br \/>\nes nach dem Treffen au\u00dferdem zu einem Telefonat zwischen Trump und<br \/>\neurop\u00e4ischen Regierungschefs. Anwesend waren neben dem franz\u00f6sischen<br \/>\nPr\u00e4sidenten Emmanuel Macron auch der ukrainische Pr\u00e4sident Wolodymyr<br \/>\nSelenskyj, Bundeskanzler Friedrich Merz, Gro\u00dfbritanniens<br \/>\nPremier Keir Starmer, die italienische Ministerpr\u00e4sidentin Giorgia Meloni, der finnische Pr\u00e4sident Alexander Stubb und der polnische<br \/>\nPr\u00e4sident Karol Nawrocki sowie der Generalsekret\u00e4r der Nato. Weitere Beratungen sind geplant.\u00a0\n<\/p>\n<p class=\"paragraph article__item\">Merz beispielsweise lud Trump zu einer Nachbesprechung ein, in der eine gemeinsame Linie zu weiteren Schritten in einem Friedensprozess f\u00fcr die Ukraine abgestimmt werden soll. Au\u00dferdem k\u00fcndigte\u00a0Tusk ein gemeinsames Statement der Europ\u00e4er an.<\/p>\n","protected":false},"excerpt":{"rendered":"Nach dem ergebnislosen Treffen des US-Pr\u00e4sidenten Donald Trump mit dem russischen Pr\u00e4sidenten Wladimir Putin in Alaska zum anhaltenden&hellip;\n","protected":false},"author":2,"featured_media":349172,"comment_status":"","ping_status":"","sticky":false,"template":"","format":"standard","meta":{"footnotes":""},"categories":[4013],"tags":[331,332,3115,31,106,13,1435,14,15,16,97142,4043,4044,850,307,12,64,306],"class_list":{"0":"post-349171","1":"post","2":"type-post","3":"status-publish","4":"format-standard","5":"has-post-thumbnail","7":"category-russland","8":"tag-aktuelle-nachrichten","9":"tag-aktuelle-news","10":"tag-alaska","11":"tag-cdu","12":"tag-donald-trump","13":"tag-headlines","14":"tag-krieg-in-der-ukraine","15":"tag-nachrichten","16":"tag-news","17":"tag-politik","18":"tag-reaktionen-auf-trump-putin-treffen","19":"tag-russia","20":"tag-russian-federation","21":"tag-russische-foederation","22":"tag-russland","23":"tag-schlagzeilen","24":"tag-usa","25":"tag-wladimir-putin"},"share_on_mastodon":{"url":"https:\/\/pubeurope.com\/@de\/115038235251106090","error":""},"_links":{"self":[{"href":"https:\/\/www.europesays.com\/de\/wp-json\/wp\/v2\/posts\/349171","targetHints":{"allow":["GET"]}}],"collection":[{"href":"https:\/\/www.europesays.com\/de\/wp-json\/wp\/v2\/posts"}],"about":[{"href":"https:\/\/www.europesays.com\/de\/wp-json\/wp\/v2\/types\/post"}],"author":[{"embeddable":true,"href":"https:\/\/www.europesays.com\/de\/wp-json\/wp\/v2\/users\/2"}],"replies":[{"embeddable":true,"href":"https:\/\/www.europesays.com\/de\/wp-json\/wp\/v2\/comments?post=349171"}],"version-history":[{"count":0,"href":"https:\/\/www.europesays.com\/de\/wp-json\/wp\/v2\/posts\/349171\/revisions"}],"wp:featuredmedia":[{"embeddable":true,"href":"https:\/\/www.europesays.com\/de\/wp-json\/wp\/v2\/media\/349172"}],"wp:attachment":[{"href":"https:\/\/www.europesays.com\/de\/wp-json\/wp\/v2\/media?parent=349171"}],"wp:term":[{"taxonomy":"category","embeddable":true,"href":"https:\/\/www.europesays.com\/de\/wp-json\/wp\/v2\/categories?post=349171"},{"taxonomy":"post_tag","embeddable":true,"href":"https:\/\/www.europesays.com\/de\/wp-json\/wp\/v2\/tags?post=349171"}],"curies":[{"name":"wp","href":"https:\/\/api.w.org\/{rel}","templated":true}]}}