{"id":34924,"date":"2025-04-15T22:00:09","date_gmt":"2025-04-15T22:00:09","guid":{"rendered":"https:\/\/www.europesays.com\/de\/34924\/"},"modified":"2025-04-15T22:00:09","modified_gmt":"2025-04-15T22:00:09","slug":"humanitaere-krise-eu-und-grossbritannien-sagen-sudan-millionenhilfen-zu","status":"publish","type":"post","link":"https:\/\/www.europesays.com\/de\/34924\/","title":{"rendered":"Humanit\u00e4re Krise: EU und Gro\u00dfbritannien sagen Sudan Millionenhilfen zu"},"content":{"rendered":"<p class=\"paragraph article__item\">Die EU und Gro\u00dfbritannien haben angek\u00fcndigt, die Hilfen f\u00fcr den <a class=\"rtr-entity\" href=\"https:\/\/www.zeit.de\/thema\/sudan\" rel=\"nofollow noopener\" target=\"_blank\">Sudan<\/a> aufzustocken. Die EU-Kommission und mehrere Mitgliedsl\u00e4nder wollen die humanit\u00e4re Krise in dem Land mit Hilfen in H\u00f6he von 522 Millionen Euro lindern. Etwas mehr als die H\u00e4lfte dieser Summe wird von der Kommission finanziert, wie sie mitteilte. Den Rest \u00fcbernehmen Mitgliedstaaten, darunter Polen, Spanien und Deutschland. <\/p>\n<p class=\"paragraph article__item\">Zuvor hatte Au\u00dfenministerin Annalena Baerbock (Gr\u00fcne) bei einer dem Sudan gewidmeten Konferenz in London Hilfen in H\u00f6he von 125 Millionen Euro zugesagt. <a class=\"rtr-entity\" href=\"https:\/\/www.zeit.de\/thema\/grossbritannien\" rel=\"nofollow noopener\" target=\"_blank\">Gro\u00dfbritannien<\/a> k\u00fcndigte 140 Millionen Euro f\u00fcr humanit\u00e4re Hilfen an. Den EU-Angaben zufolge sind 109 Millionen Euro, etwa ein F\u00fcnftel der von EU und Mitgliedstaaten bereitgestellten Summe, f\u00fcr Nachbarl\u00e4nder Sudans vorgesehen, die vom B\u00fcrgerkrieg in dem Land betroffen sind. <\/p>\n<p class=\"paragraph article__item\">Mit den Mitteln sollen unter anderem Gesundheit, Ern\u00e4hrung, Wasser, Hygiene und Bildung finanziert werden, wie die <a class=\"rtr-entity\" href=\"https:\/\/www.zeit.de\/thema\/eu-kommission\" rel=\"nofollow noopener\" target=\"_blank\">EU-Kommission<\/a> weiter mitteilte. Im Sudan hat sich die humanit\u00e4re Lage zuletzt immer weiter verschlechtert. Die <a href=\"https:\/\/www.zeit.de\/politik\/ausland\/2025-04\/lage-im-sudan-ist-laut-un-groesste-humanitaere-krise-weltweit\" class=\"\" target=\"_blank\" rel=\"nofollow noopener\">Vereinten Nationen warnen vor einer humanit\u00e4ren Katastrophe<\/a>, zu der die seit zwei Jahren anhaltenden K\u00e4mpfe gef\u00fchrt h\u00e4tten.\n<\/p>\n<p>        Afrikanische Union beklagt &#8222;schlimmste humanit\u00e4re Krise der Welt&#8220;        <\/p>\n<p class=\"paragraph article__item\">So seien im Sudan zw\u00f6lf Millionen Menschen innerhalb des Landes sowie ins Ausland vertrieben worden, die Zahl der von Hunger bedrohten Menschen wird auf bis zu 30 Millionen gesch\u00e4tzt. Im Sudan leben knapp 50 Millionen Menschen. Die Afrikanische Union (AU), deren Vertreter ebenfalls an der Konferenz in London teilnahmen, spricht von der &#8222;schlimmsten humanit\u00e4ren Krise der Welt&#8220;. <\/p>\n<p class=\"paragraph article__item\">Der sudanesische <a href=\"https:\/\/www.zeit.de\/gesellschaft\/zeitgeschehen\/2025-03\/sudan-buergerkrieg-khartum-erobert-regierung-armee-rsf\" class=\"\" target=\"_blank\" rel=\"nofollow noopener\">de-facto-Staatschef Abdel Fattah al-Burhan<\/a> und sein fr\u00fcherer Stellvertreter Mohammed Hamdan Daglo k\u00e4mpfen seit zwei Jahren um die Macht im Sudan. Der Norden und der Osten des Landes stehen unter Kontrolle von al-Burhans Milit\u00e4rregierung, gro\u00dfe Gebiete des S\u00fcdens, die westliche Region Darfur, werden von der RSF, Daglos Miliz, kontrolliert. Bei den K\u00e4mpfen wurden bislang zehntausende Menschen get\u00f6tet.\n<\/p>\n<p>                            \u00a9\u00a0Lea Dohle<\/p>\n<p>\n                    Newsletter<\/p>\n<p>                    Was jetzt? \u2013 Der t\u00e4gliche Morgen\u00fcberblick<\/p>\n<p class=\"newsletter-signup__text\">Starten Sie mit unserem kurzen Nachrichten-Newsletter in den Tag. Erhalten Sie zudem freitags den US-Sonderletter &#8222;Was jetzt, America?&#8220; sowie das digitale Magazin ZEIT am Wochenende.<\/p>\n<p class=\"newsletter-signup__datapolicy\" hidden=\"\">\n            Mit Ihrer Registrierung nehmen Sie die <a href=\"https:\/\/datenschutz.zeit.de\/zon#Newsletter\" target=\"_blank\" rel=\"nofollow noopener\">Datenschutzerkl\u00e4rung<\/a> zur Kenntnis.\n        <\/p>\n<p>    Vielen Dank! Wir haben Ihnen eine E-Mail geschickt.<\/p>\n<p>Pr\u00fcfen Sie Ihr Postfach und best\u00e4tigen Sie das Newsletter-Abonnement.<\/p>\n<p class=\"paragraph article__item\">Beunruhigt zeigten sich die <a class=\"rtr-entity\" href=\"https:\/\/www.zeit.de\/thema\/un\" rel=\"nofollow noopener\" target=\"_blank\">UN<\/a> auch im Hinblick auf den Anstieg von Vergewaltigungen im Konfliktgebiet. Sie w\u00fcrden gezielt als Kriegsmittel eingesetzt. &#8222;Die Nachfrage nach lebensrettender Unterst\u00fctzung f\u00fcr \u00dcberlebende von Vergewaltigung und sexueller Gewalt ist um 288 Prozent gestiegen&#8220;, sagte die Regionaldirektorin der Organisation UN Women, Anna Mutavati. &#8222;Die K\u00f6rper der Frauen sind zu einem Schlachtfeld geworden.&#8220; Eine eindeutige Anschuldigung an eine der beiden Kriegsparteien brachte sie aber nicht vor.\n<\/p>\n<p>                        UN beklagen Waffenlieferungen an Konfliktparteien        <\/p>\n<p class=\"paragraph article__item\">&#8222;Dieser Krieg muss beendet werden&#8220;, forderte angesichts der Krise Au\u00dfenministerin Baerbock in London. Die Konfliktparteien forderte sie zu Verhandlungen auf und schlug insbesondere den Golfstaaten vor, bei einer politischen L\u00f6sung zu helfen. &#8222;Wir fordern alle externen Akteure auf, ihre Macht verantwortungsvoll einzusetzen, um ein sicheres und friedliches Umfeld zu schaffen.&#8220;\u00a0 <\/p>\n<p class=\"paragraph article__item\">Hintergrund sind Waffenlieferungen und Finanzhilfen aus dem Ausland an die Konfliktparteien. <a href=\"https:\/\/www.nytimes.com\/2023\/09\/29\/world\/africa\/sudan-war-united-arab-emirates-chad.html\" class=\"\" target=\"_blank\" rel=\"nofollow noopener\">Recherchen der New York Times legten zuletzt nahe<\/a>, dass die RSF-Miliz von den Vereinigten Arabischen Emiraten mit Waffen versorgt wird. Zudem <a href=\"https:\/\/www.reuters.com\/world\/us-accuses-russia-funding-both-sides-sudans-war-2025-01-07\/\" class=\"\" target=\"_blank\" rel=\"nofollow noopener\">soll auch Russland laut \u00e4lteren US-Vorw\u00fcrfen<\/a> sowohl die RSF, als auch das sudanesische Milit\u00e4r mit Waffen beliefert haben.\n<\/p>\n<p class=\"paragraph article__item\">UN-Generalsekret\u00e4r Ant\u00f3nio Guterres verurteilte die Waffenhilfen aus dem Ausland an die Konfliktparteien. Der <a class=\"rtr-entity\" href=\"https:\/\/www.zeit.de\/thema\/buergerkrieg\" rel=\"nofollow noopener\" target=\"_blank\">B\u00fcrgerkrieg<\/a> werde dadurch verl\u00e4ngert. Auch er forderte von Regionalm\u00e4chten einen Einsatz f\u00fcr eine diplomatische L\u00f6sung. Zudem m\u00fcsse eine weitere Zersplitterung des Sudan verhindert werden.\u00a0\u00a0 <\/p>\n<p>            Krieg im Sudan        <\/p>\n<p>Mehr zum Thema<\/p>\n<p>                <a href=\"https:\/\/www.zeit.de\/politik\/ausland\/2025-04\/buergerkrieg-im-sudan-menschenrechte-kriegsverbrechen-rsf-miliz\" data-ct-label=\"B\u00fcrgerkrieg im Sudan: &quot;Ich will nicht, dass die T\u00e4ter straffrei davonkommen&quot;\" rel=\"nofollow noopener\" target=\"_blank\"><\/p>\n<p>                        B\u00fcrgerkrieg im Sudan:<br \/>\n                        &#8222;Ich will nicht, dass die T\u00e4ter straffrei davonkommen&#8220;<\/p>\n<p>                <\/a><\/p>\n<p>                <a href=\"https:\/\/www.zeit.de\/zeit-magazin\/2025\/10\/krieg-sudan-krankenhaus-khartum-aerzte\" data-ct-label=\"Krieg im Sudan: &quot;Mein Herz brennt&quot;\" rel=\"nofollow noopener\" target=\"_blank\"><\/p>\n<p>        Z+ (abopflichtiger Inhalt);<\/p>\n<p>    Krieg im Sudan:<br \/>\n                        &#8222;Mein Herz brennt&#8220;<\/p>\n<p>                <\/a><\/p>\n<p>                <a href=\"https:\/\/www.zeit.de\/politik\/ausland\/2024-10\/sudan-buergerkrieg-intervention-menschenrechte-5vor8\" data-ct-label=\"Sudan: Es k\u00f6nnte sich sofort etwas \u00e4ndern\" rel=\"nofollow noopener\" target=\"_blank\"><\/p>\n<p>                        Sudan:<br \/>\n                        Es k\u00f6nnte sich sofort etwas \u00e4ndern<\/p>\n<p>                <\/a><\/p>\n","protected":false},"excerpt":{"rendered":"Die EU und Gro\u00dfbritannien haben angek\u00fcndigt, die Hilfen f\u00fcr den Sudan aufzustocken. Die EU-Kommission und mehrere Mitgliedsl\u00e4nder wollen&hellip;\n","protected":false},"author":2,"featured_media":34925,"comment_status":"","ping_status":"","sticky":false,"template":"","format":"standard","meta":{"footnotes":""},"categories":[3976],"tags":[18581,331,332,15543,942,158,551,13,18580,4036,14,15,16,12,17003,3992,26,3993,3994,3995,3996,3997],"class_list":{"0":"post-34924","1":"post","2":"type-post","3":"status-publish","4":"format-standard","5":"has-post-thumbnail","7":"category-vereinigtes-koenigreich","8":"tag-afrikanische-union","9":"tag-aktuelle-nachrichten","10":"tag-aktuelle-news","11":"tag-buergerkrieg","12":"tag-eu-kommission","13":"tag-europaeische-union","14":"tag-grossbritannien","15":"tag-headlines","16":"tag-humanitaere-krise","17":"tag-london","18":"tag-nachrichten","19":"tag-news","20":"tag-politik","21":"tag-schlagzeilen","22":"tag-sudan","23":"tag-uk","24":"tag-un","25":"tag-united-kingdom","26":"tag-united-kingdom-of-great-britain-and-northern-ireland","27":"tag-vereinigtes-koenigreich","28":"tag-vereinigtes-koenigreich-grossbritannien-und-nordirland","29":"tag-vereinigtes-koenigreich-von-grossbritannien-und-nordirland"},"share_on_mastodon":{"url":"https:\/\/pubeurope.com\/@de\/114344232397042214","error":""},"_links":{"self":[{"href":"https:\/\/www.europesays.com\/de\/wp-json\/wp\/v2\/posts\/34924","targetHints":{"allow":["GET"]}}],"collection":[{"href":"https:\/\/www.europesays.com\/de\/wp-json\/wp\/v2\/posts"}],"about":[{"href":"https:\/\/www.europesays.com\/de\/wp-json\/wp\/v2\/types\/post"}],"author":[{"embeddable":true,"href":"https:\/\/www.europesays.com\/de\/wp-json\/wp\/v2\/users\/2"}],"replies":[{"embeddable":true,"href":"https:\/\/www.europesays.com\/de\/wp-json\/wp\/v2\/comments?post=34924"}],"version-history":[{"count":0,"href":"https:\/\/www.europesays.com\/de\/wp-json\/wp\/v2\/posts\/34924\/revisions"}],"wp:featuredmedia":[{"embeddable":true,"href":"https:\/\/www.europesays.com\/de\/wp-json\/wp\/v2\/media\/34925"}],"wp:attachment":[{"href":"https:\/\/www.europesays.com\/de\/wp-json\/wp\/v2\/media?parent=34924"}],"wp:term":[{"taxonomy":"category","embeddable":true,"href":"https:\/\/www.europesays.com\/de\/wp-json\/wp\/v2\/categories?post=34924"},{"taxonomy":"post_tag","embeddable":true,"href":"https:\/\/www.europesays.com\/de\/wp-json\/wp\/v2\/tags?post=34924"}],"curies":[{"name":"wp","href":"https:\/\/api.w.org\/{rel}","templated":true}]}}