{"id":349321,"date":"2025-08-16T13:00:12","date_gmt":"2025-08-16T13:00:12","guid":{"rendered":"https:\/\/www.europesays.com\/de\/349321\/"},"modified":"2025-08-16T13:00:12","modified_gmt":"2025-08-16T13:00:12","slug":"sicherheitsexperten-nach-putin-trump-gipfel-europa-spielt-keine-rolle-mehr-politik","status":"publish","type":"post","link":"https:\/\/www.europesays.com\/de\/349321\/","title":{"rendered":"Sicherheitsexperten nach Putin-Trump-Gipfel: Europa spielt keine Rolle mehr | Politik"},"content":{"rendered":"<p><b>Zwei Stunden verhandelte US-Pr\u00e4sident Donald Trump am Freitag mit Russen-Herrscher Wladimir Putin (72) in Alaska hinter verschlossenen T\u00fcren. \u00dcber die Ukraine, \u00fcber einen Krieg in Europa. Und die Europ\u00e4er? Durften von \u00dcbersee aus am Fernseher zuschauen. Immerhin: Einige wurden im Anschluss <\/b><a href=\"https:\/\/www.bild.de\/politik\/nach-alaska-gipfel-trump-will-selenskyj-und-europaeer-informieren-68a02206f3b3300719843700\" class=\"text-link\" target=\"_blank\" rel=\"noopener\"><b>von Trump informiert<\/b><\/a><b>.<\/b><\/p>\n<p>Europa ist nur Zaungast <\/p>\n<p>Sicherheitsexperte Peter Neumann (50) ordnet gegen\u00fcber BILD ein: Wenn \u00fcberhaupt sei Europas Rolle derzeit, auf Trump einzuwirken, sodass dieser sich nicht von Putin \u00fcber den Tisch ziehen lasse. Aber ein Machtfaktor wie fr\u00fcher? Nein, das sei Europa nicht mehr. <\/p>\n<p>Auch interessant<\/p>\n<p>Anzeige<\/p>\n<p>Auch interessant<\/p>\n<p>Anzeige<\/p>\n<p><b>Eine Sichtweise, die auch Politik-Professor Carlo Masla (57) vertritt: \u201eIn den Kernfragen spielen wir keine Rolle.\u201c Nicht nur, weil man nicht mit am Tisch sitze. Sondern auch, weil das, \u201ewas wir mit Trump vereinbart haben, in dieser Situation keinen Pfennig gilt\u201c. Weder gebe es <\/b><a href=\"https:\/\/www.bild.de\/politik\/ausland-und-internationales\/trump-trifft-kreml-chef-in-alaska-raetselraten-um-diesen-auftritt-689fcc9ff3b3300719843508\" class=\"text-link\" target=\"_blank\" rel=\"noopener\"><b>nach den Gespr\u00e4chen in Alaska<\/b><\/a><b> einen Waffenstillstand noch die versprochenen harten Sanktionen. <\/b><\/p>\n<p>Aus Sicht von Politikwissenschaftler Thomas J\u00e4ger (65) hat sich Europa selbst auf die Zuschauertrib\u00fcne verbannt. \u201eDie Europ\u00e4er spielen im Moment keine Rolle, weil sie keine spielen wollen\u201c, so J\u00e4ger zu BILD. Sie k\u00f6nnten z.B. die Sanktionen weiter versch\u00e4rfen, eingefrorenes russisches Verm\u00f6gen f\u00fcr R\u00fcstung ausgeben und die eigene R\u00fcstungsproduktion hochfahren. J\u00e4ger: \u201eDas Problem ist, dass die Europ\u00e4er ihr wirtschaftliches Potenzial nicht auf den Weg bringen.\u201c  Schuld: Unstimmigkeiten zwischen den Mitgliedsstaaten.<\/p>\n<p>Forderung nach mehr Unterst\u00fctzung f\u00fcr die Ukraine<\/p>\n<p>CDU-Au\u00dfenpolitiker Roderich Kiesewetter (61) fordert ein Umschwenken. Er zu BILD: \u201eEine Koalition der Willigen muss jetzt die Ukraine st\u00e4rker unterst\u00fctzen: milit\u00e4risch, wirtschaftlich und politisch.\u201c Er warnt: \u201eEntweder die Europ\u00e4er unterst\u00fctzen jetzt mit allem, was m\u00f6glich ist, oder sie opfern die Ukraine und unterwerfen sich selbst der russischen Einflusszone.\u201c Die Folge: Russlands brutaler Angriffskrieg w\u00fcrde sich ausweiten. <\/p>\n<p><b>Zur Person<\/b><\/p>\n<p><b>Thomas J\u00e4ger<\/b> ist Professor f\u00fcr internationale Politik und Au\u00dfenpolitik an der Universit\u00e4t zu K\u00f6ln. Schwerpunkte seiner Forschung und Lehre liegen in der Analyse der deutschen und US-amerikanischen Au\u00dfenpolitik, der Entwicklung von Allianzen und neuen Akteuren des internationalen Systems sowie des Zusammenspiels von Medien und internationaler Politik.<\/p>\n<p><b>Carlo Masala <\/b>ist Politikwissenschaftler und Verteidigungsexperte. An der Bundeswehr-Universit\u00e4t M\u00fcnchen ist er Professor f\u00fcr internationale Politik. Er leitet dort den Studiengang Intelligence and Security Studies.<\/p>\n<p><b>Peter Neumann<\/b> ist Professor f\u00fcr Security Studies am King\u2019s College London. Er ist ein international gefragter Experte und war Sonderbeauftragter der OSZE. <\/p>\n","protected":false},"excerpt":{"rendered":"Zwei Stunden verhandelte US-Pr\u00e4sident Donald Trump am Freitag mit Russen-Herrscher Wladimir Putin (72) in Alaska hinter verschlossenen T\u00fcren.&hellip;\n","protected":false},"author":2,"featured_media":349322,"comment_status":"","ping_status":"","sticky":false,"template":"","format":"standard","meta":{"footnotes":""},"categories":[3933],"tags":[331,332,548,663,158,3934,3935,13,14,15,3082,307,12,45,1017,317,3081],"class_list":{"0":"post-349321","1":"post","2":"type-post","3":"status-publish","4":"format-standard","5":"has-post-thumbnail","7":"category-eu","8":"tag-aktuelle-nachrichten","9":"tag-aktuelle-news","10":"tag-eu","11":"tag-europa","12":"tag-europaeische-union","13":"tag-europe","14":"tag-european-union","15":"tag-headlines","16":"tag-nachrichten","17":"tag-news","18":"tag-putin-wladimir","19":"tag-russland","20":"tag-schlagzeilen","21":"tag-texttospeech","22":"tag-trump-donald","23":"tag-ukraine","24":"tag-ukraine-konflikt"},"share_on_mastodon":{"url":"https:\/\/pubeurope.com\/@de\/115038573379738780","error":""},"_links":{"self":[{"href":"https:\/\/www.europesays.com\/de\/wp-json\/wp\/v2\/posts\/349321","targetHints":{"allow":["GET"]}}],"collection":[{"href":"https:\/\/www.europesays.com\/de\/wp-json\/wp\/v2\/posts"}],"about":[{"href":"https:\/\/www.europesays.com\/de\/wp-json\/wp\/v2\/types\/post"}],"author":[{"embeddable":true,"href":"https:\/\/www.europesays.com\/de\/wp-json\/wp\/v2\/users\/2"}],"replies":[{"embeddable":true,"href":"https:\/\/www.europesays.com\/de\/wp-json\/wp\/v2\/comments?post=349321"}],"version-history":[{"count":0,"href":"https:\/\/www.europesays.com\/de\/wp-json\/wp\/v2\/posts\/349321\/revisions"}],"wp:featuredmedia":[{"embeddable":true,"href":"https:\/\/www.europesays.com\/de\/wp-json\/wp\/v2\/media\/349322"}],"wp:attachment":[{"href":"https:\/\/www.europesays.com\/de\/wp-json\/wp\/v2\/media?parent=349321"}],"wp:term":[{"taxonomy":"category","embeddable":true,"href":"https:\/\/www.europesays.com\/de\/wp-json\/wp\/v2\/categories?post=349321"},{"taxonomy":"post_tag","embeddable":true,"href":"https:\/\/www.europesays.com\/de\/wp-json\/wp\/v2\/tags?post=349321"}],"curies":[{"name":"wp","href":"https:\/\/api.w.org\/{rel}","templated":true}]}}