{"id":349594,"date":"2025-08-16T15:32:24","date_gmt":"2025-08-16T15:32:24","guid":{"rendered":"https:\/\/www.europesays.com\/de\/349594\/"},"modified":"2025-08-16T15:32:24","modified_gmt":"2025-08-16T15:32:24","slug":"schwimmoper-macht-wieder-auf-radio-wuppertal","status":"publish","type":"post","link":"https:\/\/www.europesays.com\/de\/349594\/","title":{"rendered":"Schwimmoper macht wieder auf &#8211; Radio Wuppertal"},"content":{"rendered":"<p class=\"small date article__date\">Ver\u00f6ffentlicht:\u00a0Samstag, 16.08.2025 08:21<\/p>\n<p>Am Montag (18.08.) \u00f6ffnet die Schwimmoper wieder. Die Stadt hat dort die j\u00e4hrlichen Wartungsarbeiten durchf\u00fchren lassen. Die Becken wurden geleert und gereinigt. Au\u00dferdem standen zahlreiche Handwerksarbeiten an und Fliesensch\u00e4den wurden behoben. Auch eine neue Anzeigentafel wurde installiert. Die liefert k\u00fcnftig einen umfassenden \u00dcberblick \u00fcber Wettk\u00e4mpfe, die in der Schwimmoper ausgetragen werden &#8211; wie zum Beispiel die Deutschen Kurzbahnmeisterschaften im November.\u00a0<\/p>\n<p><img decoding=\"async\" alt=\"Florian Brauckmann: Schwimmoper\" src=\"https:\/\/www.europesays.com\/de\/wp-content\/uploads\/2025\/08\/1.-platz-schwimmoper.jpg&#038;crop=0x320x5120x3200&#038;resize=1280x800&#038;dt=202010021558010.jpeg\" data-size=\"1280x800\"\/><\/p>\n","protected":false},"excerpt":{"rendered":"Ver\u00f6ffentlicht:\u00a0Samstag, 16.08.2025 08:21 Am Montag (18.08.) \u00f6ffnet die Schwimmoper wieder. Die Stadt hat dort die j\u00e4hrlichen Wartungsarbeiten durchf\u00fchren&hellip;\n","protected":false},"author":2,"featured_media":349595,"comment_status":"","ping_status":"","sticky":false,"template":"","format":"standard","meta":{"footnotes":""},"categories":[1840],"tags":[3275,3364,29,30,1209,4418],"class_list":{"0":"post-349594","1":"post","2":"type-post","3":"status-publish","4":"format-standard","5":"has-post-thumbnail","7":"category-wuppertal","8":"tag-lokalnachrichten","9":"tag-de","10":"tag-deutschland","11":"tag-germany","12":"tag-nordrhein-westfalen","13":"tag-wuppertal"},"share_on_mastodon":{"url":"https:\/\/pubeurope.com\/@de\/115039170993631787","error":""},"_links":{"self":[{"href":"https:\/\/www.europesays.com\/de\/wp-json\/wp\/v2\/posts\/349594","targetHints":{"allow":["GET"]}}],"collection":[{"href":"https:\/\/www.europesays.com\/de\/wp-json\/wp\/v2\/posts"}],"about":[{"href":"https:\/\/www.europesays.com\/de\/wp-json\/wp\/v2\/types\/post"}],"author":[{"embeddable":true,"href":"https:\/\/www.europesays.com\/de\/wp-json\/wp\/v2\/users\/2"}],"replies":[{"embeddable":true,"href":"https:\/\/www.europesays.com\/de\/wp-json\/wp\/v2\/comments?post=349594"}],"version-history":[{"count":0,"href":"https:\/\/www.europesays.com\/de\/wp-json\/wp\/v2\/posts\/349594\/revisions"}],"wp:featuredmedia":[{"embeddable":true,"href":"https:\/\/www.europesays.com\/de\/wp-json\/wp\/v2\/media\/349595"}],"wp:attachment":[{"href":"https:\/\/www.europesays.com\/de\/wp-json\/wp\/v2\/media?parent=349594"}],"wp:term":[{"taxonomy":"category","embeddable":true,"href":"https:\/\/www.europesays.com\/de\/wp-json\/wp\/v2\/categories?post=349594"},{"taxonomy":"post_tag","embeddable":true,"href":"https:\/\/www.europesays.com\/de\/wp-json\/wp\/v2\/tags?post=349594"}],"curies":[{"name":"wp","href":"https:\/\/api.w.org\/{rel}","templated":true}]}}