{"id":349721,"date":"2025-08-16T16:45:11","date_gmt":"2025-08-16T16:45:11","guid":{"rendered":"https:\/\/www.europesays.com\/de\/349721\/"},"modified":"2025-08-16T16:45:11","modified_gmt":"2025-08-16T16:45:11","slug":"fwg-pro-auto-fordert-rechtsabbiegen-am-landeshaus-dauerhaft-freigebenfwg-pro-auto-fordert-rechtsabbiegen-am-landeshaus-in-wiesbaden-dauerhaft-ermoeglichen","status":"publish","type":"post","link":"https:\/\/www.europesays.com\/de\/349721\/","title":{"rendered":"FWG\/Pro Auto fordert: Rechtsabbiegen am Landeshaus dauerhaft freigebenFWG\/Pro Auto fordert: Rechtsabbiegen am Landeshaus in Wiesbaden dauerhaft erm\u00f6glichen"},"content":{"rendered":"<p data-start=\"248\" data-end=\"524\">Die Fraktion FWG\/Pro Auto begr\u00fc\u00dft die <a href=\"https:\/\/wiesbadenaktuell.de\/2025\/08\/14\/rechtsabbiegerspur-am-landeshaus-wieder-geoeffnet-entlastung-fuer-wiesbadens-verkehr\/\" rel=\"nofollow noopener\" target=\"_blank\">Aufhebung des Rechtsabbiegeverbots<\/a> am Landeshaus in Wiesbaden und spricht sich daf\u00fcr aus, diese \u00c4nderung dauerhaft beizubehalten. Der Schritt sei nicht nur verkehrsentlastend, sondern auch umweltfreundlich und b\u00fcrgernah.<\/p>\n<p><strong data-start=\"535\" data-end=\"587\">Sperrung sorgte jahrelang f\u00fcr Unmut<\/strong><\/p>\n<p data-start=\"590\" data-end=\"926\">Vor f\u00fcnf Jahren wurde vom Kainer-Friedrich-Ring am Landeshaus das Rechtsabbiegen in Richtung Biebrich gesperrt. Diese Ma\u00dfnahme f\u00fchrte laut FWG\/Pro Auto immer wieder zu erheblichem \u00c4rger bei Autofahrern. Wer von der Innenstadt nach Biebrich, auf die Autobahn oder Richtung Kastel wollte, musste weite Umwege \u00fcber den Hauptbahnhof oder durch Schleichwege im Dichterviertel in Kauf nehmen.<\/p>\n<p data-start=\"928\" data-end=\"1082\">\u201eDie Sperrung war ein st\u00e4ndiger Zankapfel\u201c, betont Christian Hill, verkehrspolitischer Sprecher der Fraktion. \u201eJetzt k\u00f6nnte damit endlich Schluss sein.\u201c<\/p>\n<p><strong data-start=\"1093\" data-end=\"1136\">Umwelt- und Anwohnerschutz als Argument<\/strong><\/p>\n<p data-start=\"1139\" data-end=\"1344\">Neben der Zeitersparnis f\u00fcr Autofahrer sieht FWG\/Pro Auto weitere Vorteile: K\u00fcrzere Fahrstrecken reduzieren Schadstoffemissionen und entlasten die Anwohner im Dichterviertel, da Schleichverkehr wegf\u00e4llt.<\/p>\n<p data-start=\"1346\" data-end=\"1423\">\u201eDas ist eine Win-Win-Situation f\u00fcr Verkehr, Umwelt und Anwohner\u201c, so Hill.<\/p>\n<p><strong data-start=\"1434\" data-end=\"1481\">Schnelle Umsetzung zeigt Handlungsf\u00e4higkeit<\/strong><\/p>\n<p data-start=\"1484\" data-end=\"1684\">Der aktuelle Anlass f\u00fcr die Aufhebung des Abbiegverbots ist der <a href=\"https:\/\/wiesbadenaktuell.de\/2025\/08\/08\/wasserrohrbruch-auf-dem-gustav-stresemann-ring-fahrspuren-stadtauswaerts-gesperrt\/\" rel=\"nofollow noopener\" target=\"_blank\">Wasserrohrbruch am Gustav-Stresemann-Ring<\/a>. Innerhalb weniger Stunden habe die Stadt reagiert und das Rechtsabbiegen wieder erm\u00f6glicht.<\/p>\n<p data-start=\"1686\" data-end=\"1932\">\u201eDas zeigt deutlich: Wo ein Wille ist, ist auch ein Weg! Pragmatismus schl\u00e4gt Ideologie\u201c, so Hill weiter. Bereits vor Monaten seien im Mobilit\u00e4tsausschuss verschiedene L\u00f6sungsans\u00e4tze vorgestellt worden \u2013 umgesetzt wurde jedoch erst jetzt etwas.<\/p>\n<p><strong data-start=\"1943\" data-end=\"1994\">Appell an die Stadt: Dauerhafte L\u00f6sung schaffen<\/strong><\/p>\n<p data-start=\"1997\" data-end=\"2260\">FWG\/Pro Auto fordert, dass die Stadt Wiesbaden diese Ma\u00dfnahme beibeh\u00e4lt \u2013 auch nach Behebung des Rohrbruchs. \u201eHerr Stadtrat Kowol hat nun die einmalige Chance, zur Befriedung unserer Stadtgesellschaft beizutragen und eine Wunde zu heilen\u201c, so Hill abschlie\u00dfend.<\/p>\n<p>P.S.: Sind Sie bei Facebook? Dann werden Sie Fan von <a href=\"https:\/\/www.facebook.com\/wiesbadenaktuell\" rel=\"nofollow noopener\" target=\"_blank\">Wiesbadenaktuell.de<\/a> und folgen Sie uns auch auf <a href=\"https:\/\/www.instagram.com\/wiesbadenaktuell.de\/\" rel=\"nofollow noopener\" target=\"_blank\">Instagram<\/a> sowie auf <a href=\"https:\/\/www.threads.net\/@wiesbadenaktuell.de\" rel=\"nofollow noopener\" target=\"_blank\">Threads<\/a>!<\/p>\n<p><script async src=\"\/\/www.instagram.com\/embed.js\"><\/script><\/p>\n","protected":false},"excerpt":{"rendered":"Die Fraktion FWG\/Pro Auto begr\u00fc\u00dft die Aufhebung des Rechtsabbiegeverbots am Landeshaus in Wiesbaden und spricht sich daf\u00fcr aus,&hellip;\n","protected":false},"author":2,"featured_media":349722,"comment_status":"","ping_status":"","sticky":false,"template":"","format":"standard","meta":{"footnotes":""},"categories":[1847],"tags":[3364,29,548,663,3934,30,13,2052,14,15,12,4544],"class_list":{"0":"post-349721","1":"post","2":"type-post","3":"status-publish","4":"format-standard","5":"has-post-thumbnail","7":"category-wiesbaden","8":"tag-de","9":"tag-deutschland","10":"tag-eu","11":"tag-europa","12":"tag-europe","13":"tag-germany","14":"tag-headlines","15":"tag-hessen","16":"tag-nachrichten","17":"tag-news","18":"tag-schlagzeilen","19":"tag-wiesbaden"},"share_on_mastodon":{"url":"https:\/\/pubeurope.com\/@de\/115039458062291176","error":""},"_links":{"self":[{"href":"https:\/\/www.europesays.com\/de\/wp-json\/wp\/v2\/posts\/349721","targetHints":{"allow":["GET"]}}],"collection":[{"href":"https:\/\/www.europesays.com\/de\/wp-json\/wp\/v2\/posts"}],"about":[{"href":"https:\/\/www.europesays.com\/de\/wp-json\/wp\/v2\/types\/post"}],"author":[{"embeddable":true,"href":"https:\/\/www.europesays.com\/de\/wp-json\/wp\/v2\/users\/2"}],"replies":[{"embeddable":true,"href":"https:\/\/www.europesays.com\/de\/wp-json\/wp\/v2\/comments?post=349721"}],"version-history":[{"count":0,"href":"https:\/\/www.europesays.com\/de\/wp-json\/wp\/v2\/posts\/349721\/revisions"}],"wp:featuredmedia":[{"embeddable":true,"href":"https:\/\/www.europesays.com\/de\/wp-json\/wp\/v2\/media\/349722"}],"wp:attachment":[{"href":"https:\/\/www.europesays.com\/de\/wp-json\/wp\/v2\/media?parent=349721"}],"wp:term":[{"taxonomy":"category","embeddable":true,"href":"https:\/\/www.europesays.com\/de\/wp-json\/wp\/v2\/categories?post=349721"},{"taxonomy":"post_tag","embeddable":true,"href":"https:\/\/www.europesays.com\/de\/wp-json\/wp\/v2\/tags?post=349721"}],"curies":[{"name":"wp","href":"https:\/\/api.w.org\/{rel}","templated":true}]}}