{"id":350162,"date":"2025-08-16T21:26:17","date_gmt":"2025-08-16T21:26:17","guid":{"rendered":"https:\/\/www.europesays.com\/de\/350162\/"},"modified":"2025-08-16T21:26:17","modified_gmt":"2025-08-16T21:26:17","slug":"sentrup-kaempft-um-lebendiges-zentrum-2","status":"publish","type":"post","link":"https:\/\/www.europesays.com\/de\/350162\/","title":{"rendered":"Sentrup k\u00e4mpft um lebendiges Zentrum"},"content":{"rendered":"<p class=\"fp-paragraph\">An lauen Sommerabenden auf der heimischen Terrasse das Br\u00fcllen eines L\u00f6wen oder das Trompeten eines Elefanten zu h\u00f6ren, hat schon etwas. Wer in Sentrup wohnt, kann von der N\u00e4he gleich mehrerer Top-Einrichtungen der Stadt in unmittelbarer N\u00e4he profitieren, lebt im Gr\u00fcnen und zehn Fahrradminuten von der Innenstadt entfernt.<\/p>\n<p>Top informiert mit<\/p>\n<p><strong>pro Woche<\/strong><\/p>\n<p>1 \u20ac<a href=\"https:\/\/abo.muensterschezeitung.de\/_article\/Digital-Basis-Wochenabo?utm_source=Website&amp;utm_medium=PlusLayer&amp;utm_campaign=Wochenpass&amp;pwlayer=plus&amp;ezobjectid=3367199\" class=\"fp-button fp-button__primary fp-paywall-action-submit\" style=\"background-color: #000000;\" rel=\"nofollow noopener\" target=\"_blank\">weiter<\/a>ab dem 2. Jahr 2\u20ac \/ Woche<\/p>\n<p>monatlich k\u00fcndbar<\/p>\n<p class=\"fp-article-paywall__plan--description\">freier Zugriff auf alle MZ+ Inhalte und die News-App<\/p>\n<p>Sie haben bereits ein Abonnement? <a title=\"Hier einloggen\" alt=\"Hier einloggen\" href=\"https:\/\/account.muensterschezeitung.de\/login?redurl=https:\/\/www.muensterschezeitung.de\/lokales\/staedte\/muenster\/kommunalwahl-wahlbezirke-sentrup-zentrum-probleme-3367199?pid=true&amp;ueg=default\" rel=\"nofollow noopener\" target=\"_blank\"><a href=\"https:\/\/account.muensterschezeitung.de\/login?redurl=https:\/\/www.muensterschezeitung.de\/lokales\/staedte\/muenster\/kommunalwahl-wahlbezirke-sentrup-zentrum-probleme-3367199?pid=true&amp;ueg=default\" rel=\"nofollow noopener\" target=\"_blank\">Jetzt anmelden<\/a><\/p>\n","protected":false},"excerpt":{"rendered":"An lauen Sommerabenden auf der heimischen Terrasse das Br\u00fcllen eines L\u00f6wen oder das Trompeten eines Elefanten zu h\u00f6ren,&hellip;\n","protected":false},"author":2,"featured_media":350024,"comment_status":"","ping_status":"","sticky":false,"template":"","format":"standard","meta":{"footnotes":""},"categories":[1843],"tags":[3364,29,30,8970,1209],"class_list":{"0":"post-350162","1":"post","2":"type-post","3":"status-publish","4":"format-standard","5":"has-post-thumbnail","7":"category-muenster","8":"tag-de","9":"tag-deutschland","10":"tag-germany","11":"tag-muenster","12":"tag-nordrhein-westfalen"},"share_on_mastodon":{"url":"https:\/\/pubeurope.com\/@de\/115040562961932452","error":""},"_links":{"self":[{"href":"https:\/\/www.europesays.com\/de\/wp-json\/wp\/v2\/posts\/350162","targetHints":{"allow":["GET"]}}],"collection":[{"href":"https:\/\/www.europesays.com\/de\/wp-json\/wp\/v2\/posts"}],"about":[{"href":"https:\/\/www.europesays.com\/de\/wp-json\/wp\/v2\/types\/post"}],"author":[{"embeddable":true,"href":"https:\/\/www.europesays.com\/de\/wp-json\/wp\/v2\/users\/2"}],"replies":[{"embeddable":true,"href":"https:\/\/www.europesays.com\/de\/wp-json\/wp\/v2\/comments?post=350162"}],"version-history":[{"count":0,"href":"https:\/\/www.europesays.com\/de\/wp-json\/wp\/v2\/posts\/350162\/revisions"}],"wp:featuredmedia":[{"embeddable":true,"href":"https:\/\/www.europesays.com\/de\/wp-json\/wp\/v2\/media\/350024"}],"wp:attachment":[{"href":"https:\/\/www.europesays.com\/de\/wp-json\/wp\/v2\/media?parent=350162"}],"wp:term":[{"taxonomy":"category","embeddable":true,"href":"https:\/\/www.europesays.com\/de\/wp-json\/wp\/v2\/categories?post=350162"},{"taxonomy":"post_tag","embeddable":true,"href":"https:\/\/www.europesays.com\/de\/wp-json\/wp\/v2\/tags?post=350162"}],"curies":[{"name":"wp","href":"https:\/\/api.w.org\/{rel}","templated":true}]}}