{"id":350267,"date":"2025-08-16T22:28:18","date_gmt":"2025-08-16T22:28:18","guid":{"rendered":"https:\/\/www.europesays.com\/de\/350267\/"},"modified":"2025-08-16T22:28:18","modified_gmt":"2025-08-16T22:28:18","slug":"deutschland-besiegt-niederlande-im-hockey-em-finale-2025","status":"publish","type":"post","link":"https:\/\/www.europesays.com\/de\/350267\/","title":{"rendered":"Deutschland besiegt Niederlande im Hockey-EM-Finale 2025"},"content":{"rendered":"<p class=\"p1 sm:p1-medium items-start pb-[20px]\" data-selector=\"body-paragraph\" data-external-selector=\"body-elements-paragraph\" data-v-f16c667d=\"\" data-v-439309db=\"\">Eine letzte kurze Umarmung durch den Bundestrainer, ein paar Handshakes von den Mitspielern, dann schritt Torh\u00fcter Jean-Paul Danneberg zur Tat. Die deutschen Hockey-M\u00e4nner hatten die Spannung am fr\u00fchen Samstagabend mal wieder auf die Spitze getrieben: finaler Shootout im Finale der Europameisterschaften gegen den Erzrivalen Niederlande im M\u00f6nchengladbacher Hockey-Park.<\/p>\n<p class=\"p1 sm:p1-medium items-start pb-[20px]\" data-selector=\"body-paragraph\" data-external-selector=\"body-elements-paragraph\" data-v-f16c667d=\"\" data-v-439309db=\"\">Vier deutsche und drei niederl\u00e4ndische Penaltys sp\u00e4ter stand Danneberg im Zentrum des deutschen Jubelpulks. Der Torh\u00fcter hatte die Auswahl des Deutschen Hockey-Bundes (DHB) mit diversen Paraden in der regul\u00e4ren Spielzeit (1:1) \u00fcberhaupt im Match gehalten und erwies sich in der Zusatzschicht als goldbringende Spezialkraft in den nervenzehrenden Eins-gegen-eins-Situationen.<\/p>\n<p class=\"p1 sm:p1-medium items-start pb-[20px]\" data-selector=\"body-paragraph\" data-external-selector=\"body-elements-paragraph\" data-v-f16c667d=\"\" data-v-439309db=\"\">\u201eUnglaublich, in diesem Stadion, diese ganzen Zuschauer. Wir haben so gek\u00e4mpft das komplette Turnier, wir haben immer an den Traum geglaubt, Europameister zu werden\u201c, sagte Danneberg bei Magentasport. \u201eDas sind die besten Jungs, das ist die beste Mannschaft, in der ich je gespielt habe\u201c, sagte der Keeper.<\/p>\n<p>Ausgelassene Stimmung im Hockey-Park<\/p>\n<p class=\"p1 sm:p1-medium items-start pb-[20px]\" data-selector=\"body-paragraph\" data-external-selector=\"body-elements-paragraph\" data-v-f16c667d=\"\" data-v-439309db=\"\">Zw\u00f6lf Jahre nach dem letzten EM-Titel setzten sich die deutschen M\u00e4nner wieder die europ\u00e4ische Hockey-Krone auf und <a href=\"https:\/\/www.faz.net\/aktuell\/sport\/mehr-sport\/hockey-em-2025-mats-grambusch-und-der-kitsch-fuers-bilderbuch-110639245.html\" title=\"bescherten dem M\u00f6nchengladbacher Mats Grambusch ein perfektes Karriereende\" rel=\"nofollow noopener\" target=\"_blank\">bescherten dem M\u00f6nchengladbacher Mats Grambusch ein perfektes Karriereende<\/a>. In einem packenden Endspiel gewannen die Deutschen letztlich 4:1 nach Penaltyschie\u00dfen. Nun l\u00e4sst sich wahrlich von einer goldenen Generation sprechen, die Welt- und Europameister ist und im vorigen Jahr die olympische Silbermedaille holte.<\/p>\n<p class=\"p1 sm:p1-medium items-start pb-[20px]\" data-selector=\"body-paragraph\" data-external-selector=\"body-elements-paragraph\" data-v-f16c667d=\"\" data-v-439309db=\"\">Dass es <a href=\"https:\/\/www.faz.net\/aktuell\/sport\/olympia\/deutsches-team\/niederlage-im-olympia-finale-den-hockey-maennern-versagen-die-nerven-19907860.html\" title=\"im August 2024 in Paris ebenso gegen \u201eOranje\u201c\" rel=\"nofollow noopener\" target=\"_blank\">im August 2024 in Paris ebenso gegen \u201eOranje\u201c<\/a> ging wie im August 2025 in M\u00f6nchengladbach, lieferte den Deutschen noch den s\u00fc\u00dfen Beigeschmack, erfolgreich Revanche genommen zu haben. Nat\u00fcrlich ist ein Olympiasieg im Hockey weit h\u00f6her angesiedelt als ein EM-Titel. Und doch waren Stimmung und Jubel im deutschen Hockey-Wohnzimmer in M\u00f6nchengladbach seit dem WM-Triumph an selber Stelle 2006 nicht mehr so ausgelassen.<\/p>\n<p><img decoding=\"async\" alt=\"DSGVO Platzhalter\" src=\"https:\/\/www.europesays.com\/de\/wp-content\/uploads\/2025\/04\/gdpr-layer.webp.webp\" loading=\"lazy\" class=\"absolute w-full\"\/> Externe Inhalte aktivieren <\/p>\n<p class=\"p1 sm:p1-medium items-start pb-[20px]\" data-selector=\"body-paragraph\" data-external-selector=\"body-elements-paragraph\" data-v-f16c667d=\"\" data-v-439309db=\"\">Am Sonntag (17.00 Uhr bei Magentasport) gehen die deutsch-holl\u00e4ndischen Hockey-Festspiele am Niederrhein noch weiter: Auch im Endspiel der Frauen stehen sich die beiden Erzrivalen gegen\u00fcber.<\/p>\n<p class=\"p1 sm:p1-medium items-start pb-[20px]\" data-selector=\"body-paragraph\" data-external-selector=\"body-elements-paragraph\" data-v-f16c667d=\"\" data-v-439309db=\"\">Die niederl\u00e4ndischen M\u00e4nner erwischten den besseren Start in das Match. Gegen zun\u00e4chst tief in der eigenen H\u00e4lfte stehende Deutsche hatten sie einige erfolgversprechende Kreiseintritte und einen Schuss gegen den Pfosten (8. Minute) durch Bijen. Ein Schreckmoment, den die Deutschen gut verarbeiteten und sich zun\u00e4chst etwas aus der Umklammerung l\u00f6sen konnten. In letzter Sekunde des ersten Viertels dann eine spektakul\u00e4re Szene, als Bijen den deutschen Torh\u00fcter Danneberg, der in der ersten Halbzeit aus Sicht des Bundestrainers zu h\u00e4ufig im Blickpunkt stand, zu einer sehenswerten Flugeinlage zwang (15.).<\/p>\n<p>Gro\u00dfe niederl\u00e4ndische \u00dcberlegenheit<\/p>\n<p class=\"p1 sm:p1-medium items-start pb-[20px]\" data-selector=\"body-paragraph\" data-external-selector=\"body-elements-paragraph\" data-v-f16c667d=\"\" data-v-439309db=\"\">Die Niederl\u00e4nder wirkten in der ersten Halbzeit fast durchg\u00e4ngig (gedanken-)schneller und zielstrebiger als die Deutschen, die sich im Offensivspiel sehr schwer taten. Ein Solo von Michael Struthoff, dessen juvenil wirkende Unbek\u00fcmmertheit sich w\u00e4hrend des Turniers als ein Gewinn f\u00fcr das Team erwies, \u00fcber den halben Platz, begl\u00fcckte die Fans im mit 9400 Zuschauern ausverkauften, gr\u00f6\u00dften Hockeystadion Europas erstmals. Zwei Strafecken f\u00fcr die DHB-Auswahl brachten in der Folge nichts ein. Daf\u00fcr war die erste auf der Gegenseite gleich ein Treffer. Ein eigentlich verungl\u00fcckter Ablauf f\u00fchrte zum verdienten F\u00fchrungstor f\u00fcr die Niederl\u00e4nder durch Reyenga (26.).<\/p>\n<p class=\"p1 sm:p1-medium items-start pb-[20px]\" data-selector=\"body-paragraph\" data-external-selector=\"body-elements-paragraph\" data-v-f16c667d=\"\" data-v-439309db=\"\">Die zweite H\u00e4lfte war keine 30 Sekunden alt, als es vor dem deutschen Tor schon wieder brenzlig wurde. Eine Serie von holl\u00e4ndischen Strafecken \u00fcberstanden die Deutschen \u2013 auch dank Dannebergs Reaktionsschnelligkeit \u2013 gerade noch schadlos. Die Feld\u00fcberlegenheit und das Chancenplus der Niederl\u00e4nder waren frappierend und dr\u00fcckte auch auf die Stimmung im Gladbacher Hockey-Park.<\/p>\n<p><img decoding=\"async\" alt=\"Der Lohn der ganzen Arbeit: Torh\u00fcger Jean-Paul Danneberg mit dem EM-Pokal\" height=\"2101\" loading=\"lazy\"   src=\"https:\/\/www.europesays.com\/de\/wp-content\/uploads\/2025\/08\/der-lohn-der-ganzen-arbeit.jpg\" width=\"3000\" class=\"sm:w-content-sm w-full\" tabindex=\"0\"\/>Der Lohn der ganzen Arbeit: Torh\u00fcger Jean-Paul Danneberg mit dem EM-PokalEPA<\/p>\n<p class=\"p1 sm:p1-medium items-start pb-[20px]\" data-selector=\"body-paragraph\" data-external-selector=\"body-elements-paragraph\" data-v-f16c667d=\"\" data-v-439309db=\"\">W\u00e4hrend die Kombinationen von \u201eOranje\u201c fl\u00fcssig und planvoll wirkten, haftete dem deutschen Spiel etwas Schwerf\u00e4lliges, auf Zufall ausgerichtetes an. Bei allem notwendigen Fokus auf die Abwehrarbeit gegen diesen starken Gegner fehlte drei Viertel lang die Energie f\u00fcr griffiges Offensivspiel.<\/p>\n<p class=\"p1 sm:p1-medium items-start pb-[20px]\" data-selector=\"body-paragraph\" data-external-selector=\"body-elements-paragraph\" data-v-f16c667d=\"\" data-v-439309db=\"\">Doch die Deutschen sind seit Jahren f\u00fcr ihre ausgepr\u00e4gten, auch bei dieser EM schon abgerufenen Comeback-Qualit\u00e4ten bekannt. Und sie lieferten prompt. Der vierte Spielabschnitt war nur 55 Sekunden alt, als Justus Weigand im Kreis an den Ball kam und dessen R\u00fcckhandschuss pr\u00e4zise im langen Eck landete \u2013 1:1 quasi aus dem Nichts (46.).<\/p>\n<p class=\"p1 sm:p1-medium items-start pb-[20px]\" data-selector=\"body-paragraph\" data-external-selector=\"body-elements-paragraph\" data-v-f16c667d=\"\" data-v-439309db=\"\">Und der Hockey-Park bebte zum Auftakt einer immens spannenden Schlussphase, in der die Deutschen gegen den etwas konsterniert wirkenden Olympiasieger pl\u00f6tzlich auf Augenh\u00f6he agierten, ja sogar mehr Ballbesitz hatten. Doch vor Eintritt in den Kreis war meist Endstation f\u00fcr die deutschen Bem\u00fchungen. Schon das Finale um Olympia-Gold war 1:1 geendet und musste im Penaltyschie\u00dfen entschieden werden \u2013 so auch das Match um EM-Gold. Mit dem besseren Ende f\u00fcr das deutsche Team.<\/p>\n","protected":false},"excerpt":{"rendered":"Eine letzte kurze Umarmung durch den Bundestrainer, ein paar Handshakes von den Mitspielern, dann schritt Torh\u00fcter Jean-Paul Danneberg&hellip;\n","protected":false},"author":2,"featured_media":350268,"comment_status":"","ping_status":"","sticky":false,"template":"","format":"standard","meta":{"footnotes":""},"categories":[136],"tags":[29,30,265],"class_list":{"0":"post-350267","1":"post","2":"type-post","3":"status-publish","4":"format-standard","5":"has-post-thumbnail","7":"category-sport","8":"tag-deutschland","9":"tag-germany","10":"tag-sport"},"share_on_mastodon":{"url":"https:\/\/pubeurope.com\/@de\/115040807096422166","error":""},"_links":{"self":[{"href":"https:\/\/www.europesays.com\/de\/wp-json\/wp\/v2\/posts\/350267","targetHints":{"allow":["GET"]}}],"collection":[{"href":"https:\/\/www.europesays.com\/de\/wp-json\/wp\/v2\/posts"}],"about":[{"href":"https:\/\/www.europesays.com\/de\/wp-json\/wp\/v2\/types\/post"}],"author":[{"embeddable":true,"href":"https:\/\/www.europesays.com\/de\/wp-json\/wp\/v2\/users\/2"}],"replies":[{"embeddable":true,"href":"https:\/\/www.europesays.com\/de\/wp-json\/wp\/v2\/comments?post=350267"}],"version-history":[{"count":0,"href":"https:\/\/www.europesays.com\/de\/wp-json\/wp\/v2\/posts\/350267\/revisions"}],"wp:featuredmedia":[{"embeddable":true,"href":"https:\/\/www.europesays.com\/de\/wp-json\/wp\/v2\/media\/350268"}],"wp:attachment":[{"href":"https:\/\/www.europesays.com\/de\/wp-json\/wp\/v2\/media?parent=350267"}],"wp:term":[{"taxonomy":"category","embeddable":true,"href":"https:\/\/www.europesays.com\/de\/wp-json\/wp\/v2\/categories?post=350267"},{"taxonomy":"post_tag","embeddable":true,"href":"https:\/\/www.europesays.com\/de\/wp-json\/wp\/v2\/tags?post=350267"}],"curies":[{"name":"wp","href":"https:\/\/api.w.org\/{rel}","templated":true}]}}