{"id":350304,"date":"2025-08-16T22:50:38","date_gmt":"2025-08-16T22:50:38","guid":{"rendered":"https:\/\/www.europesays.com\/de\/350304\/"},"modified":"2025-08-16T22:50:38","modified_gmt":"2025-08-16T22:50:38","slug":"forum-baukultur-will-bielefelder-altstadt-erhalten","status":"publish","type":"post","link":"https:\/\/www.europesays.com\/de\/350304\/","title":{"rendered":"Forum Baukultur will Bielefelder Altstadt erhalten"},"content":{"rendered":"<p class=\"fp-paragraph\">Dr. Peter Stuckhard vom Forum Baukultur beklagt, dass es zwar eine Gestaltungssatzung f\u00fcr die Altstadt gebe, die aber seit 1993 unver\u00e4ndert sei. \u00a0Seitdem h\u00e4tten sich Gesetze ge\u00e4ndert, die Altstadt selber habe sich ver\u00e4ndert. So schreibe die Satzung etwa vor, dass \u00a0\u201eder Abbruch die Nutzungs\u00e4nderung \u00a0sowie die Errichtung baulicher Anlagen einer besonderen Genehmigung\u201c bed\u00fcrften. \u00a0Doch laut Bauordnung des Landes, seit 2019 in Kraft, ist f\u00fcr den Abbruch von Geb\u00e4uden &#8211; es sei denn, sie st\u00e4nden unter Denkmalschutz &#8211; grunds\u00e4tzlich keine Baugenehmigung mehr erforderlich.<\/p>\n<p>Top informiert mit<\/p>\n<p><strong>im 1. Monat<\/strong><\/p>\n<p>0,99 \u20ac*<a href=\"https:\/\/abo.westfalen-blatt.de\/Digital+Basis.htm?utm_source=Website&amp;utm_medium=Layer&amp;utm_campaign=noUEG&amp;pwlayer=plus&amp;ezobjectid=3370616\" class=\"fp-button fp-button__primary fp-paywall-action-submit\" style=\"background-color: #000000;\" rel=\"nofollow noopener\" target=\"_blank\">weiter<\/a>*danach 7 \u20ac \/ Monat<\/p>\n<p>monatlich k\u00fcndbar<\/p>\n<p class=\"fp-article-paywall__plan--description\">freier Zugriff auf alle WB+ Inhalte und die News-App<\/p>\n<p><strong>pro Woche<\/strong><\/p>\n<p>1 \u20ac<a href=\"https:\/\/abo.westfalen-blatt.de\/_article\/Digital-Basis-Wochenabo?utm_source=Website&amp;utm_medium=Layer&amp;utm_campaign=noUEG&amp;pwlayer=plus&amp;ezobjectid=3370616\" class=\"fp-button fp-button__primary fp-paywall-action-submit\" style=\"background-color: #000000;\" rel=\"nofollow noopener\" target=\"_blank\">weiter<\/a>ab dem 2. Jahr 2 \u20ac \/ Woche<\/p>\n<p>monatlich k\u00fcndbar<\/p>\n<p class=\"fp-article-paywall__plan--description\">freier Zugriff auf alle WB+ Inhalte und die News-App<\/p>\n<p><strong>1 Jahr<\/strong><\/p>\n<p>59 \u20ac<a href=\"https:\/\/abo.westfalen-blatt.de\/Digital+Basis+Jahrespass.htm?utm_source=Website&amp;utm_medium=Layer&amp;utm_campaign=noUEG&amp;pwlayer=plus&amp;ezobjectid=3370616\" class=\"fp-button fp-button__primary fp-paywall-action-submit\" style=\"background-color: #000000;\" rel=\"nofollow noopener\" target=\"_blank\"><\/a><\/p>\n<p class=\"fp-article-paywall__plan--description\">freier Zugriff auf alle WB+ Inhalte und die News-App<\/p>\n<p>Sie haben bereits ein Abonnement? <a title=\"Hier einloggen\" alt=\"Hier einloggen\" href=\"https:\/\/account.westfalen-blatt.de\/login?redurl=https:\/\/www.westfalen-blatt.de\/owl\/bielefeld\/altstadt-suesterplatz-baukultur-umbau-umgestaltung-klosterplatz-druckerei-3370616?pid=true&amp;ueg=default\" rel=\"nofollow noopener\" target=\"_blank\"><a href=\"https:\/\/account.westfalen-blatt.de\/login?redurl=https:\/\/www.westfalen-blatt.de\/?redurl=https:\/\/www.westfalen-blatt.de\/owl\/bielefeld\/altstadt-suesterplatz-baukultur-umbau-umgestaltung-klosterplatz-druckerei-3370616?pid=true&amp;ueg=default\" rel=\"nofollow noopener\" target=\"_blank\">\u00a0<a href=\"https:\/\/account.westfalen-blatt.de\/login?redurl=https:\/\/www.westfalen-blatt.de\/owl\/bielefeld\/altstadt-suesterplatz-baukultur-umbau-umgestaltung-klosterplatz-druckerei-3370616?pid=true&amp;ueg=default\" rel=\"nofollow noopener\" target=\"_blank\">Jetzt anmelden<\/a><a href=\"https:\/\/account.westfalen-blatt.de\/login?redurl=https:\/\/www.westfalen-blatt.de\/?redurl=https:\/\/www.westfalen-blatt.de\/owl\/bielefeld\/altstadt-suesterplatz-baukultur-umbau-umgestaltung-klosterplatz-druckerei-3370616?pid=true&amp;ueg=default\" rel=\"nofollow noopener\" target=\"_blank\"><a href=\"https:\/\/account.westfalen-blatt.de\/login?redurl=https:\/\/www.westfalen-blatt.de\/?redurl=https:\/\/www.westfalen-blatt.de\/owl\/bielefeld\/altstadt-suesterplatz-baukultur-umbau-umgestaltung-klosterplatz-druckerei-3370616?pid=true&amp;ueg=default\" rel=\"nofollow noopener\" target=\"_blank\"><\/p>\n","protected":false},"excerpt":{"rendered":"Dr. Peter Stuckhard vom Forum Baukultur beklagt, dass es zwar eine Gestaltungssatzung f\u00fcr die Altstadt gebe, die aber&hellip;\n","protected":false},"author":2,"featured_media":350305,"comment_status":"","ping_status":"","sticky":false,"template":"","format":"standard","meta":{"footnotes":""},"categories":[1841],"tags":[1605,3364,29,30,1209],"class_list":{"0":"post-350304","1":"post","2":"type-post","3":"status-publish","4":"format-standard","5":"has-post-thumbnail","7":"category-bielefeld","8":"tag-bielefeld","9":"tag-de","10":"tag-deutschland","11":"tag-germany","12":"tag-nordrhein-westfalen"},"share_on_mastodon":{"url":"https:\/\/pubeurope.com\/@de\/115040893398760496","error":""},"_links":{"self":[{"href":"https:\/\/www.europesays.com\/de\/wp-json\/wp\/v2\/posts\/350304","targetHints":{"allow":["GET"]}}],"collection":[{"href":"https:\/\/www.europesays.com\/de\/wp-json\/wp\/v2\/posts"}],"about":[{"href":"https:\/\/www.europesays.com\/de\/wp-json\/wp\/v2\/types\/post"}],"author":[{"embeddable":true,"href":"https:\/\/www.europesays.com\/de\/wp-json\/wp\/v2\/users\/2"}],"replies":[{"embeddable":true,"href":"https:\/\/www.europesays.com\/de\/wp-json\/wp\/v2\/comments?post=350304"}],"version-history":[{"count":0,"href":"https:\/\/www.europesays.com\/de\/wp-json\/wp\/v2\/posts\/350304\/revisions"}],"wp:featuredmedia":[{"embeddable":true,"href":"https:\/\/www.europesays.com\/de\/wp-json\/wp\/v2\/media\/350305"}],"wp:attachment":[{"href":"https:\/\/www.europesays.com\/de\/wp-json\/wp\/v2\/media?parent=350304"}],"wp:term":[{"taxonomy":"category","embeddable":true,"href":"https:\/\/www.europesays.com\/de\/wp-json\/wp\/v2\/categories?post=350304"},{"taxonomy":"post_tag","embeddable":true,"href":"https:\/\/www.europesays.com\/de\/wp-json\/wp\/v2\/tags?post=350304"}],"curies":[{"name":"wp","href":"https:\/\/api.w.org\/{rel}","templated":true}]}}