{"id":350309,"date":"2025-08-16T22:53:17","date_gmt":"2025-08-16T22:53:17","guid":{"rendered":"https:\/\/www.europesays.com\/de\/350309\/"},"modified":"2025-08-16T22:53:17","modified_gmt":"2025-08-16T22:53:17","slug":"der-rohbau-in-der-wuppertaler-forestastrasse-beginnt","status":"publish","type":"post","link":"https:\/\/www.europesays.com\/de\/350309\/","title":{"rendered":"Der Rohbau in der Wuppertaler Forestastra\u00dfe beginnt"},"content":{"rendered":"<p class=\"text_ohne_einzug richtext text-em-55 !leading-serif mx-6 desktop:mx-0\">Auf dem Areal der Ende 2023 abgerissenen Gastst\u00e4tte errichtet die Bautr\u00e4gergesellschaft DSK drei Mehrfamilienh\u00e4user mit 16 Wohnungen, Tiefgrarage und Stellpl\u00e4tzen. Gesch\u00e4ftsf\u00fchrer Soni Biela bet\u00e4tigte jetzt gegen\u00fcber der Rundschau, dass der Rohbau in diesen Tagen in Angriff genommen werde. Und erz\u00e4hlt von den daf\u00fcr n\u00f6tigen zeitaufw\u00e4ndigen Vorbereitungen nach Erhalt der Baugenehmigung. Die bezogen sich vor allem auf Erdarbeiten.<\/p>\n","protected":false},"excerpt":{"rendered":"Auf dem Areal der Ende 2023 abgerissenen Gastst\u00e4tte errichtet die Bautr\u00e4gergesellschaft DSK drei Mehrfamilienh\u00e4user mit 16 Wohnungen, Tiefgrarage&hellip;\n","protected":false},"author":2,"featured_media":350310,"comment_status":"","ping_status":"","sticky":false,"template":"","format":"standard","meta":{"footnotes":""},"categories":[1840],"tags":[3364,29,30,1209,4418],"class_list":{"0":"post-350309","1":"post","2":"type-post","3":"status-publish","4":"format-standard","5":"has-post-thumbnail","7":"category-wuppertal","8":"tag-de","9":"tag-deutschland","10":"tag-germany","11":"tag-nordrhein-westfalen","12":"tag-wuppertal"},"share_on_mastodon":{"url":"https:\/\/pubeurope.com\/@de\/115040905053272801","error":""},"_links":{"self":[{"href":"https:\/\/www.europesays.com\/de\/wp-json\/wp\/v2\/posts\/350309","targetHints":{"allow":["GET"]}}],"collection":[{"href":"https:\/\/www.europesays.com\/de\/wp-json\/wp\/v2\/posts"}],"about":[{"href":"https:\/\/www.europesays.com\/de\/wp-json\/wp\/v2\/types\/post"}],"author":[{"embeddable":true,"href":"https:\/\/www.europesays.com\/de\/wp-json\/wp\/v2\/users\/2"}],"replies":[{"embeddable":true,"href":"https:\/\/www.europesays.com\/de\/wp-json\/wp\/v2\/comments?post=350309"}],"version-history":[{"count":0,"href":"https:\/\/www.europesays.com\/de\/wp-json\/wp\/v2\/posts\/350309\/revisions"}],"wp:featuredmedia":[{"embeddable":true,"href":"https:\/\/www.europesays.com\/de\/wp-json\/wp\/v2\/media\/350310"}],"wp:attachment":[{"href":"https:\/\/www.europesays.com\/de\/wp-json\/wp\/v2\/media?parent=350309"}],"wp:term":[{"taxonomy":"category","embeddable":true,"href":"https:\/\/www.europesays.com\/de\/wp-json\/wp\/v2\/categories?post=350309"},{"taxonomy":"post_tag","embeddable":true,"href":"https:\/\/www.europesays.com\/de\/wp-json\/wp\/v2\/tags?post=350309"}],"curies":[{"name":"wp","href":"https:\/\/api.w.org\/{rel}","templated":true}]}}