{"id":350311,"date":"2025-08-16T22:54:08","date_gmt":"2025-08-16T22:54:08","guid":{"rendered":"https:\/\/www.europesays.com\/de\/350311\/"},"modified":"2025-08-16T22:54:08","modified_gmt":"2025-08-16T22:54:08","slug":"einbruch-in-witten-polizeihund-beisst-jungen-verdaechtigen","status":"publish","type":"post","link":"https:\/\/www.europesays.com\/de\/350311\/","title":{"rendered":"Einbruch in Witten: Polizeihund bei\u00dft jungen Verd\u00e4chtigen"},"content":{"rendered":"<p class=\"font-sans font-medium\">Witten. Der Einbruch in ein Wittener Caf\u00e9 hat sich f\u00fcr zwei junge M\u00e4nner nicht ausgezahlt. Es gab eine unangenehme Begegnung &#8211; mit der Polizei auf zwei und auf vier Beinen.<\/p>\n<p class=\"\">Die <a href=\"https:\/\/www.waz.de\/lokales\/witten\/article408538733\/kriminalitaet-in-witten-aufklaerungsquote-auf-rekordniveau.html\" data-category-full-path=\"https:\/\/www.waz.de\/lokales\/witten\/\" data-paid-status=\"premium\" data-article-publish-date=\"1742219400\" rel=\"nofollow noopener\" target=\"_blank\">Polizei <\/a>hat am fr\u00fchen Samstagmorgen (16.8.) in der Wittener Innenstadt zwei<a href=\"https:\/\/www.waz.de\/lokales\/witten\/article407080760\/einbruch-in-city-restaurant-polizei-in-witten-sucht-zeugen.html\" data-category-full-path=\"https:\/\/www.waz.de\/lokales\/witten\/\" data-paid-status=\"free\" data-article-publish-date=\"1724410611\" rel=\"nofollow noopener\" target=\"_blank\"> Einbrecher <\/a>auf frischer Tat ertappt und vorl\u00e4ufig festgenommen. So schildert die Leitstelle den Fall.<\/p>\n<p class=\"\">Eine Zeugin hatte gegen 2.20 Uhr den Notruf 110 gew\u00e4hlt, nachdem sie zwei verd\u00e4chtige Personen beobachtet hatte, die in ein Caf\u00e9 an der oberen Bahnhofstra\u00dfe einbrachen. Nach Informationen der Redaktion handelt es sich offenbar um das <a href=\"https:\/\/www.waz.de\/staedte\/witten\/article232357873\/Witten-Cafe-Leye-feiert-nach-vielen-Jahren-Wiedereroeffnung.html\" data-category-full-path=\"\/staedte\/witten\/\" data-paid-status=\"premium\" data-article-publish-date=\"1621763327\" rel=\"nofollow noopener\" target=\"_blank\">Caf\u00e9 Leye. <\/a>Die Einsatzkr\u00e4fte konnten die beiden mutma\u00dflichen T\u00e4ter &#8211; einen 18-j\u00e4hrigen Wittener und einen 21-J\u00e4hrigen aus Oy-Mittelberg (Bayern) &#8211; noch vor Ort stellen und festnehmen.<\/p>\n<p>Tatverd\u00e4chtiger hatte sich in Wittener Caf\u00e9 versteckt<\/p>\n<p class=\"\">Wie die Polizei mitteilte, kam dabei ein <a href=\"https:\/\/www.waz.de\/staedte\/bochum\/article239892771\/Polizeihund-Guenni-geht-in-Ruhestand-eine-ehrliche-Seele.html\" data-category-full-path=\"\/staedte\/bochum\/\" data-paid-status=\"free\" data-article-publish-date=\"1698570000\" rel=\"nofollow noopener\" target=\"_blank\">Diensthund <\/a>zum Einsatz. Mit dem Tier wurde das Caf\u00e9 zun\u00e4chst abgesucht. Tats\u00e4chlich stellte der Hund dann einen der Verd\u00e4chtigen, den 18-j\u00e4hrigen Wittener, der sich laut Polizei versteckt hatte. Er wurde von dem <a href=\"https:\/\/www.waz.de\/lokales\/witten\/article409617614\/tierheim-witten-gestohlener-thyson-hat-jetzt-ein-neues-zuhause.html\" data-category-full-path=\"https:\/\/www.waz.de\/lokales\/witten\/\" data-paid-status=\"premium\" data-article-publish-date=\"1754730600\" rel=\"nofollow noopener\" target=\"_blank\">Hund <\/a>in den rechten Unterarm gebissen und dabei <a href=\"https:\/\/www.waz.de\/lokales\/witten\/article408920509\/bei-einbruch-verletzter-hund-warum-mavis-schon-so-lange-im-tierheim-lebt.html\" data-category-full-path=\"https:\/\/www.waz.de\/lokales\/witten\/\" data-paid-status=\"free\" data-article-publish-date=\"1747494000\" rel=\"nofollow noopener\" target=\"_blank\">leicht verletzt.<\/a><\/p>\n<p>    Lesen Sie auch<\/p>\n<p class=\"\">Als Beute war dem Diebesduo ein Tresor in die H\u00e4nde gefallen, den die Polizei sicherstellen konnte. Das zust\u00e4ndige Kriminalkommissariat hat die weiteren Ermittlungen \u00fcbernommen.<\/p>\n","protected":false},"excerpt":{"rendered":"Witten. Der Einbruch in ein Wittener Caf\u00e9 hat sich f\u00fcr zwei junge M\u00e4nner nicht ausgezahlt. Es gab eine&hellip;\n","protected":false},"author":2,"featured_media":350312,"comment_status":"","ping_status":"","sticky":false,"template":"","format":"standard","meta":{"footnotes":""},"categories":[1839],"tags":[7507,3364,29,30,1209],"class_list":{"0":"post-350311","1":"post","2":"type-post","3":"status-publish","4":"format-standard","5":"has-post-thumbnail","7":"category-bochum","8":"tag-bochum","9":"tag-de","10":"tag-deutschland","11":"tag-germany","12":"tag-nordrhein-westfalen"},"share_on_mastodon":{"url":"https:\/\/pubeurope.com\/@de\/115040909022196088","error":""},"_links":{"self":[{"href":"https:\/\/www.europesays.com\/de\/wp-json\/wp\/v2\/posts\/350311","targetHints":{"allow":["GET"]}}],"collection":[{"href":"https:\/\/www.europesays.com\/de\/wp-json\/wp\/v2\/posts"}],"about":[{"href":"https:\/\/www.europesays.com\/de\/wp-json\/wp\/v2\/types\/post"}],"author":[{"embeddable":true,"href":"https:\/\/www.europesays.com\/de\/wp-json\/wp\/v2\/users\/2"}],"replies":[{"embeddable":true,"href":"https:\/\/www.europesays.com\/de\/wp-json\/wp\/v2\/comments?post=350311"}],"version-history":[{"count":0,"href":"https:\/\/www.europesays.com\/de\/wp-json\/wp\/v2\/posts\/350311\/revisions"}],"wp:featuredmedia":[{"embeddable":true,"href":"https:\/\/www.europesays.com\/de\/wp-json\/wp\/v2\/media\/350312"}],"wp:attachment":[{"href":"https:\/\/www.europesays.com\/de\/wp-json\/wp\/v2\/media?parent=350311"}],"wp:term":[{"taxonomy":"category","embeddable":true,"href":"https:\/\/www.europesays.com\/de\/wp-json\/wp\/v2\/categories?post=350311"},{"taxonomy":"post_tag","embeddable":true,"href":"https:\/\/www.europesays.com\/de\/wp-json\/wp\/v2\/tags?post=350311"}],"curies":[{"name":"wp","href":"https:\/\/api.w.org\/{rel}","templated":true}]}}