{"id":350363,"date":"2025-08-16T23:26:16","date_gmt":"2025-08-16T23:26:16","guid":{"rendered":"https:\/\/www.europesays.com\/de\/350363\/"},"modified":"2025-08-16T23:26:16","modified_gmt":"2025-08-16T23:26:16","slug":"stadtgebiet-duesseldorf-geschwindigkeitskontrollen-durch-verkehrsdienst-der-polizei","status":"publish","type":"post","link":"https:\/\/www.europesays.com\/de\/350363\/","title":{"rendered":"Stadtgebiet D\u00fcsseldorf: Geschwindigkeitskontrollen durch Verkehrsdienst der Polizei"},"content":{"rendered":"<p>\t\t\t\t\t\t\t\t\t<img fetchpriority=\"high\" decoding=\"async\" aria-describedby=\"caption-attachment-68565\" class=\"size-full wp-image-68565\" src=\"https:\/\/www.europesays.com\/de\/wp-content\/uploads\/2025\/04\/IMG_7998-2.jpeg\" alt=\"Symbolbild Polizei \u00a9 Lokalb\u00fcro\" width=\"1024\" height=\"768\"  \/><\/p>\n<p id=\"caption-attachment-68565\" class=\"wp-caption-text\">Sym\u00adbol\u00adbild Poli\u00adzei \u00a9 Lokalb\u00fcro<\/p>\n<p>\u00a0<\/p>\n<p style=\"text-align: justify;\" data-start=\"189\" data-end=\"278\"><strong data-start=\"189\" data-end=\"276\">\u201cTages\u00adre\u00adkordra\u00adser\u201d fuhr mit \u00fcber 100 km\/h bei erlaub\u00adten 50 km\/h \u2013 eine kurze Bilanz<\/strong><\/p>\n<p style=\"text-align: justify;\" data-start=\"304\" data-end=\"357\"><strong data-start=\"304\" data-end=\"355\">Frei\u00adtag, 15. August 2025, 17:00 Uhr \u2013 00:00\u00a0Uhr<\/strong><\/p>\n<p style=\"text-align: justify;\" data-start=\"359\" data-end=\"729\">Die Direk\u00adtion Ver\u00adkehr des Poli\u00adzei\u00adpr\u00e4\u00adsi\u00addi\u00adums D\u00fcs\u00adsel\u00addorf kon\u00adtrol\u00adlierte am fr\u00fc\u00adhen Frei\u00adtag\u00adabend im Rah\u00admen der Kon\u00adtroll\u00adak\u00adtion zur Ahn\u00addung von Ver\u00adst\u00f6\u00ad\u00dfen gegen\u00ad\u00fcber schw\u00e4\u00adche\u00adren Ver\u00adkehrs\u00adteil\u00adneh\u00admern im Gebiet der Lan\u00addes\u00adhaupt\u00adstadt zahl\u00adrei\u00adche Fahr\u00adzeug\u00adf\u00fch\u00adrer an ver\u00adschie\u00adde\u00adnen \u00d6rt\u00adlich\u00adkei\u00adten im Stadt\u00adge\u00adbiet. Unter ande\u00adrem wur\u00adden dabei auch gezielt zivile Ein\u00adsatz\u00adfahr\u00adzeuge eingesetzt.<\/p>\n<p style=\"text-align: justify;\" data-start=\"731\" data-end=\"971\">Mit Ein\u00adbruch der D\u00e4m\u00adme\u00adrung rich\u00adte\u00adten die Ein\u00adsatz\u00adteams eine Kon\u00adtroll\u00adstelle an der Wers\u00adte\u00adner Stra\u00dfe\/Universit\u00e4tsstra\u00dfe ein, w\u00e4h\u00adrend im gesam\u00adten Kon\u00adtroll\u00adzeit\u00adraum sta\u00adtio\u00adn\u00e4re Geschwin\u00addig\u00adkeits\u00adkon\u00adtrol\u00adlen an der Ceci\u00adli\u00aden\u00adal\u00adlee durch\u00adge\u00adf\u00fchrt wurden.<\/p>\n<p style=\"text-align: justify;\" data-start=\"973\" data-end=\"1613\">Im Bereich der Kon\u00adtroll\u00adstelle Wers\u00adte\u00adner Stra\u00dfe\/Universit\u00e4tsstra\u00dfe erfolg\u00adten zudem vor\u00adge\u00adla\u00adgerte Geschwin\u00addig\u00adkeits\u00admes\u00adsun\u00adgen mit anschlie\u00ad\u00dfen\u00addem Anhal\u00adten der Delin\u00adquen\u00adten im Kon\u00adtroll\u00adstel\u00adlen\u00adbe\u00adreich. Nach einer Geschwin\u00addig\u00adkeits\u00ad\u00fcber\u00adschrei\u00adtung von 92 km\/h bei erlaub\u00adten 50 km\/h ver\u00adsuchte sich ein nie\u00adder\u00adl\u00e4n\u00addi\u00adscher Fahr\u00adzeug\u00adf\u00fch\u00adrer \u00fcber den benach\u00adbar\u00adten Geh\u00adweg der Kon\u00adtrolle zu ent\u00adzie\u00adhen. Nach kur\u00adzer Nach\u00adfahrt durch einen Krad\u00adfah\u00adrer wurde das Fahr\u00adzeug gestoppt. Der Ver\u00adsto\u00df wurde nach inten\u00adsi\u00adver Kon\u00adtrolle des Fahr\u00adzeugs und der Insas\u00adsen mit einer Ord\u00adnungs\u00adwid\u00adrig\u00adkei\u00adten\u00adan\u00adzeige geahn\u00addet. Gl\u00fcck\u00adli\u00adcher\u00adweise kam es hier\u00adbei zu kei\u00adner\u00adlei Gef\u00e4hr\u00addung Dritter.<\/p>\n<p style=\"text-align: justify;\" data-start=\"1615\" data-end=\"1786\">\u201cRaser des Tages\u201d war ein D\u00fcs\u00adsel\u00addor\u00adfer, der bei erlaub\u00adten 50 km\/h mit 123 km\/h gemes\u00adsen wurde. Die\u00adser d\u00fcrfte mit einem hohen Bu\u00df\u00adgeld und einem Fahr\u00adver\u00adbot rech\u00adnen m\u00fcssen.<\/p>\n<p style=\"text-align: justify;\" data-start=\"1788\" data-end=\"2127\">Auf der Ceci\u00adli\u00aden\u00adal\u00adlee wur\u00adden im Kon\u00adtroll\u00adzeit\u00adraum 1.543 Fahr\u00adzeuge gemes\u00adsen. Hier\u00adaus erga\u00adben sich bei gerin\u00adge\u00adren Geschwin\u00addig\u00adkeits\u00adver\u00adst\u00f6\u00ad\u00dfen 14 Ver\u00adwar\u00adnungs\u00adgel\u00adder und bei schwe\u00adre\u00adren Ver\u00adst\u00f6\u00ad\u00dfen 5 Ord\u00adnungs\u00adwid\u00adrig\u00adkei\u00adten\u00adan\u00adzei\u00adgen. Die h\u00f6chs\u00adten hier gemes\u00adse\u00adnen \u00dcber\u00adschrei\u00adtun\u00adgen waren ein\u00admal 71 km\/h bei einem Pkw und 78 km\/h bei einem Motorradfahrer.<\/p>\n<p style=\"text-align: justify;\" data-start=\"2129\" data-end=\"2660\">Im Bereich der Kon\u00adtroll\u00adstelle Wers\u00adte\u00adner Stra\u00dfe und Innen\u00adstadt wur\u00adden zudem 41 Fahr\u00adrad\u00adfah\u00adrer kon\u00adtrol\u00adliert. Dabei stell\u00adten die Beam\u00adtin\u00adnen und Beam\u00adten ins\u00adge\u00adsamt 51 Ver\u00adwar\u00adnungs\u00adgel\u00adder (teil\u00adweise Mehr\u00adfach\u00adver\u00adst\u00f6\u00dfe bei einem Rad\u00adfah\u00adrer) sowie f\u00fcnf Ord\u00adnungs\u00adwid\u00adrig\u00adkei\u00adten\u00adan\u00adzei\u00adgen aus. Auch 14 Elek\u00adtro\u00adkleinst\u00adfahr\u00adzeuge wur\u00adden kon\u00adtrol\u00adliert. Ins\u00adge\u00adsamt ahn\u00adde\u00adten die Ein\u00adsatz\u00adteams hier 10 Ver\u00adst\u00f6\u00dfe. In einem Fall bestand der Ver\u00addacht auf Fah\u00adren unter dem Ein\u00adfluss von Alko\u00adhol bzw. Bet\u00e4u\u00adbungs\u00admit\u00adteln, was zu einer Ord\u00adnungs\u00adwid\u00adrig\u00adkei\u00adten\u00adan\u00adzeige f\u00fchrte.<\/p>\n<p style=\"text-align: justify;\" data-start=\"2662\" data-end=\"2910\">Bei den kon\u00adtrol\u00adlier\u00adten Pkw bilan\u00adzier\u00adten die Ein\u00adsatz\u00adteams \u00fcber die Geschwin\u00addig\u00adkeits\u00adver\u00adst\u00f6\u00dfe hin\u00adaus ins\u00adge\u00adsamt 62 wei\u00adtere Ver\u00adst\u00f6\u00dfe. Hier\u00adun\u00adter fie\u00adlen vier Ver\u00adkehrs\u00adver\u00adge\u00adhens\u00adan\u00adzei\u00adgen, unter ande\u00adrem wegen des Ver\u00addachts des Fah\u00adrens unter Lachgaseinfluss.<\/p>\n","protected":false},"excerpt":{"rendered":"Sym\u00adbol\u00adbild Poli\u00adzei \u00a9 Lokalb\u00fcro \u00a0 \u201cTages\u00adre\u00adkordra\u00adser\u201d fuhr mit \u00fcber 100 km\/h bei erlaub\u00adten 50 km\/h \u2013 eine kurze&hellip;\n","protected":false},"author":2,"featured_media":49183,"comment_status":"","ping_status":"","sticky":false,"template":"","format":"standard","meta":{"footnotes":""},"categories":[1831],"tags":[3364,29,3405,30,1209],"class_list":{"0":"post-350363","1":"post","2":"type-post","3":"status-publish","4":"format-standard","5":"has-post-thumbnail","7":"category-duesseldorf","8":"tag-de","9":"tag-deutschland","10":"tag-duesseldorf","11":"tag-germany","12":"tag-nordrhein-westfalen"},"share_on_mastodon":{"url":"https:\/\/pubeurope.com\/@de\/115041034957275928","error":""},"_links":{"self":[{"href":"https:\/\/www.europesays.com\/de\/wp-json\/wp\/v2\/posts\/350363","targetHints":{"allow":["GET"]}}],"collection":[{"href":"https:\/\/www.europesays.com\/de\/wp-json\/wp\/v2\/posts"}],"about":[{"href":"https:\/\/www.europesays.com\/de\/wp-json\/wp\/v2\/types\/post"}],"author":[{"embeddable":true,"href":"https:\/\/www.europesays.com\/de\/wp-json\/wp\/v2\/users\/2"}],"replies":[{"embeddable":true,"href":"https:\/\/www.europesays.com\/de\/wp-json\/wp\/v2\/comments?post=350363"}],"version-history":[{"count":0,"href":"https:\/\/www.europesays.com\/de\/wp-json\/wp\/v2\/posts\/350363\/revisions"}],"wp:featuredmedia":[{"embeddable":true,"href":"https:\/\/www.europesays.com\/de\/wp-json\/wp\/v2\/media\/49183"}],"wp:attachment":[{"href":"https:\/\/www.europesays.com\/de\/wp-json\/wp\/v2\/media?parent=350363"}],"wp:term":[{"taxonomy":"category","embeddable":true,"href":"https:\/\/www.europesays.com\/de\/wp-json\/wp\/v2\/categories?post=350363"},{"taxonomy":"post_tag","embeddable":true,"href":"https:\/\/www.europesays.com\/de\/wp-json\/wp\/v2\/tags?post=350363"}],"curies":[{"name":"wp","href":"https:\/\/api.w.org\/{rel}","templated":true}]}}