{"id":350420,"date":"2025-08-17T00:00:14","date_gmt":"2025-08-17T00:00:14","guid":{"rendered":"https:\/\/www.europesays.com\/de\/350420\/"},"modified":"2025-08-17T00:00:14","modified_gmt":"2025-08-17T00:00:14","slug":"qualmender-e-bike-akku-loest-grosseinsatz-aus","status":"publish","type":"post","link":"https:\/\/www.europesays.com\/de\/350420\/","title":{"rendered":"Qualmender E-Bike-Akku l\u00f6st Gro\u00dfeinsatz aus"},"content":{"rendered":"<p>\t\t\tQualmender E-Bike-Akku l\u00f6st Gro\u00dfeinsatz aus<br \/>\n\t\t\t\t\t\t\t\t\t\t\t\t<b>Blaulicht<\/b> Rauch in Mehrfamilienhaus<\/p>\n<p>\n\t\t\t\t\t17.08.2025, 01:03 Uhr\t\t\t\t<\/p>\n<p>\t\t\t\t<a id=\"whatsapp_channel_link\" href=\"https:\/\/whatsapp.com\/channel\/0029Va6RBvnLY6dCNLfeAA0c\" data-ct=\"SHARE\/WHATSAPPKANAL\" rel=\"nofollow noopener\" target=\"_blank\"><br \/>\n\t\t\t\t\t<img decoding=\"async\" alt=\"Zum Blick WhatsApp Kanal\" src=\"https:\/\/www.blick.de\/img\/WhatsApp-Kanal.svg\"\/><br \/>\n\t\t\t\t<\/a><\/p>\n<ul class=\"gallery-items\">\n<li class=\"img gallery-item\">\n<p>\t\t\t\t\t\t\t\t\t\t\t\t\t\t\t\t\t\t\t\t\t\t\t\t\t\t\t\t\t\t\t\t\t\t\t\t\t\t\t\t\t\t\t\t\t\t<img decoding=\"async\" class=\"media-image \" loading=\"eager\" src=\"https:\/\/www.europesays.com\/de\/wp-content\/uploads\/2025\/08\/17083980_W400C740x499o0x0.jpg\" alt=\"Qualmender E-Bike-Akku l\u00f6st Gro\u00dfeinsatz aus - Einsatzkr\u00e4fte r\u00fcckten am Samstagabend in die Max-Sch\u00e4ller-Stra\u00dfe nach Morgenleite aus, weil in einer Wohnung ein E-Bike-Akku qualmte.\"   style=\"&#10;&#9;&#9;&#9;aspect-ratio:740\/499;&#10;&#9;&#9;&#9;background: url(data:image\/jpg;base64,\/9j\/4AAQSkZJRgABAQED5wPnAAD\/2wBDAAUDBAQEAwUEBAQFBQUGBwwIBwcHBw8LCwkMEQ8SEhEPERETFhwXExQaFRERGCEYGh0dHx8fExciJCIeJBweHx7\/2wBDAQUFBQcGBw4ICA4eFBEUHh4eHh4eHh4eHh4eHh4eHh4eHh4eHh4eHh4eHh4eHh4eHh4eHh4eHh4eHh4eHh4eHh7\/wAARCAAHAAoDAREAAhEBAxEB\/8QAFQABAQAAAAAAAAAAAAAAAAAABgf\/xAAiEAABAwMEAwEAAAAAAAAAAAABAgMEBhESAAUHITEzQVH\/xAAVAQEBAAAAAAAAAAAAAAAAAAACBf\/EACARAAEDAwUBAAAAAAAAAAAAAAEAAgMEEVETIUFhgZH\/2gAMAwEAAhEDEQA\/AIvTUum5u6Qokjbo00YFuQyQ4lw5Hs59JuO7WHgfuqE9aHRhoYBbnPibYwb3O+E6Txbx+4kOGjqhSVDIgT2bC\/z2alGp7HxLSX\/\/2Q==) no-repeat left top; background-size: cover;&#9;&#9;&#9;height: 100%;&#9;&#9;\"\/><\/p>\n<p>\n\t\t\t\t\t\t\t\t\tEinsatzkr\u00e4fte r\u00fcckten am Samstagabend in die Max-Sch\u00e4ller-Stra\u00dfe nach Morgenleite aus, weil in einer Wohnung ein E-Bike-Akku qualmte. Foto: Jan Haertel\/ ChemPic\n\t\t\t\t\t\t\t\t<\/p>\n<\/li>\n<li class=\"img gallery-item\">\n<p>\t\t\t\t\t\t\t\t\t\t\t\t\t\t\t\t\t\t\t\t\t\t\t\t\t\t\t\t\t\t\t\t\t\t\t\t\t\t\t\t\t<img decoding=\"async\" class=\"media-image \" loading=\"lazy\" src=\"https:\/\/www.europesays.com\/de\/wp-content\/uploads\/2025\/08\/17083981_W400C740x499o0x0.jpg\" alt=\"Qualmender E-Bike-Akku l\u00f6st Gro\u00dfeinsatz aus - Polizei und Feuerwehr waren schnell an der Einsatzstelle und verhinderten Schlimmeres. Verletzt wurde niemand.\"   style=\"&#10;&#9;&#9;&#9;aspect-ratio:740\/499;&#10;&#9;&#9;&#9;background: url(data:image\/jpg;base64,\/9j\/4AAQSkZJRgABAQED5wPnAAD\/2wBDAAUDBAQEAwUEBAQFBQUGBwwIBwcHBw8LCwkMEQ8SEhEPERETFhwXExQaFRERGCEYGh0dHx8fExciJCIeJBweHx7\/2wBDAQUFBQcGBw4ICA4eFBEUHh4eHh4eHh4eHh4eHh4eHh4eHh4eHh4eHh4eHh4eHh4eHh4eHh4eHh4eHh4eHh4eHh7\/wAARCAAHAAoDAREAAhEBAxEB\/8QAFQABAQAAAAAAAAAAAAAAAAAABgf\/xAAkEAABAgMIAwAAAAAAAAAAAAABAhEDBAUABgcSExQiMRUhQf\/EABYBAQEBAAAAAAAAAAAAAAAAAAIBBv\/EAB8RAAEDAwUAAAAAAAAAAAAAAAEAAhEDBSEEEhMxUf\/aAAwDAQACEQMRAD8AncPDimUGiUmNX5aX3AGaPDRBdakqztzCiksw+BnHbG25t9w0rHbhJn3oIVKRIg4Q2o3Vu95CZ2kWYEvqq0gtPLI5Z\/fbNam50Zy1PjYv\/9k=) no-repeat left top; background-size: cover;&#9;&#9;&#9;height: 100%;&#9;&#9;\"\/><\/p>\n<p>\n\t\t\t\t\t\t\t\t\tPolizei und Feuerwehr waren schnell an der Einsatzstelle und verhinderten Schlimmeres. Verletzt wurde niemand. Foto: Jan Haertel\/ ChemPic\n\t\t\t\t\t\t\t\t<\/p>\n<\/li>\n<li class=\"img gallery-item\">\n<p>\t\t\t\t\t\t\t\t\t\t\t\t\t\t\t\t\t\t\t\t\t\t\t\t\t\t\t\t\t\t\t\t\t\t\t\t\t\t\t\t\t<img decoding=\"async\" class=\"media-image \" loading=\"lazy\" src=\"https:\/\/www.europesays.com\/de\/wp-content\/uploads\/2025\/08\/17083983_W400C740x499o0x0.jpg\" alt=\"Qualmender E-Bike-Akku l\u00f6st Gro\u00dfeinsatz aus - Mehrere Fahrzeuge, darunter auch die Drehleiter, standen am Samstagabend in Bereitstellung.\"   style=\"&#10;&#9;&#9;&#9;aspect-ratio:740\/499;&#10;&#9;&#9;&#9;background: url(data:image\/jpg;base64,\/9j\/4AAQSkZJRgABAQED5wPnAAD\/2wBDAAUDBAQEAwUEBAQFBQUGBwwIBwcHBw8LCwkMEQ8SEhEPERETFhwXExQaFRERGCEYGh0dHx8fExciJCIeJBweHx7\/2wBDAQUFBQcGBw4ICA4eFBEUHh4eHh4eHh4eHh4eHh4eHh4eHh4eHh4eHh4eHh4eHh4eHh4eHh4eHh4eHh4eHh4eHh7\/wAARCAAHAAoDAREAAhEBAxEB\/8QAFAABAAAAAAAAAAAAAAAAAAAAB\/\/EACIQAAIBAwMFAQAAAAAAAAAAAAECAwQFEQAGIQcSMUFhgf\/EABYBAQEBAAAAAAAAAAAAAAAAAAIDBP\/EABwRAAEEAwEAAAAAAAAAAAAAAAEAAgMEERIxIf\/aAAwDAQACEQMRAD8AKem9Ntc7euF125X18N1t9sneoSWAYfIOCpyO0\/efzzp277Iw2N0fT3K01oQQ523EQtVwMxaQu7k5ZjySfZ09wfVDC\/\/Z) no-repeat left top; background-size: cover;&#9;&#9;&#9;height: 100%;&#9;&#9;\"\/><\/p>\n<p>\n\t\t\t\t\t\t\t\t\tMehrere Fahrzeuge, darunter auch die Drehleiter, standen am Samstagabend in Bereitstellung. Foto: Jan Haertel\/ ChemPic\n\t\t\t\t\t\t\t\t<\/p>\n<\/li>\n<\/ul>\n<p>1\/3<\/p>\n<p>\t\t\t\t\t\t\t\t\t\t\t\t\t\t\t\t\t\t\t\t\t\t\t\t\t\t\t\t\t\t<b class=\"ortsmarke\">Chemnitz.<\/b>\u00a0<\/p>\n<p>Dichter Rauch in der Max-Sch\u00e4ller-Stra\u00dfe im Stadtteil Morgenleite hat am Samstagabend Feuerwehr und Polizei auf den Plan gerufen. Gegen 22:30 Uhr eilten zahlreiche Einsatzkr\u00e4fte zu einem Mehrfamilienhaus.<\/p>\n<p>\t\t\t\t\t\t\t\t\t\t\t\t\t\t\t\t\t\tAkku qualmt in Wohnung<\/p>\n<p>In einer Wohnung begann ein E-Bike-Akku stark zu qualmen. Sofort machten sich die Einsatzkr\u00e4fte daran, die Situation unter Kontrolle zu bringen. Der Akku wurde gel\u00f6scht und aus der Wohnung entfernt.<\/p>\n<p>\t\t\t\t\t\t\t\t\t\t\t\t\t\t\t\t\t\tBewohner bleiben unverletzt<\/p>\n<p>Die Feuerwehr konnte Schlimmeres verhindern: Niemand wurde verletzt, die Wohnung wurde anschlie\u00dfend gr\u00fcndlich bel\u00fcftet.<\/p>\n<p>\t\t\t\t\t\t\t\t\t\t\t\t\t\t\t\t\t\tUrsache noch unklar<\/p>\n<p>Wie es zu dem Vorfall kam, ist derzeit nicht bekannt. Die Polizei hat Ermittlungen aufgenommen.<\/p>\n","protected":false},"excerpt":{"rendered":"Qualmender E-Bike-Akku l\u00f6st Gro\u00dfeinsatz aus Blaulicht Rauch in Mehrfamilienhaus 17.08.2025, 01:03 Uhr Einsatzkr\u00e4fte r\u00fcckten am Samstagabend in die&hellip;\n","protected":false},"author":2,"featured_media":350421,"comment_status":"","ping_status":"","sticky":false,"template":"","format":"standard","meta":{"footnotes":""},"categories":[1851],"tags":[2770,3364,29,548,663,3934,30,13,14,15,859,12],"class_list":{"0":"post-350420","1":"post","2":"type-post","3":"status-publish","4":"format-standard","5":"has-post-thumbnail","7":"category-chemnitz","8":"tag-chemnitz","9":"tag-de","10":"tag-deutschland","11":"tag-eu","12":"tag-europa","13":"tag-europe","14":"tag-germany","15":"tag-headlines","16":"tag-nachrichten","17":"tag-news","18":"tag-sachsen","19":"tag-schlagzeilen"},"share_on_mastodon":{"url":"https:\/\/pubeurope.com\/@de\/115041168562771145","error":""},"_links":{"self":[{"href":"https:\/\/www.europesays.com\/de\/wp-json\/wp\/v2\/posts\/350420","targetHints":{"allow":["GET"]}}],"collection":[{"href":"https:\/\/www.europesays.com\/de\/wp-json\/wp\/v2\/posts"}],"about":[{"href":"https:\/\/www.europesays.com\/de\/wp-json\/wp\/v2\/types\/post"}],"author":[{"embeddable":true,"href":"https:\/\/www.europesays.com\/de\/wp-json\/wp\/v2\/users\/2"}],"replies":[{"embeddable":true,"href":"https:\/\/www.europesays.com\/de\/wp-json\/wp\/v2\/comments?post=350420"}],"version-history":[{"count":0,"href":"https:\/\/www.europesays.com\/de\/wp-json\/wp\/v2\/posts\/350420\/revisions"}],"wp:featuredmedia":[{"embeddable":true,"href":"https:\/\/www.europesays.com\/de\/wp-json\/wp\/v2\/media\/350421"}],"wp:attachment":[{"href":"https:\/\/www.europesays.com\/de\/wp-json\/wp\/v2\/media?parent=350420"}],"wp:term":[{"taxonomy":"category","embeddable":true,"href":"https:\/\/www.europesays.com\/de\/wp-json\/wp\/v2\/categories?post=350420"},{"taxonomy":"post_tag","embeddable":true,"href":"https:\/\/www.europesays.com\/de\/wp-json\/wp\/v2\/tags?post=350420"}],"curies":[{"name":"wp","href":"https:\/\/api.w.org\/{rel}","templated":true}]}}