{"id":350430,"date":"2025-08-17T00:05:36","date_gmt":"2025-08-17T00:05:36","guid":{"rendered":"https:\/\/www.europesays.com\/de\/350430\/"},"modified":"2025-08-17T00:05:36","modified_gmt":"2025-08-17T00:05:36","slug":"viktorianer-feiern-den-ersten-liga-sieg-viktoria-aschaffenburg","status":"publish","type":"post","link":"https:\/\/www.europesays.com\/de\/350430\/","title":{"rendered":"Viktorianer feiern den ersten Liga-Sieg &#8211; Viktoria Aschaffenburg"},"content":{"rendered":"<p><strong>Viktoria Aschaffenburg setzte sich am Freitagabend (15.08.) mit 0:1 (0:0) beim TSV Schwaben Augsburg durch<\/strong><\/p>\n<p>Am vierten Spieltag der Saison 25\/26 sollte f\u00fcr die Wei\u00df-Blauen das erste Mal im Ligabetrieb das Leder in den gegnerischen Maschen landen, so zumindest hatte es sich SVA-Cheftrainer Aytac Sulu vor der Partie vorgestellt. Er vertraute im Rosenaustadion in Augsburg nahezu der Startelf, die am vergangenen Wochenende den Punkt in Bayreuth holte. Lediglich Eren Bozan (f\u00fcr den gelbgesperrten Roberto Desch) und David N\u00e9n\u00e9 (f\u00fcr den vorerst wegen einer Prellung auf der Bank Platz nehmenden Nino Cassaniti) kamen neu hinzu.<\/p>\n<p>Gl\u00fcck f\u00fcr die Viktoria und keine Treffer<\/p>\n<p>Nach einem ersten Abtasten sahen die 411 Zuschauer nach knapp zehn Minuten den ersten Abschluss der Viktoria: Nach Ablage von Eren Bozan versuchte es Adrian Asani aus 20 Metern halbrechter Position. Seinen Abschluss lenkte Georgios Makridis in die Arme von Schwaben-Keeper Maximilian Reil (9.). Die erste gef\u00e4hrlichere Offensivaktion der Hausherren vereitelte Niklas Borger, als er die scharfe Hereingabe von Maximilian Hei\u00df aus der Box schaffte (17.) Bei der anschlie\u00dfenden Ecke von Lukas Ramser wurde es dann brandgef\u00e4hrlich, denn Achitpol Keereerom traf per Kopf das Lattenkreuz (19.). Der SVA versuchte es wenige Minuten sp\u00e4ter mit einem langen Ball von Henry Held. Doch Schwaben-Torh\u00fcter Maximilian Reil agierte aufmerksam und kl\u00e4rte 30 Meter vor seinem Tor vor dem durchstartenden Georgios Makridis (23.). Nach der wegen des schw\u00fclwarmen Wetters dringen n\u00f6tigen Trinkpause \u00a0bediente Lukas Ramser per Diagonalball Achitpol Keereerom, der flinke Fl\u00fcgelspieler zog nach innen und feuerte das Spielger\u00e4t gut anderthalb Meter \u00fcber die Latte (28.). Knapp zehn Minuten sp\u00e4ter dann die zweite gro\u00dfe Chance der Schwabenritter: Innenverteidiger Odin Redier steckte stark durch auf Maximilian Hei\u00df, der freistehend aus halblinker Position am herauseilenden und sich gro\u00df machenden SVA-Keeper Max Gr\u00fcn im Einsgegeneins scheiterte (36.). Kurz vor dem Pausenpfiff hatten dann aber auch die Wei\u00df-Blauen noch ihre beste Szene des ersten Durchgangs. Lian Akkus Rodriguez lief mit Tempo auf die Abwehrkette zu und schoss aus 20 Metern wuchtig gut einen Meter am linken Pfosten vorbei (43.).<\/p>\n<p><img decoding=\"async\" src=\"https:\/\/www.europesays.com\/de\/wp-content\/uploads\/2025\/08\/P1090415-1017x1024.jpg\" alt=\"\" class=\"wp-image-46749\"\/><img decoding=\"async\" src=\"https:\/\/www.europesays.com\/de\/wp-content\/uploads\/2025\/08\/P1090428-1024x951.jpg\" alt=\"\" class=\"wp-image-46747\"\/><img decoding=\"async\" src=\"https:\/\/www.europesays.com\/de\/wp-content\/uploads\/2025\/08\/P1090424-1024x768.jpg\" alt=\"\" class=\"wp-image-46748\"\/><img decoding=\"async\" src=\"https:\/\/www.europesays.com\/de\/wp-content\/uploads\/2025\/08\/P1090423-1024x768.jpg\" alt=\"\" class=\"wp-image-46750\"\/>Akkus Rodriguez trifft und entscheidet die Partie<\/p>\n<p>Die Sulu-Elf legte nach der Pause einen Start nach Ma\u00df hin. Nach einem Eckball von Kapit\u00e4n Benjamin Baier konnten die Schwabenritter den Ball nicht kl\u00e4ren. Lian Akkus Rodriguez stand goldrichtig und schoss aus neun Metern zentraler Position trocken zum 0:1 ein. Es war der erste Ligatreffer f\u00fcr die Viktorianer \u2013 zuvor hatten sie lediglich im TOTO-Pokal Grund zum Torjubel. Nach einem Tempogegensto\u00df lief der auff\u00e4llige Lian Akkus Rodriguez erneut auf die Abwehrkette des TSV zu. Der Torsch\u00fctze setzte sich gegen seinen Gegenspieler durch und traf aus 16 Metern mit links den linken Au\u00dfenpfosten (53.). Drei Minuten sp\u00e4ter bekam der heute im rechten Mittelfeld aufgebotene Eren Bozan nach einem langen Freisto\u00df von Kapit\u00e4n Beni Baier am langen Pfosten nicht wirklich Druck hinter den Ball (56.). Im Gegenzug kam die Heimelf wieder gef\u00e4hrlich in den Strafraum, doch der Chipball von Achitpol Keereerom fand in der Mitte keinen Abnehmer (59.). Die Hausherren dr\u00e4ngten nun immer mehr auf den Ausgleich, wollten nach drei Niederlagen aus den ersten drei Spielen nicht nochmals mit leeren H\u00e4nden vom Platz gehen. So musste sich Max Gr\u00fcn bei einem Freisto\u00df aus spitzem Winkel von Lukas Ramser richtig lang machen, um den Ball noch aus dem Kreuzeck zu holen (60.). Achitpol Keereerom wurde auf links sch\u00f6n von Marc Sodji freigespielt, stellte Max Gr\u00fcn mit seiner flachen Hereingabe vor keine gr\u00f6\u00dferen Probleme (64.). Auch ein Kopfball von Achitpol Keereerom strich weit am langen Pfosten vorbei (66.). Insgesamt waren die Gastgeber im letzten Angriffsdrittel nicht konsequent genug, so auch bei der folgenden Kopfballchance f\u00fcr die Hausherren. Nach Flanke von Matthias Ostrzolek platzierte Joker Mark Radoki den Ball knapp \u00fcber den Querbalken (79.). Die Viktorianer k\u00e4mpften leidenschaftlich und verteidigten die F\u00fchrung mit allem, was sie noch auf den Platz bringen konnten. Mit dabei war da dann auch Niklas Biehrer, der nach seinem Kieferbruch erstmals wieder eingewechselt werden konnte. Kurz vor der Nachspielzeit kam Nino Cassaniti zum Abschluss auf das kurze Eck, konnte Maximilian Reil aber nicht \u00fcberwinden (90.). Dann noch eine Gro\u00dfchance f\u00fcr die Viktoria. Erneut versucht es Nino Cassaniti aus der Distanz. Maximilian Reil kann den Flatterball nur nach vorne abwehren. Georgios Makridis setzte den Abstauber aber am Tor vorbei (90.+1). Direkt danach kam Henry Held zu einer aussichtsreichen Kontergelegenheit, setzte seinen Abschluss aber ans Au\u00dfennetz (90.+3) Es blieb beim 1:0 aus Sicht des SVA, der damit nicht nur seinen ersten Ligatreffer, sondern auch den ersten Sieg feiern konnte.<\/p>\n<p><img decoding=\"async\" src=\"https:\/\/www.europesays.com\/de\/wp-content\/uploads\/2025\/08\/P1090438-1024x768.jpg\" alt=\"\" class=\"wp-image-46753\"\/><img decoding=\"async\" src=\"https:\/\/www.europesays.com\/de\/wp-content\/uploads\/2025\/08\/P1090446-768x1024.jpg\" alt=\"\" class=\"wp-image-46752\"\/><img decoding=\"async\" src=\"https:\/\/www.europesays.com\/de\/wp-content\/uploads\/2025\/08\/P1090440-1024x768.jpg\" alt=\"\" class=\"wp-image-46754\"\/><img decoding=\"async\" src=\"https:\/\/www.europesays.com\/de\/wp-content\/uploads\/2025\/08\/P1090433-1024x919.jpg\" alt=\"\" class=\"wp-image-46755\"\/><img decoding=\"async\" src=\"https:\/\/www.europesays.com\/de\/wp-content\/uploads\/2025\/08\/P1090429-1024x940.jpg\" alt=\"\" class=\"wp-image-46751\"\/><\/p>\n<p><strong>Statistik\u00a0<\/strong><\/p>\n<p>Spieltag 4 Regionalliga Bayern am Freitag, 15.08.2025 um 18 Uhr in Augsburg (Rosenaustadion \/ Stadionstra\u00dfe 21 \/ Augsburg)<\/p>\n<p><strong>TSV Schwaben Augsburg \u2013 SV Viktoria Aschaffenburg<\/strong><strong>\u00a00:1 <\/strong><strong>(0:0)<\/strong>\u00a0<\/p>\n<p><strong>Augsburg<\/strong><strong>: <\/strong>Maximilian Reil 35 (TW) \u2013 Bastian Kurz 9, Benedikt Krug 22, Odin Redier 4, Lukas Ramser 10 \u2013 Matthias Ostrzolek 6, Rasmus Fackler-Stamm 11 (73. Turgay Karvar 2) \u2013 Achitpol Keereerom 29 (82. Mourice Ebeling 13), Maximilian Hei\u00df 7, Marc Sodji 27 (73. Mark Radoki 19) \u2013 Benjamin Omenlo 18 (63. Felix Schwarzholz 8) (Trainer: Matthias Ostrzolek)\u00a0<strong\/><\/p>\n<p><strong>Im Kader:<\/strong> Florian Rauh (ETW), Gabriel Makaba 12, David Luburic 17<\/p>\n<p><strong>Aschaffenburg: <\/strong>Max Gr\u00fcn 27 (TW) \u2013 Hendrik Ehmann 3, \u00a9 Benjamin Baier 10, Niklas Borger 5, Emirhan Delikaya 2 (81. Benjamin Franz 15) \u2013 Adrian Asani 17, Henry Held 23 \u2013 David N\u00e9n\u00e9 7 (88. Nino Cassaniti 18), Lian Akkus Rodriguez 8 (73. Niklas Biehrer 4), Eren Bozan 24 (81. Arda Nadaroglu 11) \u2013 Georgios Makridis 9 (Trainer: Aytac Sulu)\u00a0<\/p>\n<p><strong>Im Kader:<\/strong> Maximilian Grimm 26 (ETW), Justin Berg 20, Maximilian Kohlert 25, Patrick Seitz 37<\/p>\n<p><strong>Tor:<\/strong> 0:1 Lian Akkus Rodriguez (47.)<\/p>\n<p><strong>Gelbe Karten:<\/strong> Matthias Ostrzolek (53.) \u2013 Georgios Makridis (68.) Max Gr\u00fcn (90.+4)<\/p>\n<p><strong>Gelb-Rote Karte: &#8211;<\/strong><\/p>\n<p><strong>Schiedsrichter: <\/strong>Yusuke Ohashi<strong> \u2013<\/strong> Patrick Kessel, Asmir Osmanagic<\/p>\n<p><strong>Zuschauer:<\/strong>\u00a0411 (Rosenaustadion)\u00a0<\/p>\n<p><strong>Unterst\u00fctze Viktoria Aschaffenburg &amp; verpasse nichts mehr\u00a0<\/strong><\/p>\n<p>Unterst\u00fctze die Wei\u00df-Blauen im world wide web und folge uns auf Instagram: https:\/\/instagram.com\/viktoria01aschaffenburg\/ und bei Facebook: https:\/\/facebook.com\/sva01.de\/\u00a0<\/p>\n<p>Stand: 15. August 2025 \/ Autorin und Redaktion: Melanie Gr\u00fcn-Schmidt\u00a0<\/p>\n<p><a href=\"http:\/\/sva01.de\/category\/news\/\" class=\"blog--more mt-5\" rel=\"nofollow noopener\" target=\"_blank\">zur\u00fcck<\/a><script async src=\"\/\/www.instagram.com\/embed.js\"><\/script><\/p>\n","protected":false},"excerpt":{"rendered":"Viktoria Aschaffenburg setzte sich am Freitagabend (15.08.) mit 0:1 (0:0) beim TSV Schwaben Augsburg durch Am vierten Spieltag&hellip;\n","protected":false},"author":2,"featured_media":350431,"comment_status":"","ping_status":"","sticky":false,"template":"","format":"standard","meta":{"footnotes":""},"categories":[1846],"tags":[680,772,3364,29,548,663,3934,30,13,14,15,12],"class_list":{"0":"post-350430","1":"post","2":"type-post","3":"status-publish","4":"format-standard","5":"has-post-thumbnail","7":"category-augsburg","8":"tag-augsburg","9":"tag-bayern","10":"tag-de","11":"tag-deutschland","12":"tag-eu","13":"tag-europa","14":"tag-europe","15":"tag-germany","16":"tag-headlines","17":"tag-nachrichten","18":"tag-news","19":"tag-schlagzeilen"},"share_on_mastodon":{"url":"https:\/\/pubeurope.com\/@de\/115041188411876799","error":""},"_links":{"self":[{"href":"https:\/\/www.europesays.com\/de\/wp-json\/wp\/v2\/posts\/350430","targetHints":{"allow":["GET"]}}],"collection":[{"href":"https:\/\/www.europesays.com\/de\/wp-json\/wp\/v2\/posts"}],"about":[{"href":"https:\/\/www.europesays.com\/de\/wp-json\/wp\/v2\/types\/post"}],"author":[{"embeddable":true,"href":"https:\/\/www.europesays.com\/de\/wp-json\/wp\/v2\/users\/2"}],"replies":[{"embeddable":true,"href":"https:\/\/www.europesays.com\/de\/wp-json\/wp\/v2\/comments?post=350430"}],"version-history":[{"count":0,"href":"https:\/\/www.europesays.com\/de\/wp-json\/wp\/v2\/posts\/350430\/revisions"}],"wp:featuredmedia":[{"embeddable":true,"href":"https:\/\/www.europesays.com\/de\/wp-json\/wp\/v2\/media\/350431"}],"wp:attachment":[{"href":"https:\/\/www.europesays.com\/de\/wp-json\/wp\/v2\/media?parent=350430"}],"wp:term":[{"taxonomy":"category","embeddable":true,"href":"https:\/\/www.europesays.com\/de\/wp-json\/wp\/v2\/categories?post=350430"},{"taxonomy":"post_tag","embeddable":true,"href":"https:\/\/www.europesays.com\/de\/wp-json\/wp\/v2\/tags?post=350430"}],"curies":[{"name":"wp","href":"https:\/\/api.w.org\/{rel}","templated":true}]}}