{"id":350432,"date":"2025-08-17T00:06:23","date_gmt":"2025-08-17T00:06:23","guid":{"rendered":"https:\/\/www.europesays.com\/de\/350432\/"},"modified":"2025-08-17T00:06:23","modified_gmt":"2025-08-17T00:06:23","slug":"radguides-rhein-neckar-touren-zum-ferienende","status":"publish","type":"post","link":"https:\/\/www.europesays.com\/de\/350432\/","title":{"rendered":"RadGuides Rhein-Neckar: Touren zum Ferienende"},"content":{"rendered":"<p>Zum einen Tabak, R\u00f6mer, Biber und zum anderen Ton, Sand und Steine<\/p>\n<p>Noch einmal die Freiheit in vollen Z\u00fcgen genie\u00dfen: Ende August und Anfang September bieten die RadGuides Rhein-Neckar wieder Touren an, mit denen Radfahrerinnen und Radfahrer die Region aus ganz neuer Perspektive erkunden k\u00f6nnen \u2013 auch im Rahmen der Weinheimer Heimattage.\u00a0\u00a0<\/p>\n<p><strong>23.08.: Tabak, R\u00f6mer, Biber<\/strong><\/p>\n<p>Die rund vierst\u00fcndige Rundtour startet am Waidsee in Weinheim. Durch die Feldmark radeln die Teilnehmenden an Aussiedlerh\u00f6fen und am Baggersee vorbei durch Heddesheim, wo hohe Scheunen auf den einstigen Tabakanbau hinweisen. \u00dcber Neuzeilsheim geht es nach Ladenburg, die \u00e4lteste r\u00f6mische Gemeinde \u00f6stlich des Neckars, die einerseits mit Ausgrabungsresten aufwartet, andererseits aber auch interessante Neubauten bietet \u2013 die des hier aktiven Bibers. N\u00e4chste Station ist das ehemalige Steinhauerdorf Dossenheim, dessen stillgelegten Porphyr-Steinbr\u00fcche sich zu wertvollen Biotopen entwickelt haben. \u00dcber Schriesheim und Leutershausen geht es weiter nach Gro\u00dfsachsen, wo sich je nach Witterung von der alten Bergstra\u00dfe aus ein eindrucksvoller Blick auf die Rheinebene bietet. Gleichzeitig geben hier die Fundamente einer Villa Rustica Einblicke in die Geschichte des r\u00f6mischen Lebens vor Ort. Auf Wunsch kann die Gruppe hier in einem Obsthof mit Ladengesch\u00e4ft oder zum Abschluss in Weinheim einkehren, bevor die letzten der insgesamt 33 Kilometer zum Ausgangspunkt anstehen.<\/p>\n<p><strong>Start: 11:00 Uhr \u2013 Kosten: 8 Euro<\/strong><\/p>\n<p><strong>RadGuide: Ralf Kochend\u00f6rfer<\/strong><\/p>\n<p><strong>Anmeldung:\u00a0<\/strong><a href=\"#\" data-mailto-token=\"ocknvq,tcfiwkfg0tcnhBpgveqo\/ockn0fg\" data-mailto-vector=\"2\"><strong>radguide.ralf(at)nospamnetcom-mail.de<\/strong><\/a><strong>\u00a0\u00a0<\/strong><\/p>\n<p><strong>06.09.: Ton, Sand und Steine<\/strong><\/p>\n<p>Auf 30 Kilometern erfahren die Teilnehmenden, was der hiesige Boden zu bieten hat: Nach dem Start in Meckesheim geht es zur Tongrube Lobenfeld, wo sie auch etwas \u00fcber die lokale Herstellung von Dach- und Mauerziegeln lernen k\u00f6nnen. Weiter durch den Wald nach Neckargem\u00fcnd. Die Gruppe umrundet den Hollmuth entlang der ehemaligen Neckarschlinge. Am Hang zum heutigen Elsenztal wurde \u00fcber Jahrhunderte an mehreren Gruben Sand abgebaut. Die wurden alle wieder verf\u00fcllt \u2013 bis auf die Sandgrube Grafenrain in Mauer: Hier fand 1907 der Sandarbeiter Daniel Hartmann den Unterkiefer des Homo Heidelbergensis. Insgesamt wurden in den Sandgruben der Mauermer Sand sogar mehrere Tausend Fossilien von der Tierwelt vor 600.000 Jahren gefunden. Da die Strecke teilweise auf der Weitersehen-Radroute verl\u00e4uft, kann man den Homo Heidelbergensis dann auch gleich direkt treffen \u2013 zumindest virtuell: Mit der App lassen sich \u00fcber Augmented Reality interessante Informationen abrufen. Nach einem Abstecher zum Kalksteinbruch am Schneeberg k\u00f6nnen die Teilnehmenden die Tour beim Meckesheimer Stra\u00dfenfest ausklingen lassen.<\/p>\n<p><strong>Start: 13:00 Uhr \u2013 Kosten: 8 Euro<\/strong><\/p>\n<p><strong>RadGuide: Rainer Zimmermann<\/strong><\/p>\n<p><strong>Anmeldung:\u00a0<\/strong><a href=\"#\" data-mailto-token=\"ocknvq,tckpgttcfiwkfgBygd0fg\" data-mailto-vector=\"2\"><strong>rainerradguide(at)nospamweb.de<\/strong><\/a><\/p>\n<p>Weitere Informationen zu diesen und weiteren Touren:\u00a0<\/p>\n<p><a href=\"http:\/\/www.deinefreizeit.com\/radguides\" target=\"_blank\" rel=\"noreferrer noopener\">www.deinefreizeit.com\/radguides<\/a><\/p>\n<p>Text und Bild: Landratsamt Rhein-Neckar-Kreis\u00a0<\/p>\n","protected":false},"excerpt":{"rendered":"Zum einen Tabak, R\u00f6mer, Biber und zum anderen Ton, Sand und Steine Noch einmal die Freiheit in vollen&hellip;\n","protected":false},"author":2,"featured_media":350433,"comment_status":"","ping_status":"","sticky":false,"template":"","format":"standard","meta":{"footnotes":""},"categories":[1845],"tags":[16222,17310,1634,17312,17302,17311,3364,29,17317,17309,548,663,3934,17313,30,13,17306,14835,7011,17304,2096,14,15,16935,17314,17316,17305,12,17315,17308,17303,17300,17301,17307,571,1986],"class_list":{"0":"post-350432","1":"post","2":"type-post","3":"status-publish","4":"format-standard","5":"has-post-thumbnail","7":"category-mannheim","8":"tag-dom","9":"tag-altpoertel","10":"tag-baden-wuerttemberg","11":"tag-bistum-speyer","12":"tag-brezelfest","13":"tag-brezelkracher","14":"tag-de","15":"tag-deutschland","16":"tag-dudenhofen","17":"tag-eger","18":"tag-eu","19":"tag-europa","20":"tag-europe","21":"tag-evangelische-kirche-der-pfalz","22":"tag-germany","23":"tag-headlines","24":"tag-historisches-museum","25":"tag-hockenheim","26":"tag-kirchen","27":"tag-kurpfalz","28":"tag-mannheim","29":"tag-nachrichten","30":"tag-news","31":"tag-pfalz","32":"tag-protestantische-landeskirche","33":"tag-roemerberg","34":"tag-salier","35":"tag-schlagzeilen","36":"tag-schwetzingen","37":"tag-sealife","38":"tag-speyer","39":"tag-speyer-kurier","40":"tag-tageszeitung","41":"tag-technik-museum","42":"tag-wochenzeitung","43":"tag-zeitung"},"share_on_mastodon":{"url":"https:\/\/pubeurope.com\/@de\/115041192103564117","error":""},"_links":{"self":[{"href":"https:\/\/www.europesays.com\/de\/wp-json\/wp\/v2\/posts\/350432","targetHints":{"allow":["GET"]}}],"collection":[{"href":"https:\/\/www.europesays.com\/de\/wp-json\/wp\/v2\/posts"}],"about":[{"href":"https:\/\/www.europesays.com\/de\/wp-json\/wp\/v2\/types\/post"}],"author":[{"embeddable":true,"href":"https:\/\/www.europesays.com\/de\/wp-json\/wp\/v2\/users\/2"}],"replies":[{"embeddable":true,"href":"https:\/\/www.europesays.com\/de\/wp-json\/wp\/v2\/comments?post=350432"}],"version-history":[{"count":0,"href":"https:\/\/www.europesays.com\/de\/wp-json\/wp\/v2\/posts\/350432\/revisions"}],"wp:featuredmedia":[{"embeddable":true,"href":"https:\/\/www.europesays.com\/de\/wp-json\/wp\/v2\/media\/350433"}],"wp:attachment":[{"href":"https:\/\/www.europesays.com\/de\/wp-json\/wp\/v2\/media?parent=350432"}],"wp:term":[{"taxonomy":"category","embeddable":true,"href":"https:\/\/www.europesays.com\/de\/wp-json\/wp\/v2\/categories?post=350432"},{"taxonomy":"post_tag","embeddable":true,"href":"https:\/\/www.europesays.com\/de\/wp-json\/wp\/v2\/tags?post=350432"}],"curies":[{"name":"wp","href":"https:\/\/api.w.org\/{rel}","templated":true}]}}