{"id":350493,"date":"2025-08-17T00:42:10","date_gmt":"2025-08-17T00:42:10","guid":{"rendered":"https:\/\/www.europesays.com\/de\/350493\/"},"modified":"2025-08-17T00:42:10","modified_gmt":"2025-08-17T00:42:10","slug":"das-spiel-zwischen-dem-asc-09-dortmund-und-der-tuerkspor-dortmund-endet-unentschieden","status":"publish","type":"post","link":"https:\/\/www.europesays.com\/de\/350493\/","title":{"rendered":"Das Spiel zwischen dem ASC 09 Dortmund und der T\u00fcrkspor Dortmund endet unentschieden"},"content":{"rendered":"<p>                                Spielinfos:<br \/>\nDatum &amp; Uhrzeit: 16.08.2025 18.00 Uhr<br \/>Austragungsort: Dortmund<br \/>Wettbewerb: Oberliga Westfalen<br \/>Spieltag: 2<\/p>\n<p>Spielbericht: ASC 09 Dortmund gegen T\u00fcrkspor Dortmund 1:1 (0:1)<\/p>\n<p id=\"absatz2\" class=\"em_text\">Dortmund. 1:1 endet die Partie ASC 09 Dortmund gegen T\u00fcrkspor Dortmund am Samstag. 540 Fu\u00dfballbegeisterte sind im Dortmunder Urlaubsguru Waldstadion live dabei, um das Aufeinandertreffen zu verfolgen. Schiri Johannes Liedtke langweilt sich sicher nicht. Insgesamt acht Karten inklusive eines Platzverweises verteilt der Unparteiische in dieser hitzigen Partie.<\/p>\n<p id=\"absatz4\" class=\"em_text\">F\u00fcr den ersten Treffer kann sich das Team der T\u00fcrkspor Dortmund bei den Gastgebern bedanken. 24 Minuten verstreichen ohne Treffer und dann man\u00f6vriert Joel Nickel den Ball ungl\u00fccklich ins eigene Tor. So geht die T\u00fcrkspor Dortmund gl\u00fccklich in F\u00fchrung.<\/p>\n<p id=\"absatz5\" class=\"em_text\">Beide Teams wechseln in der zweiten Halbzeit nochmal aus. Samer-Amer Sarar wird eingesetzt f\u00fcr Luis Sebastian Kehl und Lucius Marcus Patrias f\u00fcr Anes Dziho. Auf der Gastseite verlassen Oguzhan Kefkir f\u00fcr Brayan Sosa und Bernad Gllogjani f\u00fcr Ilyas Khattari den Platz. F\u00fcr die Hausherren lohnt sich die Aktion.<\/p>\n<p id=\"absatz6\" class=\"em_text\">In der Nachspielzeit schafft es der ASC 09 Dortmund dann doch noch: Bei der letzten Gelegenheit kickt Samer-Amer Sarar den Ball erfolgreich ins gegnerische Tor und feiert den Ausgleich f\u00fcr den ASC 09 Dortmund (92). Der ASC 09 Dortmund rutscht auf Platz neun ab.<\/p>\n<p>Die Aufstellungen: ASC 09 Dortmund &#8211; T\u00fcrkspor Dortmund<br \/>\nASC 09 Dortmund: Maximilian Podehl (13), Anes Dziho (3), Elias Boadi Opoku (11), Jan Stuhldreier (7), Florian Rausch (23), Rafael Camprobin Corchero (24), Luis Sebastian Kehl (25), Lars Warschewski (10), Keanu Diskau (12), Jan-Patrick Friedrich (5), Joel Nickel (1)<br \/>T\u00fcrkspor Dortmund: Joel Westheide (27), Sezer Toy (6), Amed \u00d6ncel (17), Alessandro Tomasello (23), Bernad Gllogjani (28), Oguzhan Kefkir (30), Pascal Kubina (20), Tolunay Isik (33), Serdar Bing\u00f6l (3), Mats Br\u00e4mer (5), \u00d6mer Akman (42)<br \/>Schiedsrichter: Johannes Liedtke<\/p>\n<p id=\"absatz7\" class=\"em_text\">Assistent: Claas Steenebr\u00fcgge<\/p>\n<p id=\"absatz8\" class=\"em_text\">Assistent: Giuseppe Mele<\/p>\n<p id=\"absatz9\" class=\"em_text\" style=\"font-size: .8em;\">Die Inhalte dieses Berichts wurden automatisch auf der Basis von DFB-Daten zusammengestellt.<\/p>\n","protected":false},"excerpt":{"rendered":"Spielinfos: Datum &amp; Uhrzeit: 16.08.2025 18.00 UhrAustragungsort: DortmundWettbewerb: Oberliga WestfalenSpieltag: 2 Spielbericht: ASC 09 Dortmund gegen T\u00fcrkspor Dortmund&hellip;\n","protected":false},"author":2,"featured_media":350494,"comment_status":"","ping_status":"","sticky":false,"template":"","format":"standard","meta":{"footnotes":""},"categories":[1833],"tags":[24794,3364,29,217,5282,30,97298,97299,97297,734,7774,1613,1209,12006,17712,7773,7765,94752,8404],"class_list":{"0":"post-350493","1":"post","2":"type-post","3":"status-publish","4":"format-standard","5":"has-post-thumbnail","7":"category-dortmund","8":"tag-asc-09-dortmund","9":"tag-de","10":"tag-deutschland","11":"tag-dortmund","12":"tag-fuball","13":"tag-germany","14":"tag-joel-nickel","15":"tag-johannes-liedtke","16":"tag-luis-sebastian-kehl","17":"tag-meta_artikelklasse_nachricht","18":"tag-meta_themen_sport","19":"tag-meta_userneeds_informieremich","20":"tag-nordrhein-westfalen","21":"tag-oberliga","22":"tag-serie_ligaid_210198","23":"tag-serie_ligaid_all","24":"tag-spielinfo","25":"tag-trkspor","26":"tag-westfalen"},"share_on_mastodon":{"url":"https:\/\/pubeurope.com\/@de\/115041333626162365","error":""},"_links":{"self":[{"href":"https:\/\/www.europesays.com\/de\/wp-json\/wp\/v2\/posts\/350493","targetHints":{"allow":["GET"]}}],"collection":[{"href":"https:\/\/www.europesays.com\/de\/wp-json\/wp\/v2\/posts"}],"about":[{"href":"https:\/\/www.europesays.com\/de\/wp-json\/wp\/v2\/types\/post"}],"author":[{"embeddable":true,"href":"https:\/\/www.europesays.com\/de\/wp-json\/wp\/v2\/users\/2"}],"replies":[{"embeddable":true,"href":"https:\/\/www.europesays.com\/de\/wp-json\/wp\/v2\/comments?post=350493"}],"version-history":[{"count":0,"href":"https:\/\/www.europesays.com\/de\/wp-json\/wp\/v2\/posts\/350493\/revisions"}],"wp:featuredmedia":[{"embeddable":true,"href":"https:\/\/www.europesays.com\/de\/wp-json\/wp\/v2\/media\/350494"}],"wp:attachment":[{"href":"https:\/\/www.europesays.com\/de\/wp-json\/wp\/v2\/media?parent=350493"}],"wp:term":[{"taxonomy":"category","embeddable":true,"href":"https:\/\/www.europesays.com\/de\/wp-json\/wp\/v2\/categories?post=350493"},{"taxonomy":"post_tag","embeddable":true,"href":"https:\/\/www.europesays.com\/de\/wp-json\/wp\/v2\/tags?post=350493"}],"curies":[{"name":"wp","href":"https:\/\/api.w.org\/{rel}","templated":true}]}}