{"id":350512,"date":"2025-08-17T00:54:11","date_gmt":"2025-08-17T00:54:11","guid":{"rendered":"https:\/\/www.europesays.com\/de\/350512\/"},"modified":"2025-08-17T00:54:11","modified_gmt":"2025-08-17T00:54:11","slug":"franz-beckenbauer-supercup-bayern-muenchen-gewinnt-zum-11-mal-den-supercup","status":"publish","type":"post","link":"https:\/\/www.europesays.com\/de\/350512\/","title":{"rendered":"Franz-Beckenbauer-Supercup: Bayern M\u00fcnchen gewinnt zum 11. Mal den Supercup"},"content":{"rendered":"<p>        VfB Stuttgart \u2013 FC Bayern M\u00fcnchen 1:2 (0:1)        <\/p>\n<p class=\"paragraph article__item\">Der FC Bayern M\u00fcnchen hat den Franz-Beckenbauer-Supercup zum elften Mal gewonnen. Die G\u00e4ste aus M\u00fcnchen besiegten den <a href=\"https:\/\/www.zeit.de\/sport\/2025-05\/vfb-stuttgart-gewinnt-den-dfb-pokal\" class=\"\" target=\"_blank\" rel=\"noopener\">VfB Stuttgart<\/a> mit 2:1.\u00a0\n<\/p>\n<p class=\"paragraph article__item\">In der 18. Minute ging der FC Bayern M\u00fcnchen in F\u00fchrung. St\u00fcrmerstar Harry Kane traf zum 1:0, das Ergebnis zur Halbzeit. Die erste H\u00e4lfte bot Chancen f\u00fcr beide Teams. Immer wieder \u00f6ffneten sich M\u00f6glichkeiten f\u00fcr die Mannschaften, wenngleich sie auch h\u00e4ufig nicht genutzt wurden.\n<\/p>\n<p class=\"paragraph article__item\">In der zweiten H\u00e4lfte konnte sich der <a href=\"https:\/\/www.zeit.de\/sport\/2025-07\/luis-diaz-fc-bayern\" class=\"\" target=\"_blank\" rel=\"noopener\">75-Millionen-Einkauf Luis D\u00edaz<\/a> vor dem Stuttgarter Tor durchsetzen und die F\u00fchrung der Bayern auf 2:0 ausbauen (77.). In der Nachspielzeit zeigte sich dann der VfB noch einmal: Kurz vor Abpfiff (90.+3) gelang Jamie Leweling der Anschlusstreffer zum 1:2.\u00a0\n<\/p>\n<p class=\"paragraph article__item\">Die Mannschaft k\u00f6nne &#8222;sehr stolz&#8220; sein, sagte Joshua Kimmich nach dem Abpfiff bei Sat.1: &#8222;Es ging heute auch darum, zu zeigen, dass wir da sind. Es ist unterm Strich ein sehr verdienter Sieg.&#8220;\n<\/p>\n<p>        Bundesliga startet erst nach dem Supercup        <\/p>\n<p class=\"paragraph article__item\">Die Bayern haben den Supercup bereits zehnmal gewonnen, zuletzt 2022. Die Schwaben holten sich diesen Titel erst einmal im Jahr 1992. Zum ersten Mal wurde der Cup unter dem neuen Namen ausgetragen. Die Deutsche Fu\u00dfball Liga (DFL) hat im vergangenen Dezember in Gedenken an die verstorbene Fu\u00dfballlegende Franz Beckenbauer den Titel umbenannt.\u00a0\n<\/p>\n<p class=\"paragraph article__item\">Im Vorfeld der Partie sorgten <a href=\"https:\/\/www.zeit.de\/sport\/2025-07\/nick-woltemade-vfb-stuttgart-fc-bayern-wechsel-marktwert\" class=\"\" target=\"_blank\" rel=\"noopener\">Diskussionen \u00fcber einen Transfer von Nationalspieler Nick Woltemade<\/a> f\u00fcr Unruhe. Der 23-J\u00e4hrige wollte vom VfB zum deutschen Rekordmeister wechseln. Vor dem Supercup-Spiel hat der Vorstandschef vom VfB Stuttgart, Alexander Wehrle, dem FC Bayern klare Worte gesagt: &#8222;Nick Woltemade spielt n\u00e4chste Saison beim VfB Stuttgart, die Akte ist geschlossen.&#8220;\u00a0\n<\/p>\n<p class=\"paragraph article__item\">F\u00fcr die Bayern beginnt die Bundesliga am Freitag mit einem Heimspiel gegen RB Leipzig. Stuttgart spielt am Samstag bei Union Berlin.\n<\/p>\n<p>            DFB        <\/p>\n<p>Mehr zum Thema<\/p>\n<p>                <a href=\"https:\/\/www.zeit.de\/sport\/2025-08\/dfb-pokal-spiele-vereine-fussball-vorschau\" data-ct-label=\"DFB-Pokal-Vorschau: Zeit f\u00fcr Fu\u00dfballromantiker\" target=\"_blank\" rel=\"noopener\"><\/p>\n<p>                        DFB-Pokal-Vorschau:<br \/>\n                        Zeit f\u00fcr Fu\u00dfballromantiker<\/p>\n<p>                <\/a><\/p>\n<p>                <a href=\"https:\/\/www.zeit.de\/2025\/35\/jugendtrainer-sport-vorbild-leben-entwicklung\" data-ct-label=\"Jugendtrainer: &quot;Wir bereiten sie aufs Leben vor&quot;\" target=\"_blank\" rel=\"noopener\"><\/p>\n<p>        Z+ (abopflichtiger Inhalt);<\/p>\n<p>    Jugendtrainer:<br \/>\n                        &#8222;Wir bereiten sie aufs Leben vor&#8220;<\/p>\n<p>                <\/a><\/p>\n<p>                <a href=\"https:\/\/www.zeit.de\/2025\/31\/tatjana-haenni-frauenfussball-europameisterschaft-professionalisierung\" data-ct-label=\"Tatjana Haenni: &quot;Ich habe nichts gegen M\u00e4nner \u2013 solange sie sich auskennen&quot;\" target=\"_blank\" rel=\"noopener\"><\/p>\n<p>        Z+ (abopflichtiger Inhalt);<\/p>\n<p>    Tatjana Haenni:<br \/>\n                        &#8222;Ich habe nichts gegen M\u00e4nner \u2013 solange sie sich auskennen&#8220;<\/p>\n<p>                <\/a><\/p>\n","protected":false},"excerpt":{"rendered":"VfB Stuttgart \u2013 FC Bayern M\u00fcnchen 1:2 (0:1) Der FC Bayern M\u00fcnchen hat den Franz-Beckenbauer-Supercup zum elften Mal&hellip;\n","protected":false},"author":2,"featured_media":350513,"comment_status":"","ping_status":"","sticky":false,"template":"","format":"standard","meta":{"footnotes":""},"categories":[1827],"tags":[772,29,96207,30,1268,301,265,52260],"class_list":{"0":"post-350512","1":"post","2":"type-post","3":"status-publish","4":"format-standard","5":"has-post-thumbnail","7":"category-muenchen","8":"tag-bayern","9":"tag-deutschland","10":"tag-franz-beckenbauer-supercup","11":"tag-germany","12":"tag-muenchen","13":"tag-spielbericht","14":"tag-sport","15":"tag-supercup"},"share_on_mastodon":{"url":"https:\/\/pubeurope.com\/@de\/115041380823650335","error":""},"_links":{"self":[{"href":"https:\/\/www.europesays.com\/de\/wp-json\/wp\/v2\/posts\/350512","targetHints":{"allow":["GET"]}}],"collection":[{"href":"https:\/\/www.europesays.com\/de\/wp-json\/wp\/v2\/posts"}],"about":[{"href":"https:\/\/www.europesays.com\/de\/wp-json\/wp\/v2\/types\/post"}],"author":[{"embeddable":true,"href":"https:\/\/www.europesays.com\/de\/wp-json\/wp\/v2\/users\/2"}],"replies":[{"embeddable":true,"href":"https:\/\/www.europesays.com\/de\/wp-json\/wp\/v2\/comments?post=350512"}],"version-history":[{"count":0,"href":"https:\/\/www.europesays.com\/de\/wp-json\/wp\/v2\/posts\/350512\/revisions"}],"wp:featuredmedia":[{"embeddable":true,"href":"https:\/\/www.europesays.com\/de\/wp-json\/wp\/v2\/media\/350513"}],"wp:attachment":[{"href":"https:\/\/www.europesays.com\/de\/wp-json\/wp\/v2\/media?parent=350512"}],"wp:term":[{"taxonomy":"category","embeddable":true,"href":"https:\/\/www.europesays.com\/de\/wp-json\/wp\/v2\/categories?post=350512"},{"taxonomy":"post_tag","embeddable":true,"href":"https:\/\/www.europesays.com\/de\/wp-json\/wp\/v2\/tags?post=350512"}],"curies":[{"name":"wp","href":"https:\/\/api.w.org\/{rel}","templated":true}]}}