{"id":350517,"date":"2025-08-17T00:57:14","date_gmt":"2025-08-17T00:57:14","guid":{"rendered":"https:\/\/www.europesays.com\/de\/350517\/"},"modified":"2025-08-17T00:57:14","modified_gmt":"2025-08-17T00:57:14","slug":"ich-bin-nicht-bekloppt-ich-war-nur-eine-woche-allein-in-brandenburg","status":"publish","type":"post","link":"https:\/\/www.europesays.com\/de\/350517\/","title":{"rendered":"\u201eIch bin nicht bekloppt, ich war nur eine Woche allein in Brandenburg\u201c"},"content":{"rendered":"<p class=\"tspAOgy tspAOgz\">Nach Brandenburg f\u00e4hrt man wegen der Landschaft, wegen der historischen Stadtkerne, nicht so sehr wegen der K\u00fcche, vor allem aber wegen der Ruhe. Als St\u00e4dter hat man sie auch manchmal dringend n\u00f6tig. <\/p>\n<p class=\"tspAOgy\">In meiner Berliner Stadtwohnung ist der L\u00e4rm allgegenw\u00e4rtig. Unter mir liegt die Heavy-Metal-Kneipe \u201eKillers\u201c, \u00fcber mir ist der Auspeitschsalon \u201eChez Uschi\u201c. Von oben h\u00f6re ich laute Schreie, von unten h\u00f6re ich laute Schreie mit Schlagzeugbegleitung. Auf der Stra\u00dfe rumpelt die Stra\u00dfenbahn, und an Sommerabenden h\u00f6rt man die bellenden Unterhaltungen der Berliner und das kehlige Lachen der spanischen Touristen durch die Stra\u00dfenschlucht hallen. <\/p>\n<p class=\"tspAOgy\">Grunds\u00e4tzlich mag ich diese Ger\u00e4usche, denn sie zeugen von Leben und sagen mir, dass die Welt noch nicht untergegangen ist. Ganz anders in meinem Havell\u00e4nder Zweitwohnsitz. Hier h\u00f6rt man alle paar Stunden mal ein Ger\u00e4usch, meist das Auto eines Nachbarn, h\u00f6chstens mal einen Hund. Nat\u00fcrlich ist diese Ruhe unglaublich entspannend. Sie hat aber auch negative Effekte. <\/p>\n<p><img decoding=\"async\" src=\"https:\/\/www.europesays.com\/de\/wp-content\/uploads\/2025\/08\/cover-tagesspiegel-brandenburg-2025.jpeg\"   alt=\"\" aria-labelledby=\"caption-13394062\" width=\"440\" height=\"330\" loading=\"lazy\" class=\"tspAQg1\"\/> Dieser Artikel stammt aus der neuen Ausgabe des Brandenburg-Magazins (168 Seiten Ausflugstipps, 10,80 Euro). <\/p>\n<p class=\"tspAAe7\"> \u00a9 Tagesspiegel <\/p>\n<p><a href=\"https:\/\/shop.tagesspiegel.de\/products\/tagesspiegel-unterwegs-brandenburg-2025?srsltid=AfmBOoqLhS0GiRtugIoJYGIiC4Q2wj8jYCUXZN6i1l30A_bMPObm8KX4&amp;icid=single-topic_13443718___\" data-gtm-class=\"article-mzt-link\" class=\"tspCKoc\" rel=\"nofollow noopener\" target=\"_blank\">Tagesspiegel Unterwegs Brandenburg 2025 Jetzt versandkostenfrei bestellen! <\/a><\/p>\n<p class=\"tspAOgy\">Zum einen wird man leicht paranoid. Ger\u00e4usche, die mich in Berlin v\u00f6llig kaltlassen, sorgen in Brandenburg daf\u00fcr, dass ich ans Fenster gehe und S\u00e4tze sage, die ich sonst nur von meiner Gro\u00dfmutter kannte: \u201eWas ist denn da drau\u00dfen f\u00fcr ein Radau? Das ist doch sonst nicht!\u201c<\/p>\n<p class=\"tspAOgy\">Einmal wurde ich sp\u00e4tabends durch Stimmen und Motorenger\u00e4usche vor meinem Grundst\u00fcck alarmiert. Ich lugte durch die Vorh\u00e4nge und sah auf der Stra\u00dfe zwei Autos und f\u00fcnf Leute stehen \u2013 f\u00fcr Brandenburger Verh\u00e4ltnisse schon eine Zusammenrottung. Ich machte \u00fcberall Licht, griff\u00a0zum Sch\u00fcrhaken, \u00f6ffnete die Haust\u00fcr und dachte: \u201eIch wei\u00df nicht, wer ihr seid und was ihr hier zu suchen habt, aber das ist mein Haus, und ich bin bereit, es zu verteidigen.\u201c<\/p>\n<p class=\"tspAOgy\">Tats\u00e4chlich war es nur der Sohn der Nachbarn, der von seinen Freunden nach Hause gebracht wurde. Er sah mich an, rief mir zu: \u201eWat st\u00fcmpt\u2018n mit dir nich\u2018?\u201c, und ich verzog mich kleinlaut wieder in mein H\u00e4uschen. &#13;<\/p>\n<p> Der Autor <\/p>\n<p class=\"tspAOgy\"><strong>Tilman Birr <\/strong>ist Schriftsteller, Musiker und Kabarettist. Zuletzt erschien von ihm der Roman \u201eWie sind Sie hier reingekommen?\u201c, Satyr Verlag 2023.<\/p>\n<p class=\"tspAOgy\">Zum anderen wird man in der Ruhe schnell wunderlich. Wenn kein Ger\u00e4usch einen von der Existenz der Welt \u00fcberzeugt, macht man sich das Ger\u00e4usch halt selbst. <\/p>\n<p class=\"tspAOgy\">So stehe ich manchmal singend im Wohnzimmer, <a href=\"https:\/\/www.tagesspiegel.de\/zum-100-jubilaum-von-loriot-die-ente-bleibt-draussen-10766230.html?icid=in-text-link_13443718\" class=\"link link--internal\" data-gtm-class=\"article-text-link\" data-gtm-val=\"internal\" rel=\"nofollow noopener\" target=\"_blank\">spiele laut halbe Loriot-Sketche<\/a> mit mir selbst nach oder br\u00fclle meinen Computer an, wenn er mal wieder unverst\u00e4ndliche Fehlermeldungen zeigt. Das alles passiert unbewusst, ich kann nichts daf\u00fcr, es ist die Bew\u00e4ltigungsstrategie eines akustisch unterforderten Geistes.<\/p>\n<p> Weitere Artikel lesen Sie hier: <a href=\"https:\/\/www.tagesspiegel.de\/themenspeziale\/unterwegsundfreizeit\/sie-besetzen-jeden-sommer-einen-verfallenen-ort-in-brandenburg-warum-tun-sich-kunstlerinnen-das-an-13444525.html?icid=topic-list_13443718___\" data-gtm-class=\"article-mzt-link\" class=\"tspCKoc\" rel=\"nofollow noopener\" target=\"_blank\">Sie besetzen jeden Sommer einen verfallenen Ort in Brandenburg Warum tun sich K\u00fcnstlerinnen das an? <\/a><a href=\"https:\/\/www.tagesspiegel.de\/themenspeziale\/unterwegsundfreizeit\/kurztrip-ein-spaziergang-durch-ein-nicht-ganz-so-beruhmtes-potsdam-13390429.html?icid=topic-list_13443718___\" data-gtm-class=\"article-mzt-link\" class=\"tspCKoc\" rel=\"nofollow noopener\" target=\"_blank\">Kurztrip am Wochenende Ein Spaziergang durch ein nicht ganz so ber\u00fchmtes Potsdam <\/a><a href=\"https:\/\/www.tagesspiegel.de\/gesellschaft\/genuss\/kulinarische-landpartien-nach-brandenburg-ein-tisch-im-grunen-13390744.html?icid=topic-list_13443718___\" data-gtm-class=\"article-mzt-link\" class=\"tspCKoc\" rel=\"nofollow noopener\" target=\"_blank\">Ein Tisch im Gr\u00fcnen Kulinarische Landpartien nach Brandenburg <\/a><\/p>\n<p class=\"tspAOgy\">Leider schleift sich dieses Verhaltens-Laisser-faire schnell ein, und wenn ich nach einer Woche nach Berlin zur\u00fcckkehre, erwische ich mich dabei, wie ich auf der Stra\u00dfe \u201eGriechischer Wein\u201c vor mich hinsinge oder im U-Bahnhof mein Handy beschimpfe, weil die BVG-App mal wieder nicht l\u00e4dt. <\/p>\n<p class=\"tspAOgy\">Die Berliner laufen an mir vorbei und denken: \u201eSchon wieder so\u2018n Kloppi, naja, ignorieren, weitajehn.\u201c Ich m\u00f6chte allen Menschen in Berlin sagen: Nein, nein, ich bin nicht bekloppt. Ich war nur eine Woche allein in Brandenburg. <\/p>\n","protected":false},"excerpt":{"rendered":"Nach Brandenburg f\u00e4hrt man wegen der Landschaft, wegen der historischen Stadtkerne, nicht so sehr wegen der K\u00fcche, vor&hellip;\n","protected":false},"author":2,"featured_media":350518,"comment_status":"","ping_status":"","sticky":false,"template":"","format":"standard","meta":{"footnotes":""},"categories":[1816],"tags":[1960,1958,1959,1957,1956,1890,29,30,24912],"class_list":{"0":"post-350517","1":"post","2":"type-post","3":"status-publish","4":"format-standard","5":"has-post-thumbnail","7":"category-brandenburg","8":"tag-aktuelle-nachrichten-aus-berlin-und-brandenburg","9":"tag-aktuelle-nachrichten-aus-brandenburg","10":"tag-aktuelle-news-aus-berlin-und-brandenburg","11":"tag-aktuelle-news-aus-brandenburg","12":"tag-berlin-und-brandenburg","13":"tag-brandenburg","14":"tag-deutschland","15":"tag-germany","16":"tag-havelland"},"share_on_mastodon":{"url":"https:\/\/pubeurope.com\/@de\/115041392687577445","error":""},"_links":{"self":[{"href":"https:\/\/www.europesays.com\/de\/wp-json\/wp\/v2\/posts\/350517","targetHints":{"allow":["GET"]}}],"collection":[{"href":"https:\/\/www.europesays.com\/de\/wp-json\/wp\/v2\/posts"}],"about":[{"href":"https:\/\/www.europesays.com\/de\/wp-json\/wp\/v2\/types\/post"}],"author":[{"embeddable":true,"href":"https:\/\/www.europesays.com\/de\/wp-json\/wp\/v2\/users\/2"}],"replies":[{"embeddable":true,"href":"https:\/\/www.europesays.com\/de\/wp-json\/wp\/v2\/comments?post=350517"}],"version-history":[{"count":0,"href":"https:\/\/www.europesays.com\/de\/wp-json\/wp\/v2\/posts\/350517\/revisions"}],"wp:featuredmedia":[{"embeddable":true,"href":"https:\/\/www.europesays.com\/de\/wp-json\/wp\/v2\/media\/350518"}],"wp:attachment":[{"href":"https:\/\/www.europesays.com\/de\/wp-json\/wp\/v2\/media?parent=350517"}],"wp:term":[{"taxonomy":"category","embeddable":true,"href":"https:\/\/www.europesays.com\/de\/wp-json\/wp\/v2\/categories?post=350517"},{"taxonomy":"post_tag","embeddable":true,"href":"https:\/\/www.europesays.com\/de\/wp-json\/wp\/v2\/tags?post=350517"}],"curies":[{"name":"wp","href":"https:\/\/api.w.org\/{rel}","templated":true}]}}