{"id":350521,"date":"2025-08-17T00:59:40","date_gmt":"2025-08-17T00:59:40","guid":{"rendered":"https:\/\/www.europesays.com\/de\/350521\/"},"modified":"2025-08-17T00:59:40","modified_gmt":"2025-08-17T00:59:40","slug":"messe-berlin-verteidigt-sich-gegen-vorwurf-unzureichender-kontrolle","status":"publish","type":"post","link":"https:\/\/www.europesays.com\/de\/350521\/","title":{"rendered":"Messe Berlin verteidigt sich gegen Vorwurf unzureichender Kontrolle"},"content":{"rendered":"<p>    Hohe Kosten f\u00fcr Security in Fl\u00fcchtlingsunterkunft Tegel: Messe Berlin verteidigt sich gegen Vorwurf unzureichender Kontrolle <\/p>\n<p>    <a href=\"#main-content\" class=\"tspIbf\">zum Hauptinhalt<\/a>Sie befinden sich hier:<\/p>\n<ol property=\"breadcrumb\" typeof=\"BreadcrumbList\" class=\"tspAEfu\">\n<li property=\"itemListElement\" typeof=\"ListItem\" class=\"tspAEfv\"><a property=\"item\" typeof=\"WebPage\" href=\"https:\/\/www.tagesspiegel.de\" class=\"tspAEfw\" target=\"_blank\" rel=\"noopener\">Startseite<\/a><\/li>\n<li property=\"itemListElement\" typeof=\"ListItem\" class=\"tspAEfv\"><a href=\"https:\/\/www.tagesspiegel.de\/berlin\/\" property=\"item\" typeof=\"WebPage\" class=\"tspAEfw tspAEfx\" target=\"_blank\" rel=\"noopener\">Berlin<\/a><\/li>\n<li property=\"itemListElement\" typeof=\"ListItem\" aria-current=\"page\" class=\"tspAEfv\"><strong property=\"item\" typeof=\"WebPage\" class=\"tspAEfw\">Hohe Kosten f\u00fcr Security in Fl\u00fcchtlingsunterkunft Tegel: Messe Berlin verteidigt sich gegen Vorwurf unzureichender Kontrolle <\/strong><\/li>\n<\/ol>\n<p><img decoding=\"async\" src=\"https:\/\/www.europesays.com\/de\/wp-content\/uploads\/2025\/08\/ankunfts-und-notunterbringungseinrichtung-tegel.jpeg\" alt=\"Ankunfts- und Notunterbringungseinrichtung Tegel&#10;Foto:\u00a0Melanie Probandt\" width=\"1000\" height=\"428\" loading=\"lazy\" class=\"tspAQg1\"\/><\/p>\n<p class=\"tspAAe7 tspAAe8\"> \u00a9 Melanie Probandt <\/p>\n<p class=\"tspAOgy tspAs\">Es geht um Rechnungen \u00fcber 100 Millionen Euro: Nachdem der Tagesspiegel \u00fcber Pr\u00fcfergebnisse des Rechnungshofs berichtet hatte, geht die Messe in die Offensive und verteidigt ihr Vorgehen.<\/p>\n<p class=\"tspAWho\"> Stand: 16.08.2025, 08:15\u00a0Uhr<\/p>\n<dl class=\"tspAx debug-piano\">\n<p><dt>showPaywall:<\/dt>\n<dd>true<\/dd>\n<\/p>\n<p><dt>isSubscriber:<\/dt>\n<dd>false<\/dd>\n<\/p>\n<p><dt>isPaid:<\/dt>\n<dd>true<\/dd>\n<\/p>\n<\/dl>\n<p id=\"message-target-blank\" hidden=\"hidden\">\u00f6ffnet in neuem Tab oder Fenster<\/p>\n<p>\n\t\t\tconsole.debug({ userId: &#8222;&#8220;, verifiedBot: &#8222;false&#8220;, botCategory: &#8222;&#8220; })\n\t\t<\/p>\n","protected":false},"excerpt":{"rendered":"Hohe Kosten f\u00fcr Security in Fl\u00fcchtlingsunterkunft Tegel: Messe Berlin verteidigt sich gegen Vorwurf unzureichender Kontrolle zum HauptinhaltSie befinden&hellip;\n","protected":false},"author":2,"featured_media":350522,"comment_status":"","ping_status":"","sticky":false,"template":"","format":"standard","meta":{"footnotes":""},"categories":[1825],"tags":[296,29,19731,2109,30,1891,60605],"class_list":{"0":"post-350521","1":"post","2":"type-post","3":"status-publish","4":"format-standard","5":"has-post-thumbnail","7":"category-berlin","8":"tag-berlin","9":"tag-deutschland","10":"tag-fluechtlinge-in-berlin","11":"tag-flughafen","12":"tag-germany","13":"tag-landespolitik-berlin","14":"tag-privatisierung"},"share_on_mastodon":{"url":"https:\/\/pubeurope.com\/@de\/115041400465763603","error":""},"_links":{"self":[{"href":"https:\/\/www.europesays.com\/de\/wp-json\/wp\/v2\/posts\/350521","targetHints":{"allow":["GET"]}}],"collection":[{"href":"https:\/\/www.europesays.com\/de\/wp-json\/wp\/v2\/posts"}],"about":[{"href":"https:\/\/www.europesays.com\/de\/wp-json\/wp\/v2\/types\/post"}],"author":[{"embeddable":true,"href":"https:\/\/www.europesays.com\/de\/wp-json\/wp\/v2\/users\/2"}],"replies":[{"embeddable":true,"href":"https:\/\/www.europesays.com\/de\/wp-json\/wp\/v2\/comments?post=350521"}],"version-history":[{"count":0,"href":"https:\/\/www.europesays.com\/de\/wp-json\/wp\/v2\/posts\/350521\/revisions"}],"wp:featuredmedia":[{"embeddable":true,"href":"https:\/\/www.europesays.com\/de\/wp-json\/wp\/v2\/media\/350522"}],"wp:attachment":[{"href":"https:\/\/www.europesays.com\/de\/wp-json\/wp\/v2\/media?parent=350521"}],"wp:term":[{"taxonomy":"category","embeddable":true,"href":"https:\/\/www.europesays.com\/de\/wp-json\/wp\/v2\/categories?post=350521"},{"taxonomy":"post_tag","embeddable":true,"href":"https:\/\/www.europesays.com\/de\/wp-json\/wp\/v2\/tags?post=350521"}],"curies":[{"name":"wp","href":"https:\/\/api.w.org\/{rel}","templated":true}]}}