{"id":350538,"date":"2025-08-17T01:08:14","date_gmt":"2025-08-17T01:08:14","guid":{"rendered":"https:\/\/www.europesays.com\/de\/350538\/"},"modified":"2025-08-17T01:08:14","modified_gmt":"2025-08-17T01:08:14","slug":"heute-werbefrei-im-tv-sandra-bullock-in-einem-ihrer-besten-thriller-zu-unrecht-fast-vergessen-kino-news","status":"publish","type":"post","link":"https:\/\/www.europesays.com\/de\/350538\/","title":{"rendered":"Heute werbefrei im TV: Sandra Bullock in einem ihrer besten Thriller \u2013 zu Unrecht fast vergessen! &#8211; Kino News"},"content":{"rendered":"<p>30 Jahre sind eine lange Zeit. Da kann ein Film schon mal in Vergessenheit geraten. Beim Verschw\u00f6rungs-Thriller \u201eDas Netz\u201c w\u00e4re das schade \u2013 nicht nur wegen einer top aufgelegten Sandra Bullock. Der spannenden Streifen l\u00e4uft heute im Free-TV.<\/p>\n<p class=\"bo-p\">Ihr m\u00f6gt \u201e<a href=\"https:\/\/www.filmstarts.de\/kritiken\/8305.html\" class=\"bo-link\" rel=\"nofollow noopener\" target=\"_blank\">Die Firma<\/a>\u201c, \u201e<a href=\"https:\/\/www.filmstarts.de\/kritiken\/16026.html\" class=\"bo-link\" rel=\"nofollow noopener\" target=\"_blank\">Der Staatsfeind Nr. 1<\/a>\u201c oder die \u201e<a href=\"https:\/\/www.filmstarts.de\/kritiken\/29071.html\" class=\"bo-link\" rel=\"nofollow noopener\" target=\"_blank\">Bourne<\/a>\u201c-Reihe \u2013 also Thriller, in denen eine Einzelperson ebenso unschuldig wie unerwartet unter die R\u00e4der einer gro\u00dfangelegten Verschw\u00f6rung ger\u00e4t? Solltet ihr dann auch noch Fans von <a href=\"https:\/\/www.filmstarts.de\/personen\/4700.html\" class=\"bo-link\" rel=\"nofollow noopener\" target=\"_blank\">Sandra Bullock<\/a> sein, ist die filmische Abendgestaltung gerettet:<\/p>\n<p class=\"bo-p\"><a href=\"https:\/\/www.filmstarts.de\/kritiken\/13212.html\" class=\"bo-link\" rel=\"nofollow noopener\" target=\"_blank\"><b>\u201eDas Netz<\/b><\/a><b>\u201c l\u00e4uft am heutigen 16. August 2025 um 20.15 Uhr auf ZDFneo.<\/b> Eine Wiederholung folgt noch in derselben Nacht um 1.00 Uhr. Alternativ ist das Werk aktuell im <a href=\"https:\/\/www.filmstarts.de\/streaming\/netflix\/\" class=\"bo-link\" rel=\"nofollow noopener\" target=\"_blank\">Netflix<\/a>-Programm zu sehen sowie als Blu-ray, DVD und kostenpflichtiges Video-on-Demand zu haben:<\/p>\n<p>            &#8222;Das Netz&#8220; bei Amazon*<\/p>\n<p class=\"bo-p\">Neben \u201eSpeed\u201c-Star Sandra Bullock sind in weiteren Rollen <a href=\"https:\/\/www.filmstarts.de\/personen\/11791.html\" class=\"bo-link\" rel=\"nofollow noopener\" target=\"_blank\">Jeremy Northam<\/a> (\u201eGosford Park\u201c), Komiker <a href=\"https:\/\/www.filmstarts.de\/personen\/17465.html\" class=\"bo-link\" rel=\"nofollow noopener\" target=\"_blank\">Dennis Miller<\/a> (\u201eMord im Wei\u00dfen Haus\u201c), <a href=\"https:\/\/www.filmstarts.de\/personen\/3483.html\" class=\"bo-link\" rel=\"nofollow noopener\" target=\"_blank\">Diane Baker<\/a> (\u201eMarnie\u201c), <a href=\"https:\/\/www.filmstarts.de\/personen\/8508.html\" class=\"bo-link\" rel=\"nofollow noopener\" target=\"_blank\">Wendy Gazelle<\/a> aus \u201eGeboren in Queens\u201c sowie die Hollywood-Veteranen <a href=\"https:\/\/www.filmstarts.de\/personen\/8755.html\" class=\"bo-link\" rel=\"nofollow noopener\" target=\"_blank\">Ken Howard<\/a> (\u201eMichael Clayton\u201c) und <a href=\"https:\/\/www.filmstarts.de\/personen\/17688.html\" class=\"bo-link\" rel=\"nofollow noopener\" target=\"_blank\">Robert Gossett<\/a> (\u201eThe Closer\u201c) dabei.<\/p>\n<p>&#8222;Das Netz&#8220;: Das ist die Story<\/p>\n<p class=\"bo-p\">IT-Programmiererin Angela Bennett (Bullock) arbeitet im Homeoffice f\u00fcr eine Softwarefirma. Die in ihrem Job hochtalentierte junge Frau lebt dabei freiwillig sehr isoliert. Soziale Kontakte pflegt sie ausschlie\u00dflich \u00fcber das Internet oder am Telefon und ihr Essen kommt per Abo-Bestellung vom Lieferdienst vor die T\u00fcr. Eines Tages erh\u00e4lt Angela dann aber nicht nur die t\u00e4gliche Pizza, sondern von mysteri\u00f6ser Quelle auch noch eine Diskette voller brisanter Informationen zugestellt.<\/p>\n<p class=\"bo-p\">Schon am n\u00e4chsten Tag wird der gerissene Jack Devlin (Northam) auf sie angesetzt, der die Diskette mit allen Mitteln wiederbeschaffen und sie beseitigen soll. Mit M\u00fche kann Angela ihm gerade noch entkommen, doch irgendjemand hat ihre pers\u00f6nlichen Daten in s\u00e4mtlichen Regierungscomputern manipuliert. Pl\u00f6tzlich hat sie ein stattliches Strafregister, weswegen sie nicht mehr nur von Devlin, sondern nun auch von der Polizei gejagt wird \u2026<\/p>\n<p>Sandra Bullocks One-Woman-Show<\/p>\n<p class=\"bo-p\">Aus heutiger Sicht sind die technischen Details des Cyber-Thrillers nat\u00fcrlich hoffnungslos veraltet. Die meisten j\u00fcngeren Zuschauer*innen wissen wahrscheinlich nicht einmal mehr, was eine 3,5-Zoll-Diskette ist. Das tut der Verst\u00e4ndlichkeit und Spannung der Handlung aber keinen Abbruch. Das Drehbuch des Autorenduos <a href=\"https:\/\/www.filmstarts.de\/personen\/55625.html\" class=\"bo-link\" rel=\"nofollow noopener\" target=\"_blank\">John D. Brancato<\/a> und <a href=\"https:\/\/www.filmstarts.de\/personen\/55626.html\" class=\"bo-link\" rel=\"nofollow noopener\" target=\"_blank\">Michael Ferris<\/a> (\u201eThe Game\u201c) sowie seine Umsetzung durch Regisseur <a href=\"https:\/\/www.filmstarts.de\/personen\/8751.html\" class=\"bo-link\" rel=\"nofollow noopener\" target=\"_blank\">Irwin Winkler<\/a> (\u201eSchuldig bei Verdacht\u201c) sind trotz einiger netter Twists jederzeit nachvollziehbar. Im Grunde hat sich ja auch nicht wirklich viel ge\u00e4ndert. Die aktuellen Ger\u00e4te m\u00f6gen kleiner beziehungsweise schneller geworden sein, aber Online-Hacking, Malware, digitaler Identit\u00e4tsdiebstahl und dergleichen sind heutzutage mindestens ebenso relevant, weil noch viel weiter verbreitet, wie in diesem Film aus dem Jahre 1995.<\/p>\n<p class=\"bo-p\">Eingangs hatten wir euch ein paar von Sandra Bullocks Co-Stars aufgez\u00e4hlt. In Wirklichkeit ist \u201eDas Netz\u201c aber fast eine echte One-Woman-Show des auch hier umwerfend sympathisch und glaubw\u00fcrdig spielenden Stars. Findet Bullock doch die perfekte Balance zwischen naiver Unschuld, nerdiger Geschicklichkeit an der Tastatur und jemandem, die sich spontan an eine Situation \u2013 so \u00fcberw\u00e4ltigend sie auch erscheinen mag \u2013  anpassen und dabei \u00fcber sich hinauswachsen kann. Von Anfang an dr\u00fccken wir ihr gern die Daumen und fiebern mit.<\/p>\n<p>&#8222;Das Netz&#8220;: Es gibt ein Serien-Sequel \u2013 mit Dwayne Johnson<\/p>\n<p class=\"bo-p\">Der Film war damals ein moderater Hit am globalen Box Office, profitierte aber auch enorm vom kolossalen Erfolg des nur wenige Monate zuvor in die Kinos gekommenen \u201eW\u00e4hrend du schliefst\u201c. Anstelle eines Sequels ging drei Jahre sp\u00e4ter eine <a href=\"https:\/\/www.filmstarts.de\/serien\/5763.html\" class=\"bo-link\" rel=\"nofollow noopener\" target=\"_blank\">TV-Serie mit demselben Titel<\/a> an den Start, bei der Irwin Winkler als Produzent fungierte. Anstelle von Bullock wurde die Protagonistin darin allerdings von \u201eMelrose Place\u201c-Star <a href=\"https:\/\/www.filmstarts.de\/personen\/74777.html\" class=\"bo-link\" rel=\"nofollow noopener\" target=\"_blank\">Brooke Langton<\/a> gespielt.<\/p>\n<p class=\"bo-p\">Trotz einiger heute sehr prominenter Gaststars wie <a href=\"https:\/\/www.filmstarts.de\/personen\/38755.html\" class=\"bo-link\" rel=\"nofollow noopener\" target=\"_blank\">Dwayne Johnson<\/a> und Marvel-Held <a href=\"https:\/\/www.filmstarts.de\/personen\/81160.html\" class=\"bo-link\" rel=\"nofollow noopener\" target=\"_blank\">Jeremy Renner<\/a> wurde die Show nach nur einer Staffel wegen mangelnden Publikumsinteresses abgesetzt. Kaum besser erging es dem erneut von Winkler produziertem Direct-to-DVD-Film \u201e<a href=\"https:\/\/www.filmstarts.de\/kritiken\/134004.html\" class=\"bo-link\" rel=\"nofollow noopener\" target=\"_blank\">Das Netz 2.0<\/a>\u201c mit <a href=\"https:\/\/www.filmstarts.de\/personen\/47913.html\" class=\"bo-link\" rel=\"nofollow noopener\" target=\"_blank\">Nikki DeLoach<\/a> in der Hauptrolle. Das in der T\u00fcrkei spielende Quasi-Remake des Originals wurde wenig beachtet und bedeutete das Ende des Franchise.<\/p>\n<p class=\"bo-p\">Ein weiteres \u201eDas Netz\u201c-Abenteuer wird es also vermutlich nicht mehr geben. Allerdings h\u00e4tte das bei dem Bullock-Film, um den es im folgenden Artikel geht, wohl auch niemand mehr erwartet. FILMSTARTS-Redakteurin Chantal Neumann kl\u00e4rt euch auf, welcher Titel gemeint ist, und fasst alles zusammen, was bisher \u00fcber das kommende Sequel bekannt ist:<\/p>\n<p>    <a class=\"cms-see-also\" data-title=\"Auch interessant\" href=\"https:\/\/www.filmstarts.de\/nachrichten\/1000154173.html\" rel=\"nofollow noopener\" target=\"_blank\">An der Seite von Nicole Kidman und Sandra Bullock: Marvel- und &#8222;Game Of Thrones&#8220;-Stars in Fortsetzung von Fantasy-Kultfilm<\/a><\/p>\n<p class=\"bo-p\">*Bei dem Link zum Angebot von Amazon handelt es sich um einen sogenannten Affiliate-Link. Bei einem Kauf \u00fcber diesen Link erhalten wir eine Provision. Auf den Preis hat das keinerlei Auswirkung.<\/p>\n<p class=\"bo-p\">Dies ist eine aktualisierte Wiederver\u00f6ffentlichung eines bereits auf FILMSTARTS erschienenen Artikels.<\/p>\n","protected":false},"excerpt":{"rendered":"30 Jahre sind eine lange Zeit. Da kann ein Film schon mal in Vergessenheit geraten. Beim Verschw\u00f6rungs-Thriller \u201eDas&hellip;\n","protected":false},"author":2,"featured_media":350539,"comment_status":"","ping_status":"","sticky":false,"template":"","format":"standard","meta":{"footnotes":""},"categories":[1771],"tags":[1778,29,214,30,95,1777,215],"class_list":{"0":"post-350538","1":"post","2":"type-post","3":"status-publish","4":"format-standard","5":"has-post-thumbnail","7":"category-kino","8":"tag-cinema","9":"tag-deutschland","10":"tag-entertainment","11":"tag-germany","12":"tag-kino","13":"tag-movie","14":"tag-unterhaltung"},"share_on_mastodon":{"url":"https:\/\/pubeurope.com\/@de\/115041436148100579","error":""},"_links":{"self":[{"href":"https:\/\/www.europesays.com\/de\/wp-json\/wp\/v2\/posts\/350538","targetHints":{"allow":["GET"]}}],"collection":[{"href":"https:\/\/www.europesays.com\/de\/wp-json\/wp\/v2\/posts"}],"about":[{"href":"https:\/\/www.europesays.com\/de\/wp-json\/wp\/v2\/types\/post"}],"author":[{"embeddable":true,"href":"https:\/\/www.europesays.com\/de\/wp-json\/wp\/v2\/users\/2"}],"replies":[{"embeddable":true,"href":"https:\/\/www.europesays.com\/de\/wp-json\/wp\/v2\/comments?post=350538"}],"version-history":[{"count":0,"href":"https:\/\/www.europesays.com\/de\/wp-json\/wp\/v2\/posts\/350538\/revisions"}],"wp:featuredmedia":[{"embeddable":true,"href":"https:\/\/www.europesays.com\/de\/wp-json\/wp\/v2\/media\/350539"}],"wp:attachment":[{"href":"https:\/\/www.europesays.com\/de\/wp-json\/wp\/v2\/media?parent=350538"}],"wp:term":[{"taxonomy":"category","embeddable":true,"href":"https:\/\/www.europesays.com\/de\/wp-json\/wp\/v2\/categories?post=350538"},{"taxonomy":"post_tag","embeddable":true,"href":"https:\/\/www.europesays.com\/de\/wp-json\/wp\/v2\/tags?post=350538"}],"curies":[{"name":"wp","href":"https:\/\/api.w.org\/{rel}","templated":true}]}}