{"id":350542,"date":"2025-08-17T01:10:15","date_gmt":"2025-08-17T01:10:15","guid":{"rendered":"https:\/\/www.europesays.com\/de\/350542\/"},"modified":"2025-08-17T01:10:15","modified_gmt":"2025-08-17T01:10:15","slug":"supercup-luis-diaz-trifft-per-kopf-fc-bayern-fast-durch","status":"publish","type":"post","link":"https:\/\/www.europesays.com\/de\/350542\/","title":{"rendered":"Supercup: Luis Diaz trifft per Kopf \u2013 FC Bayern fast durch"},"content":{"rendered":"<p>Der FC Bayern gewinnt mit dem Franz-Beckenbauer-Supercup den ersten Titel der Saison. Die M\u00fcnchner besiegen im Finale den VfB Stuttgart mit einem gl\u00fccklosen Nick Woltemade. F\u00fcr Bayern-Zugang Luis Diaz k\u00f6nnte der Einstand  kaum besser laufen.<\/p>\n<p class=\"is-first-paragraph\" data-external=\"Article.FirstParagraph\">DDer erste Titel der neuen Saison geht an den FC Bayern. Der Deutsche Meister gewann das Duell um den Franz-Beckenbauer-Supercup gegen Pokalsieger VfB Stuttgart 2:1 (1:0). F\u00fcr die Bayern erzielten in Stuttgart Harry Kane (18.) und Zugang Luis Diaz (77.) die Treffer. Der kolumbianische Offensivspieler, f\u00fcr rund 70 Millionen Euro vom FC Liverpool gekommen, feierte damit im ersten Pflichtspiel einen perfekten Einstand. Der Anschluss des Stuttgarters Jamie Leweling (90.+4) kam zu sp\u00e4t. <\/p>\n<p>Auf Stuttgarter Seite stand der seit Wochen von den Bayern umworbene Nick Woltemade im Blickpunkt. Woltemade stand in der Startelf, agierte im Abschluss aber gl\u00fccklos. Bayern-Torwart Manuel Neuer verhinderte mit einer \u00fcberragenden Parade gegen Woltemade den zwischenzeitlichen Stuttgarter Ausgleich (24.). Der 23-J\u00e4hrige schlug die H\u00e4nde \u00fcber dem Kopf zusammen. In der 74. Minute vergab er eine weitere gute Gelegenheit. <\/p>\n<p>Die Causa Woltemade ist seit Wochen Dauerthema auf dem Transfermarkt. Vor dem Anpfiff r\u00e4umten es die VfB-Bosse zumindest aus ihrer Sicht aber ab. Der Angreifer spiele auch diese Saison f\u00fcr den DFB-Pokalsieger, erkl\u00e4rten sie unisono. \u201eDie Akte ist geschlossen\u201c, sagte Vorstandschef Alexander Wehrle. \u201eDas Thema ist vom Tisch\u201c, erkl\u00e4rte Sportvorstand Fabian Wohlgemuth.<\/p>\n<p>Auf dem Rasen hingegen gab der Meister zun\u00e4chst klar den Ton an. Leon Goretzka kam schon in den ersten f\u00fcnf Minuten zu zwei Abschl\u00fcssen. Nach knapp 20 Minuten nutzte Kane einen dicken Patzer der VfB-Defensive zur F\u00fchrung. Verteidiger Luca Jaquez wehrte den Ball an der Strafraumgrenze direkt vor die F\u00fc\u00dfe des Engl\u00e4nders ab \u2013 und der traf flach ins linke Eck.<\/p>\n<p>Eine sehr unterhaltsame Partie<\/p>\n<p>Mitte der ersten Halbzeit kamen die Stuttgarter und auch Woltemade besser ins Spiel. Der Angreifer hatte gegen seinen im Zweikampf alles andere als zimperlichen Bewacher Dayot Upamecano zun\u00e4chst einen schweren Stand, dann aber pl\u00f6tzlich das 1:1 auf dem Fu\u00df. Aus kurzer Distanz scheiterte er an Neuer, der zuvor schon einmal gegen Josha Vagnoman zur Stelle war.<\/p>\n<p>Konrad Laimer (26.), erneut Goretzka (34.) und Michael Olise (38.) vergaben weitere Gelegenheiten f\u00fcr die G\u00e4ste. Auch der VfB hatte in der insgesamt sehr unterhaltsamen Partie nun aber die eine oder andere gute Offensivaktionen.<\/p>\n<p>Den zweiten Durchgang er\u00f6ffnete Stuttgarts Deniz Undav mit einem Freisto\u00df \u00fcber das Tor (50.). Zwei Minuten sp\u00e4ter h\u00e4tte Bayerns Olise den Ball bei einem Konter besser zum neuen Teamkollegen Diaz quergelegt, blieb stattdessen aber mit einem Schuss h\u00e4ngen. Die Partie, in der Sebastian Hoene\u00df zum 100. Mal in einem Pflichtspiel als VfB-Coach an der Seitenlinie stand, wurde hitziger.<\/p>\n<p>Luis Diaz trifft per Kopf<\/p>\n<p>In der 63. Minute verhinderte Stuttgarts Torwart Fabian Bredlow, der erneut den angeschlagenen Stammkeeper Alexander N\u00fcbel vertrat, gegen Kane den vorzeitigen K.o. der Schwaben. <\/p>\n<p>Nachdem Woltemade per Kopf (74.) und Leweling gegen den erneut stark reagierenden Neuer (75.) das 1:1 verpassten, machte Diaz f\u00fcr die M\u00fcnchner alles klar. Die Starverpflichtung vom FC Liverpool traf nach einer Flanke des emsigen Serge Gnabry per Kopf zum Bayern-Titel. Lewelings Treffer \u00e4nderte am Erfolg der Bayern nichts mehr.<\/p>\n<p>SUF<\/p>\n","protected":false},"excerpt":{"rendered":"Der FC Bayern gewinnt mit dem Franz-Beckenbauer-Supercup den ersten Titel der Saison. Die M\u00fcnchner besiegen im Finale den&hellip;\n","protected":false},"author":2,"featured_media":350543,"comment_status":"","ping_status":"","sticky":false,"template":"","format":"standard","meta":{"footnotes":""},"categories":[136],"tags":[29,458,347,30,265,97304,2915],"class_list":{"0":"post-350542","1":"post","2":"type-post","3":"status-publish","4":"format-standard","5":"has-post-thumbnail","7":"category-sport","8":"tag-deutschland","9":"tag-fc-bayern-muenchen","10":"tag-fussball","11":"tag-germany","12":"tag-sport","13":"tag-supercup-ks","14":"tag-vfb-stuttgart"},"share_on_mastodon":{"url":"https:\/\/pubeurope.com\/@de\/115041443824614610","error":""},"_links":{"self":[{"href":"https:\/\/www.europesays.com\/de\/wp-json\/wp\/v2\/posts\/350542","targetHints":{"allow":["GET"]}}],"collection":[{"href":"https:\/\/www.europesays.com\/de\/wp-json\/wp\/v2\/posts"}],"about":[{"href":"https:\/\/www.europesays.com\/de\/wp-json\/wp\/v2\/types\/post"}],"author":[{"embeddable":true,"href":"https:\/\/www.europesays.com\/de\/wp-json\/wp\/v2\/users\/2"}],"replies":[{"embeddable":true,"href":"https:\/\/www.europesays.com\/de\/wp-json\/wp\/v2\/comments?post=350542"}],"version-history":[{"count":0,"href":"https:\/\/www.europesays.com\/de\/wp-json\/wp\/v2\/posts\/350542\/revisions"}],"wp:featuredmedia":[{"embeddable":true,"href":"https:\/\/www.europesays.com\/de\/wp-json\/wp\/v2\/media\/350543"}],"wp:attachment":[{"href":"https:\/\/www.europesays.com\/de\/wp-json\/wp\/v2\/media?parent=350542"}],"wp:term":[{"taxonomy":"category","embeddable":true,"href":"https:\/\/www.europesays.com\/de\/wp-json\/wp\/v2\/categories?post=350542"},{"taxonomy":"post_tag","embeddable":true,"href":"https:\/\/www.europesays.com\/de\/wp-json\/wp\/v2\/tags?post=350542"}],"curies":[{"name":"wp","href":"https:\/\/api.w.org\/{rel}","templated":true}]}}