{"id":350544,"date":"2025-08-17T01:11:16","date_gmt":"2025-08-17T01:11:16","guid":{"rendered":"https:\/\/www.europesays.com\/de\/350544\/"},"modified":"2025-08-17T01:11:16","modified_gmt":"2025-08-17T01:11:16","slug":"dirigent-reiners-die-proms-beim-shmf-werden-eine-grosse-party","status":"publish","type":"post","link":"https:\/\/www.europesays.com\/de\/350544\/","title":{"rendered":"Dirigent Reiners: &#8222;Die Proms beim SHMF werden eine gro\u00dfe Party&#8220;"},"content":{"rendered":"<p>        <img decoding=\"async\" src=\"https:\/\/www.europesays.com\/de\/wp-content\/uploads\/2025\/08\/benjaminreiners102.webp\" alt=\"Benjamin Reiners\" title=\"Benjamin Reiners | Gerhard K\u00fchne\" class=\"responsive\"\/><\/p>\n<p>\n            Stand: 16.08.2025 23:15 Uhr<\/p>\n<p class=\"preface\">Die &#8222;Schleswig-Holstein Proms&#8220; nach Londoner Vorbild \u00fcberzeugen nicht nur mit erstklassigen Solistinnen und Solisten, sondern \u00fcberraschen mit unerwarteten Gags &#8211; auch den diesj\u00e4hrigen Dirigenten Benjamin Reiners. <\/p>\n<p class=\"textauthor\">von <a href=\"https:\/\/www.ndr.de\/kultur\/eva-schramm,schramm202.html\" target=\"_blank\" rel=\"noopener\">Eva Schramm<\/a><\/p>\n<p class=\"\">\nBeim Schleswig-Holstein Musik Festival (SHMF) verwandelte sich die Holstenhalle in Neum\u00fcnster wieder in die Royal Albert Hall, und die Hamburger Camerata \u00fcbernimmt den Part des BBC Symphony Orchestra. Am Dirigentenpult: Benjamin Reiners. Der war ganz aufgeregt, was ihn dort erwartet, erz\u00e4hlte er im Interview mit NDR Kultur. Denn die &#8222;Proms&#8220; zeichnen sich nicht nur durch erstklassige Musik sowie K\u00fcnstlerinnen und K\u00fcnstler aus, sondern auch durch Gags der Moderation. Die \u00fcbernahm in diesem Jahr die langj\u00e4hrige ARD-London-Korrespondentin Annette Dittert &#8211; auch zu <a href=\"https:\/\/www.ndr.de\/kultur\/sendungen\/das_konzert\/es-muss-nicht-immer-london-sein-schleswig-holstein-proms,sendung-10504.html\" title=\"Es muss nicht immer London sein! - Schleswig-Holstein Proms\" target=\"_blank\" rel=\"noopener\">h\u00f6ren bei NDR Kultur.<\/a><\/p>\n<p class=\"\"><strong>Herr Reiners, ein Proms-Konzert in Neum\u00fcnster nach dem legend\u00e4ren Vorbild aus England: Mit wie viel Lockerheit und Spa\u00df gehen Sie die Sache an, das zu dirigieren? <\/strong><\/p>\n<p class=\"\"><strong>Benjamin Reiners:<\/strong> Mit ziemlich viel Spa\u00df, weil ich mich einfach wahnsinnig darauf freue, wieder im Norden zu Gast zu sein, beim Schleswig-Holstein Musikfestival, und nat\u00fcrlich auch auf die vielen Menschen, die dort nach Neum\u00fcnster kommen werden. Ich habe schon viele Videos und Fotos aus den letzten Jahren gesehen und bin ganz gespannt, was das da f\u00fcr eine gro\u00dfe Party wird.<\/p>\n<p class=\"\"><strong>Und mit wie viel musikalischem Ernst?<\/strong><\/p>\n<p class=\"\"><strong>Reiners:<\/strong> Auch mit ganz viel Ernsthaftigkeit. Denn wir haben doch ziemlich viel auf den Pulten liegen, auch sehr anspruchsvolle Musik. Da muss keiner Angst vor haben. Aber wir haben drei erstklassige Top-Solisten dabei mit Sabine Meyer, Nils M\u00f6nkemeyer und Ella van Poucke. Da gehen wir jetzt in den wenigen Proben, die wir daf\u00fcr haben, nat\u00fcrlich mit einer gro\u00dfen Gewissenhaftigkeit, Ernsthaftigkeit ran.<\/p>\n<p>        <img decoding=\"async\" src=\"https:\/\/www.europesays.com\/de\/wp-content\/uploads\/2025\/08\/shproms100.webp\" alt=\"bei den Schleswig-Holstein Proms\" title=\"bei den Schleswig-Holstein Proms | NDR.de, Anina Pommerenke\" class=\"responsive\" loading=\"lazy\"\/><\/p>\n<p>Beim Schleswig-Holstein Musik Festival verwandelt sich die Holstenhalle f\u00fcr einen Abend in die Royal Albert Hall.<\/p>\n<p class=\"\"><strong>Das Programm mit Brahms, Haydn und Strauss ist ja nun gar nicht sonderlich englisch, bis dann &#8222;Rule Britannia&#8220; und &#8222;Pomp and Circumstance&#8220; erklingen. Haben Sie die Musik zusammengestellt?<\/strong><\/p>\n<p class=\"\"><strong>Reiners: <\/strong>Nein, das Programm ist tats\u00e4chlich in G\u00e4nze ein Wunsch des Festivals. Das hat also die Programmabteilung des Schleswig-Holstein Musik Festivals mir vorgeschlagen. Es gab da noch eine Stellschraube, an der wir ein bisschen gedreht haben. Aber an sich ist das eine Festival-Idee nach dem Vorbild der Londoner Proms-Konzerte. Dort erklingt ja auch nicht nur englische Musik, sondern da wird im gro\u00dfen Kanon der klassischen Meisterwerke gegraben.<\/p>\n<p class=\"\"><strong>Sie haben es angesprochen, die Original-Promenaden-Konzerte aus England wurden bereits 1895 erfunden, um ein Publikum zu erreichen, das sonst kein so gro\u00dfes Interesse an klassischer Musik hat. Wie ist das heutzutage? Ist der Konzertspa\u00df nicht l\u00e4ngst fest in H\u00e4nden von Musikliebhabern, die sonst auch Sabine Meyer und Nils M\u00f6nkemeyer h\u00f6ren wollen? Oder kommt dort ein anderes Publikum zusammen als sonst? <\/strong><\/p>\n<p class=\"\"><strong>Reiners:<\/strong> Ich bin sehr gespannt, wen ich da im Publikum alles so sehe und erkenne, wenn ich mich zum Applaus mal am Dirigentenpult umdrehe. Ich kann das ganz schwer einsch\u00e4tzen. Ich habe nur mit Freude gesehen, dass die Veranstaltung sehr, sehr fr\u00fch, sehr gut verkauft bis ausverkauft war. Und ich bin nat\u00fcrlich auch auf viele altbekannte Gesichter aus dem Norden gespannt, von denen ich schon wei\u00df, dass sie sich auch eine Karte organisiert haben.<\/p>\n<p class=\"\"><strong>Wie viel von dem Abend ist geprobt und wie viele spontane Gags der Moderatorin, der langj\u00e4hrigen ARD-London-Korrespondentin Annette Dittert, werden f\u00fcr Sie wohl auch \u00fcberraschend sein?<\/strong><\/p>\n<p class=\"\"><strong>Reiners:<\/strong> Ich denke, das ist alles f\u00fcr uns \u00fcberraschend. Wir haben erst am Samstagnachmittag vor Ort in Neum\u00fcnster die Generalprobe, wo wir auch auf Annette Dittert treffen werden. Ich bin gespannt, wie viele Gags sie schon vorher verraten wird. Aber am sch\u00f6nsten ist eigentlich immer, wenn auch das Orchester auf der B\u00fchne es erst am Abend wirklich live h\u00f6rt und dann auch herzlich und spontan mitlachen kann.<\/p>\n<p class=\"\"><strong>Alte Bekannte aus dem Norden werden Sie nun also in Neum\u00fcnster treffen. Sie hat es ja nach Chemnitz verschlagen.<\/strong>\u00a0<\/p>\n<p class=\"\"><strong>Reiners:<\/strong> Genau, ich bin seit Beginn dieser Spielzeit Chefdirigent der Robert-Schumann-Philharmonie und Generalmusikdirektor dort in der Europ\u00e4ischen Kulturhauptstadt 2025. Dorthin hat es mich verschlagen.<\/p>\n<p class=\"\"><strong>Sie bleiben Norddeutschland aber nach wie vor verbunden, oder?<\/strong><\/p>\n<p class=\"\"><strong>Reiners:<\/strong> Nat\u00fcrlich. Einmal in Norddeutschland, dann bleibt man mit dem Herzen immer ein bisschen dort. Und meine Tochter ist in Kiel geboren. Von daher werden wir immer eine Verbindung in den Norden behalten.<\/p>\n<p class=\"\">Das Interview f\u00fchrte Eva Schramm.<\/p>\n","protected":false},"excerpt":{"rendered":"Stand: 16.08.2025 23:15 Uhr Die &#8222;Schleswig-Holstein Proms&#8220; nach Londoner Vorbild \u00fcberzeugen nicht nur mit erstklassigen Solistinnen und Solisten,&hellip;\n","protected":false},"author":2,"featured_media":350545,"comment_status":"","ping_status":"","sticky":false,"template":"","format":"standard","meta":{"footnotes":""},"categories":[155],"tags":[29,214,30,91,810,35121,215],"class_list":{"0":"post-350544","1":"post","2":"type-post","3":"status-publish","4":"format-standard","5":"has-post-thumbnail","7":"category-unterhaltung","8":"tag-deutschland","9":"tag-entertainment","10":"tag-germany","11":"tag-klassik","12":"tag-musik","13":"tag-musikfestivals","14":"tag-unterhaltung"},"share_on_mastodon":{"url":"https:\/\/pubeurope.com\/@de\/115041447901304525","error":""},"_links":{"self":[{"href":"https:\/\/www.europesays.com\/de\/wp-json\/wp\/v2\/posts\/350544","targetHints":{"allow":["GET"]}}],"collection":[{"href":"https:\/\/www.europesays.com\/de\/wp-json\/wp\/v2\/posts"}],"about":[{"href":"https:\/\/www.europesays.com\/de\/wp-json\/wp\/v2\/types\/post"}],"author":[{"embeddable":true,"href":"https:\/\/www.europesays.com\/de\/wp-json\/wp\/v2\/users\/2"}],"replies":[{"embeddable":true,"href":"https:\/\/www.europesays.com\/de\/wp-json\/wp\/v2\/comments?post=350544"}],"version-history":[{"count":0,"href":"https:\/\/www.europesays.com\/de\/wp-json\/wp\/v2\/posts\/350544\/revisions"}],"wp:featuredmedia":[{"embeddable":true,"href":"https:\/\/www.europesays.com\/de\/wp-json\/wp\/v2\/media\/350545"}],"wp:attachment":[{"href":"https:\/\/www.europesays.com\/de\/wp-json\/wp\/v2\/media?parent=350544"}],"wp:term":[{"taxonomy":"category","embeddable":true,"href":"https:\/\/www.europesays.com\/de\/wp-json\/wp\/v2\/categories?post=350544"},{"taxonomy":"post_tag","embeddable":true,"href":"https:\/\/www.europesays.com\/de\/wp-json\/wp\/v2\/tags?post=350544"}],"curies":[{"name":"wp","href":"https:\/\/api.w.org\/{rel}","templated":true}]}}