{"id":350555,"date":"2025-08-17T01:17:21","date_gmt":"2025-08-17T01:17:21","guid":{"rendered":"https:\/\/www.europesays.com\/de\/350555\/"},"modified":"2025-08-17T01:17:21","modified_gmt":"2025-08-17T01:17:21","slug":"streit-um-stadtpark-in-halle","status":"publish","type":"post","link":"https:\/\/www.europesays.com\/de\/350555\/","title":{"rendered":"Streit um Stadtpark in Halle"},"content":{"rendered":"<p class=\"bodytext\">In Halle gibt es Streit um den Stadtpark: W\u00e4hrend die Verwaltung das Gel\u00e4nde erst ab 2027 mithilfe von F\u00f6rdermitteln entwickeln will, fordern die Gr\u00fcnen eine fr\u00fchere \u00d6ffnung f\u00fcr die B\u00fcrger.<\/p>\n<p class=\"bodytext\">Der Hauptausschuss hat nun beschlossen, die Fl\u00e4che probeweise besser zug\u00e4nglich zu machen und mit Sitzm\u00f6glichkeiten auszustatten.<\/p>\n<p class=\"bodytext\">Hintergrund ist laut HK, dass die gro\u00dfe Gr\u00fcnfl\u00e4che mitten in der Stadt bisher kaum genutzt wird und vielen Hallern gar nicht bekannt ist. Zum Jahresende soll gepr\u00fcft werden, wie die \u00d6ffnung angenommen wird.<\/p>\n","protected":false},"excerpt":{"rendered":"In Halle gibt es Streit um den Stadtpark: W\u00e4hrend die Verwaltung das Gel\u00e4nde erst ab 2027 mithilfe von&hellip;\n","protected":false},"author":2,"featured_media":172573,"comment_status":"","ping_status":"","sticky":false,"template":"","format":"standard","meta":{"footnotes":""},"categories":[1860],"tags":[3364,29,548,663,3934,30,4062,17332,13,14,15,17331,860,12],"class_list":{"0":"post-350555","1":"post","2":"type-post","3":"status-publish","4":"format-standard","5":"has-post-thumbnail","7":"category-halle-saale","8":"tag-de","9":"tag-deutschland","10":"tag-eu","11":"tag-europa","12":"tag-europe","13":"tag-germany","14":"tag-halle","15":"tag-halle-saale","16":"tag-headlines","17":"tag-nachrichten","18":"tag-news","19":"tag-saale","20":"tag-sachsen-anhalt","21":"tag-schlagzeilen"},"share_on_mastodon":{"url":"https:\/\/pubeurope.com\/@de\/115041471232386934","error":""},"_links":{"self":[{"href":"https:\/\/www.europesays.com\/de\/wp-json\/wp\/v2\/posts\/350555","targetHints":{"allow":["GET"]}}],"collection":[{"href":"https:\/\/www.europesays.com\/de\/wp-json\/wp\/v2\/posts"}],"about":[{"href":"https:\/\/www.europesays.com\/de\/wp-json\/wp\/v2\/types\/post"}],"author":[{"embeddable":true,"href":"https:\/\/www.europesays.com\/de\/wp-json\/wp\/v2\/users\/2"}],"replies":[{"embeddable":true,"href":"https:\/\/www.europesays.com\/de\/wp-json\/wp\/v2\/comments?post=350555"}],"version-history":[{"count":0,"href":"https:\/\/www.europesays.com\/de\/wp-json\/wp\/v2\/posts\/350555\/revisions"}],"wp:featuredmedia":[{"embeddable":true,"href":"https:\/\/www.europesays.com\/de\/wp-json\/wp\/v2\/media\/172573"}],"wp:attachment":[{"href":"https:\/\/www.europesays.com\/de\/wp-json\/wp\/v2\/media?parent=350555"}],"wp:term":[{"taxonomy":"category","embeddable":true,"href":"https:\/\/www.europesays.com\/de\/wp-json\/wp\/v2\/categories?post=350555"},{"taxonomy":"post_tag","embeddable":true,"href":"https:\/\/www.europesays.com\/de\/wp-json\/wp\/v2\/tags?post=350555"}],"curies":[{"name":"wp","href":"https:\/\/api.w.org\/{rel}","templated":true}]}}