{"id":350578,"date":"2025-08-17T01:33:04","date_gmt":"2025-08-17T01:33:04","guid":{"rendered":"https:\/\/www.europesays.com\/de\/350578\/"},"modified":"2025-08-17T01:33:04","modified_gmt":"2025-08-17T01:33:04","slug":"arminia-bielefeld-wirft-werder-bremen-erneut-aus-dem-dfb-pokal","status":"publish","type":"post","link":"https:\/\/www.europesays.com\/de\/350578\/","title":{"rendered":"Arminia Bielefeld wirft Werder Bremen erneut aus dem DFB-Pokal"},"content":{"rendered":"<ul>\n<li>\n<b class=\"bold\">Startaufstellung Arminia: <\/b>Kersken \u2013 Lannert, Schneider, Gro\u00dfer, Handwerker \u2013 Russo \u2013 Schreck, Corboz \u2013 Sarenren Bazee, Grodowski, Mehlem<\/li>\n<li>\n<b class=\"bold\">Startaufstellung Werder:<\/b> Zetterer \u2013 Agu, Stark, Friedl, W\u00f6ber \u2013 Bittencourt, Lynen \u2013 Gr\u00fcll, Schmid, Covic \u2013 Njinmah<\/li>\n<li>\n<b class=\"bold\">Zuschauer: <\/b>Die Neuauflage des Viertelfinales der vergangenen Saison war restlos ausverkauft.<\/li>\n<\/ul>\n<p>Arminia Bielefeld ist schon wieder im Pokal-Flow<\/p>\n<p class=\"em_text\">Arminia Bielefeld ist in der neuen Saison direkt wieder im Pokal-Flow. Der Zweitliganeuling besiegte am Freitagabend in der ersten Hauptrunde den Bundesligisten SV Werder Bremen mit 1:0 (0:0). 26.247 ekstatisch feiernde Zuschauer in der ausverkauften Sch\u00fcco-Arena f\u00fchlten sich, als h\u00e4tte es in diesem Wettbewerb die Sommerpause gar nicht gegeben.<\/p>\n<p>Das Spiel im Liveticker:<br \/>\n Alle Informationen vor dem Spiel:<\/p>\n","protected":false},"excerpt":{"rendered":"Startaufstellung Arminia: Kersken \u2013 Lannert, Schneider, Gro\u00dfer, Handwerker \u2013 Russo \u2013 Schreck, Corboz \u2013 Sarenren Bazee, Grodowski, Mehlem&hellip;\n","protected":false},"author":2,"featured_media":347581,"comment_status":"","ping_status":"","sticky":false,"template":"","format":"standard","meta":{"footnotes":""},"categories":[1841],"tags":[2368,49976,1605,3364,29,30,4281,9307,1611,16345,1609,2379,9308,9310,2377,16344,1608,9309,16346,2381,2380,1613,28353,1209,16343,12534,2365,97305],"class_list":{"0":"post-350578","1":"post","2":"type-post","3":"status-publish","4":"format-standard","5":"has-post-thumbnail","7":"category-bielefeld","8":"tag-arminia-bielefeld","9":"tag-arminia-im-pokalfinale","10":"tag-bielefeld","11":"tag-de","12":"tag-deutschland","13":"tag-germany","14":"tag-label_arminia","15":"tag-label_foto","16":"tag-label_informiere-mich","17":"tag-label_liveticker","18":"tag-label_plus-ok","19":"tag-label_push","20":"tag-label_republish","21":"tag-label_social","22":"tag-label_startseite","23":"tag-label_ticker","24":"tag-label_top-news","25":"tag-label_zeitboost","26":"tag-meta_artikelklasse_sonstiges","27":"tag-meta_copyrights_rgowl_freier_mitarbeiter","28":"tag-meta_themen_arminia_bielefeld","29":"tag-meta_userneeds_informieremich","30":"tag-neuauflage","31":"tag-nordrhein-westfalen","32":"tag-russo","33":"tag-startaufstellung","34":"tag-sv-werder-bremen","35":"tag-vorjahresviertelfinale"},"share_on_mastodon":{"url":"","error":"Validation failed: Text character limit of 500 exceeded"},"_links":{"self":[{"href":"https:\/\/www.europesays.com\/de\/wp-json\/wp\/v2\/posts\/350578","targetHints":{"allow":["GET"]}}],"collection":[{"href":"https:\/\/www.europesays.com\/de\/wp-json\/wp\/v2\/posts"}],"about":[{"href":"https:\/\/www.europesays.com\/de\/wp-json\/wp\/v2\/types\/post"}],"author":[{"embeddable":true,"href":"https:\/\/www.europesays.com\/de\/wp-json\/wp\/v2\/users\/2"}],"replies":[{"embeddable":true,"href":"https:\/\/www.europesays.com\/de\/wp-json\/wp\/v2\/comments?post=350578"}],"version-history":[{"count":0,"href":"https:\/\/www.europesays.com\/de\/wp-json\/wp\/v2\/posts\/350578\/revisions"}],"wp:featuredmedia":[{"embeddable":true,"href":"https:\/\/www.europesays.com\/de\/wp-json\/wp\/v2\/media\/347581"}],"wp:attachment":[{"href":"https:\/\/www.europesays.com\/de\/wp-json\/wp\/v2\/media?parent=350578"}],"wp:term":[{"taxonomy":"category","embeddable":true,"href":"https:\/\/www.europesays.com\/de\/wp-json\/wp\/v2\/categories?post=350578"},{"taxonomy":"post_tag","embeddable":true,"href":"https:\/\/www.europesays.com\/de\/wp-json\/wp\/v2\/tags?post=350578"}],"curies":[{"name":"wp","href":"https:\/\/api.w.org\/{rel}","templated":true}]}}