{"id":350594,"date":"2025-08-17T01:44:11","date_gmt":"2025-08-17T01:44:11","guid":{"rendered":"https:\/\/www.europesays.com\/de\/350594\/"},"modified":"2025-08-17T01:44:11","modified_gmt":"2025-08-17T01:44:11","slug":"waehrend-flug-zum-putin-gipfel-trump-europa-sagt-mir-nicht-was-ich-zu-tun-habe","status":"publish","type":"post","link":"https:\/\/www.europesays.com\/de\/350594\/","title":{"rendered":"W\u00e4hrend Flug zum Putin-Gipfel: Trump: &#8222;Europa sagt mir nicht, was ich zu tun habe&#8220;"},"content":{"rendered":"<p>          15.08.2025 19:33 Uhr \u2013  00:59 min<\/p>\n<p>              W\u00e4hrend Flug zum Putin-Gipfel<br \/>\n              Trump: &#8222;Europa sagt mir nicht, was ich zu tun habe&#8220;<\/p>\n<p>\n              US-Pr\u00e4sident Trump empf\u00e4ngt Kreml-Chef Putin zwar in den USA, der Weg bis nach Alaska k\u00f6nnte im eigenen Land aber l\u00e4nger kaum sein. Stunden vor dem Gipfel hebt er mit der Air Force One ab und macht vor der Presse an Bord noch einmal klar, was er sich von dem Treffen verspricht &#8211; und was nicht.<\/p>\n","protected":false},"excerpt":{"rendered":"15.08.2025 19:33 Uhr \u2013 00:59 min W\u00e4hrend Flug zum Putin-Gipfel Trump: &#8222;Europa sagt mir nicht, was ich zu&hellip;\n","protected":false},"author":2,"featured_media":350595,"comment_status":"","ping_status":"","sticky":false,"template":"","format":"standard","meta":{"footnotes":""},"categories":[3933],"tags":[331,332,661,106,548,663,158,3934,3935,13,14,15,12,317,64,306],"class_list":{"0":"post-350594","1":"post","2":"type-post","3":"status-publish","4":"format-standard","5":"has-post-thumbnail","7":"category-eu","8":"tag-aktuelle-nachrichten","9":"tag-aktuelle-news","10":"tag-angriff-auf-die-ukraine","11":"tag-donald-trump","12":"tag-eu","13":"tag-europa","14":"tag-europaeische-union","15":"tag-europe","16":"tag-european-union","17":"tag-headlines","18":"tag-nachrichten","19":"tag-news","20":"tag-schlagzeilen","21":"tag-ukraine","22":"tag-usa","23":"tag-wladimir-putin"},"share_on_mastodon":{"url":"https:\/\/pubeurope.com\/@de\/115041577615276103","error":""},"_links":{"self":[{"href":"https:\/\/www.europesays.com\/de\/wp-json\/wp\/v2\/posts\/350594","targetHints":{"allow":["GET"]}}],"collection":[{"href":"https:\/\/www.europesays.com\/de\/wp-json\/wp\/v2\/posts"}],"about":[{"href":"https:\/\/www.europesays.com\/de\/wp-json\/wp\/v2\/types\/post"}],"author":[{"embeddable":true,"href":"https:\/\/www.europesays.com\/de\/wp-json\/wp\/v2\/users\/2"}],"replies":[{"embeddable":true,"href":"https:\/\/www.europesays.com\/de\/wp-json\/wp\/v2\/comments?post=350594"}],"version-history":[{"count":0,"href":"https:\/\/www.europesays.com\/de\/wp-json\/wp\/v2\/posts\/350594\/revisions"}],"wp:featuredmedia":[{"embeddable":true,"href":"https:\/\/www.europesays.com\/de\/wp-json\/wp\/v2\/media\/350595"}],"wp:attachment":[{"href":"https:\/\/www.europesays.com\/de\/wp-json\/wp\/v2\/media?parent=350594"}],"wp:term":[{"taxonomy":"category","embeddable":true,"href":"https:\/\/www.europesays.com\/de\/wp-json\/wp\/v2\/categories?post=350594"},{"taxonomy":"post_tag","embeddable":true,"href":"https:\/\/www.europesays.com\/de\/wp-json\/wp\/v2\/tags?post=350594"}],"curies":[{"name":"wp","href":"https:\/\/api.w.org\/{rel}","templated":true}]}}