{"id":350612,"date":"2025-08-17T01:55:24","date_gmt":"2025-08-17T01:55:24","guid":{"rendered":"https:\/\/www.europesays.com\/de\/350612\/"},"modified":"2025-08-17T01:55:24","modified_gmt":"2025-08-17T01:55:24","slug":"favorit-hannover-96-fliegt-in-der-ersten-runde-aus-dem-dfb-pokal","status":"publish","type":"post","link":"https:\/\/www.europesays.com\/de\/350612\/","title":{"rendered":"Favorit Hannover 96 fliegt in der ersten Runde aus dem DFB-Pokal"},"content":{"rendered":"<p>Niederlage in Cottbus <\/p>\n<p>96 fliegt in der ersten Runde aus dem DFB-Pokal<\/p>\n<p>16.08.2025 &#8211; 21:19 UhrLesedauer: 2 Min.<\/p>\n<p><a href=\"#focus-0\" class=\"transition-colors duration-200 focus-within:text-magenta block text-current relative\" data-sctrack=\"FocusGalleryImage.Reference\"><img fetchpriority=\"high\" data-testid=\"Opener.Image\" style=\"--lqipURL:url('https:\/\/images.t-online.de\/2025\/08\/DBf4czaGogC9\/279x63:1769x995\/fit-in\/150x0\/filters:blur(25)\/image.jpg')\"   loading=\"eager\" src=\"https:\/\/www.europesays.com\/de\/wp-content\/uploads\/2025\/08\/1755395724_918_image.jpg\" alt=\"Hannover-Trainer Christian Titz scheint gar nicht hinsehen zu k\u00f6nnen: Seine Mannschaft ist aus dem deutschen Vereinspokal ausgeschieden.\" title=\"Hannover-Trainer Christian Titz scheint gar nicht hinsehen zu k\u00f6nnen: Seine Mannschaft ist aus dem deutschen Vereinspokal ausgeschieden.\" width=\"1769\" height=\"995\" class=\"bg-[url:var(--lqipURL)] bg-cover bg-center flex h-full w-full max-w-full\" decoding=\"async\"\/><img style=\"--width:32;--height:32\" loading=\"lazy\" src=\"https:\/\/www.t-online.de\/s\/paper\/_next\/static\/media\/zoom-in.f7dae02f.svg\" alt=\"Vergr\u00f6\u00dfern des Bildes\" title=\"Vergr\u00f6\u00dfern des Bildes\" class=\"block h-[calc(var(--height)_\/_16_*_1rem)] w-[calc(var(--width)_\/_16_*_1rem)] max-w-none absolute bottom-8 right-8 rounded-4 bg-snow p-8\" decoding=\"async\"\/><\/a><\/p>\n<p>Hannover-Trainer Christian Titz scheint gar nicht hinsehen zu k\u00f6nnen: Seine Mannschaft ist aus dem deutschen Vereinspokal ausgeschieden. (Quelle: Robert Michael)<\/p>\n<p class=\"font-bold text-18 leading-17\">Hannover 96 hat in der ersten DFB-Pokal-Runde viel mehr Chancen als Gegner Cottbus. Trotzdem m\u00fcssen sich die Niedersachsen am Ende geschlagen geben.<\/p>\n<p class=\"text-18 leading-17\">Obwohl der FC Energie <a class=\"transition-colors duration-200 cursor-pointer text-inherit no-underline text-salemsfur md:hover:text-magenta md:hover:border-magenta md:focus:text-magenta border-current border-b border-solid break-words\" href=\"https:\/\/www.t-online.de\/themen\/cottbus\/\" data-sctrack=\"BodyAnchor\" target=\"_blank\" rel=\"noopener\">Cottbus<\/a> ohne seinen Stammtorh\u00fcter Elias Bethke spielen muss, unterliegt <a class=\"transition-colors duration-200 cursor-pointer text-inherit no-underline text-salemsfur md:hover:text-magenta md:hover:border-magenta md:focus:text-magenta border-current border-b border-solid break-words\" href=\"https:\/\/www.t-online.de\/themen\/hannover-96\/\" data-sctrack=\"BodyAnchor\" target=\"_blank\" rel=\"noopener\">Hannover 96<\/a> den Lausitzern in der ersten Runde des DFB-Pokals. W\u00e4hrend die 96er nicht mehr vertreten sind, steht Cottbus erstmals seit 2013 in der zweiten Runde des prestigetr\u00e4chtigen Wettbewerbs. Der Fu\u00dfball-Drittligist aus Brandenburg setzte sich gegen die Niedersachsen mit 1:0 (1:0) durch und beendete so seine zw\u00f6lfj\u00e4hrige Durststrecke.<\/p>\n<p class=\"text-18 leading-17\">Nach einem Treffer von Tolcay Cigerci (12. Minute) lag <a class=\"transition-colors duration-200 cursor-pointer text-inherit no-underline text-salemsfur md:hover:text-magenta md:hover:border-magenta md:focus:text-magenta border-current border-b border-solid break-words\" href=\"https:\/\/www.t-online.de\/region\/hannover\/\" data-sctrack=\"BodyAnchor\" target=\"_blank\" rel=\"noopener\">Hannover<\/a> fr\u00fch zur\u00fcck. Cottbus&#8216; Ersatzkeeper Alexander Sebald (42.) parierte gegen <a class=\"transition-colors duration-200 cursor-pointer text-inherit no-underline text-salemsfur md:hover:text-magenta md:hover:border-magenta md:focus:text-magenta border-current border-b border-solid break-words\" href=\"https:\/\/www.t-online.de\/themen\/boris-tomiak\/\" data-sctrack=\"BodyAnchor\" target=\"_blank\" rel=\"noopener\">Boris Tomiak<\/a> einen Foulelfmeter und bewahrte den Vorsprung. Hannovers Benjamin K\u00e4llman traf in der Nachspielzeit (90.+1) zwar ins Tor, hatte aber zuvor im Abseits gestanden.<\/p>\n<p class=\"text-18 leading-17\">Der Abend hatte f\u00fcr Cottbus noch vor Anpfiff mit einer Hiobsbotschaft begonnen. Stammkeeper Elias Bethke verletzte sich beim Aufw\u00e4rmen am Bein und verlie\u00df unter Tr\u00e4nen den Platz. F\u00fcr ihn r\u00fcckte Sebald in die Startelf und elektrisierte mit seiner Elfmeter-Parade die Lausitzer Fans.<\/p>\n<p class=\"text-18 leading-17\">Nach einem druckvollen Start der Hausherren hatte Hannover deutlich mehr Ballbesitz, fand aber kaum L\u00fccken in der Cottbuser Abwehr. Die beste Chance vergab Tomiak vom Punkt.<\/p>\n<p class=\"text-18 leading-17\">Nach der Pause erh\u00f6hte der Favorit den Druck und kam dem Ausgleich immer n\u00e4her. Aseko Nkili (63.) scheiterte mit seinem wuchtigen Schuss von der Strafraumgrenze erneut am starken Sebald.<\/p>\n<p class=\"text-18 leading-17\">Chancen f\u00fcr 96 ergaben sich nun reihenweise. Den Schuss von Kolja Oudenne blockte Leon Guwara erst auf der Linie. Cottbus verteidigte mit Leidenschaft.<\/p>\n<p class=\"text-18 leading-17\">Kurz vor Schluss wurde es noch einmal kurios: Cottbus glaubte, den Abpfiff geh\u00f6rt zu haben. Die Fans feierten, die Auswechselspieler liefen aufs Feld. Der Unparteiische signalisierte aber, dass es keinen Schlusspfiff gegeben habe und lie\u00df noch einmal wenige Sekunden weiterspielen.<\/p>\n","protected":false},"excerpt":{"rendered":"Niederlage in Cottbus 96 fliegt in der ersten Runde aus dem DFB-Pokal 16.08.2025 &#8211; 21:19 UhrLesedauer: 2 Min.&hellip;\n","protected":false},"author":2,"featured_media":350613,"comment_status":"","ping_status":"","sticky":false,"template":"","format":"standard","meta":{"footnotes":""},"categories":[1836],"tags":[97308,86540,1890,27367,8432,3364,29,1264,97309,5953,30,46,2366,1411,97310],"class_list":{"0":"post-350612","1":"post","2":"type-post","3":"status-publish","4":"format-standard","5":"has-post-thumbnail","7":"category-hannover","8":"tag-alexander-sebald","9":"tag-boris-tomiak","10":"tag-brandenburg","11":"tag-christian-titz","12":"tag-cottbus","13":"tag-de","14":"tag-deutschland","15":"tag-dfb-pokal","16":"tag-elias-bethke","17":"tag-fc-energie-cottbus","18":"tag-germany","19":"tag-hannover","20":"tag-hannover-96","21":"tag-niedersachsen","22":"tag-vereinspokal"},"share_on_mastodon":{"url":"https:\/\/pubeurope.com\/@de\/115041620704637280","error":""},"_links":{"self":[{"href":"https:\/\/www.europesays.com\/de\/wp-json\/wp\/v2\/posts\/350612","targetHints":{"allow":["GET"]}}],"collection":[{"href":"https:\/\/www.europesays.com\/de\/wp-json\/wp\/v2\/posts"}],"about":[{"href":"https:\/\/www.europesays.com\/de\/wp-json\/wp\/v2\/types\/post"}],"author":[{"embeddable":true,"href":"https:\/\/www.europesays.com\/de\/wp-json\/wp\/v2\/users\/2"}],"replies":[{"embeddable":true,"href":"https:\/\/www.europesays.com\/de\/wp-json\/wp\/v2\/comments?post=350612"}],"version-history":[{"count":0,"href":"https:\/\/www.europesays.com\/de\/wp-json\/wp\/v2\/posts\/350612\/revisions"}],"wp:featuredmedia":[{"embeddable":true,"href":"https:\/\/www.europesays.com\/de\/wp-json\/wp\/v2\/media\/350613"}],"wp:attachment":[{"href":"https:\/\/www.europesays.com\/de\/wp-json\/wp\/v2\/media?parent=350612"}],"wp:term":[{"taxonomy":"category","embeddable":true,"href":"https:\/\/www.europesays.com\/de\/wp-json\/wp\/v2\/categories?post=350612"},{"taxonomy":"post_tag","embeddable":true,"href":"https:\/\/www.europesays.com\/de\/wp-json\/wp\/v2\/tags?post=350612"}],"curies":[{"name":"wp","href":"https:\/\/api.w.org\/{rel}","templated":true}]}}