{"id":350619,"date":"2025-08-17T02:00:10","date_gmt":"2025-08-17T02:00:10","guid":{"rendered":"https:\/\/www.europesays.com\/de\/350619\/"},"modified":"2025-08-17T02:00:10","modified_gmt":"2025-08-17T02:00:10","slug":"niedersachsen-bremen-inselgemeinde-wangerooge-waehlt-buergermeister","status":"publish","type":"post","link":"https:\/\/www.europesays.com\/de\/350619\/","title":{"rendered":"Niedersachsen &#038; Bremen: Inselgemeinde Wangerooge w\u00e4hlt B\u00fcrgermeister"},"content":{"rendered":"<p>                    Niedersachsen &amp; Bremen<br \/>\n                Inselgemeinde Wangerooge w\u00e4hlt B\u00fcrgermeister<\/p>\n<p>\t\t\t\t              17.08.2025, 03:03 Uhr<\/p>\n<p><strong>Wer wird B\u00fcrgermeister oder B\u00fcrgermeisterin der Nordsee-Insel Wangerooge? Mehr als 1.000 Menschen k\u00f6nnen dar\u00fcber entscheiden. Es gibt einige Kandidaten.<\/strong><\/p>\n<p>Wangerooge (dpa\/lni) &#8211; Auf der ostfriesischen Insel Wangerooge wird am heutigen Sonntag (ab 8 Uhr) ein B\u00fcrgermeister oder eine B\u00fcrgermeisterin gew\u00e4hlt. F\u00fcnf M\u00e4nner und eine Frau bewerben sich um das Amt, wie eine Sprecherin sagte. Der Posten ist seit dem Herbst 2023 unbesetzt. Damals trat der B\u00fcrgermeister nach einem Streit mit dem Gemeinderat zur\u00fcck. Auf der Nordsee-Insel leben rund 1.100 wahlberechtigte Menschen.\u00a0<\/p>\n<p>Die drei Inselparteien CDU, SPD und Gr\u00fcne fanden ihren Kandidaten \u00fcber eine Stellenanzeige. Fast 600 Bewerbungen gingen dazu ein, am Ende entschieden sich die Parteien f\u00fcr Sven Janisch, der aktuell als K\u00e4mmerer einer Stadtverwaltung arbeitet. Neben ihm kandidieren Thomas Commichau von der FDP sowie als Einzelbewerber Peter B\u00fcnting, Werner G\u00f6tz, Stefan Kruse und Tina Mi\u00dfmahl. Der B\u00fcrgermeister oder die B\u00fcrgermeisterin wird f\u00fcr acht Jahre gew\u00e4hlt.<\/p>\n","protected":false},"excerpt":{"rendered":"Niedersachsen &amp; Bremen Inselgemeinde Wangerooge w\u00e4hlt B\u00fcrgermeister 17.08.2025, 03:03 Uhr Wer wird B\u00fcrgermeister oder B\u00fcrgermeisterin der Nordsee-Insel Wangerooge?&hellip;\n","protected":false},"author":2,"featured_media":350620,"comment_status":"","ping_status":"","sticky":false,"template":"","format":"standard","meta":{"footnotes":""},"categories":[1824],"tags":[2420,8389,3364,29,30,97316,1411,16185],"class_list":{"0":"post-350619","1":"post","2":"type-post","3":"status-publish","4":"format-standard","5":"has-post-thumbnail","7":"category-bremen","8":"tag-bremen","9":"tag-buergermeister","10":"tag-de","11":"tag-deutschland","12":"tag-germany","13":"tag-inselgemeinde","14":"tag-niedersachsen","15":"tag-wangerooge"},"share_on_mastodon":{"url":"https:\/\/pubeurope.com\/@de\/115041640362040110","error":""},"_links":{"self":[{"href":"https:\/\/www.europesays.com\/de\/wp-json\/wp\/v2\/posts\/350619","targetHints":{"allow":["GET"]}}],"collection":[{"href":"https:\/\/www.europesays.com\/de\/wp-json\/wp\/v2\/posts"}],"about":[{"href":"https:\/\/www.europesays.com\/de\/wp-json\/wp\/v2\/types\/post"}],"author":[{"embeddable":true,"href":"https:\/\/www.europesays.com\/de\/wp-json\/wp\/v2\/users\/2"}],"replies":[{"embeddable":true,"href":"https:\/\/www.europesays.com\/de\/wp-json\/wp\/v2\/comments?post=350619"}],"version-history":[{"count":0,"href":"https:\/\/www.europesays.com\/de\/wp-json\/wp\/v2\/posts\/350619\/revisions"}],"wp:featuredmedia":[{"embeddable":true,"href":"https:\/\/www.europesays.com\/de\/wp-json\/wp\/v2\/media\/350620"}],"wp:attachment":[{"href":"https:\/\/www.europesays.com\/de\/wp-json\/wp\/v2\/media?parent=350619"}],"wp:term":[{"taxonomy":"category","embeddable":true,"href":"https:\/\/www.europesays.com\/de\/wp-json\/wp\/v2\/categories?post=350619"},{"taxonomy":"post_tag","embeddable":true,"href":"https:\/\/www.europesays.com\/de\/wp-json\/wp\/v2\/tags?post=350619"}],"curies":[{"name":"wp","href":"https:\/\/api.w.org\/{rel}","templated":true}]}}