{"id":350624,"date":"2025-08-17T02:03:24","date_gmt":"2025-08-17T02:03:24","guid":{"rendered":"https:\/\/www.europesays.com\/de\/350624\/"},"modified":"2025-08-17T02:03:24","modified_gmt":"2025-08-17T02:03:24","slug":"geplanter-abriss-an-der-chemnitzer-strasse-familie-verzweifelt-an-wohnungssuche","status":"publish","type":"post","link":"https:\/\/www.europesays.com\/de\/350624\/","title":{"rendered":"Geplanter Abriss an der Chemnitzer Stra\u00dfe: Familie verzweifelt an Wohnungssuche"},"content":{"rendered":"<p>\t\tGeplanter Abriss an der Chemnitzer Stra\u00dfe<br \/>\n\t\t\t\t\tFamilie mit zwei Kindern verzweifelt an Wohnungssuche<\/p>\n<p>\t\t<img alt=\"\" src=\"https:\/\/www.europesays.com\/de\/wp-content\/uploads\/2025\/05\/630_0036_1358236_.jpg\"  class=\"avatar avatar-36 photo avatar-default\" height=\"36\" width=\"36\" loading=\"lazy\" decoding=\"async\"\/>\t\t<a class=\"article-author__name\" href=\"https:\/\/www.ruhrnachrichten.de\/author\/tim-ruben-weimer\/\" rel=\"author noopener\" target=\"_blank\">Tim Ruben Weimer<\/a><br \/>\n\t\tRedakteur<\/p>\n<p>    <a href=\"https:\/\/www.ruhrnachrichten.de\/wp-content\/uploads\/2025\/08\/15\/14\/630_0900_4949949_WhatsApp_Image_2025_08_15_at_15_29_09-1648x824.jpg\" target=\"_blank\" rel=\"noopener\"><\/p>\n<p>            <img decoding=\"async\" fetchpriority=\"high\" src=\"https:\/\/www.europesays.com\/de\/wp-content\/uploads\/2025\/08\/630_0900_4949948_WhatsApp_Image_2025_08_15_at_15_29_09-640x428.jpg\" width=\"640\" height=\"428\"  alt=\"Familienportr\u00e4t vor einem B\u00fccherschrank\"\/><\/p>\n<p>    <\/a><br \/>\n    F\u00fchlen sich in ihrer Wohnung wohl, m\u00fcssen aber bald raus: Vater Philip Vaupel und Mutter Hanne Larsen mit ihren beiden Kindern Marlitt und Jesse \u00a9 Tim Ruben Weimer<\/p>\n<p class=\"article__teaser-text\">Der Volkswohlbund will an der Chemnitzer Stra\u00dfe f\u00fcnf Mietsh\u00e4user abrei\u00dfen. Die vierk\u00f6pfige Familie von Philip Vaupel erreichte die K\u00fcndigung im D\u00e4nemark-Urlaub.<\/p>\n<p>5 Min Lesezeit<\/p>\n<p>Gutes Miteinander in der Nachbarschaft\u201eIch habe mich erstmal ans Meer gestellt\u201cZu wenige Wohnungen f\u00fcr FamilienVolkswohlbund investierte zuletzt noch in die H\u00e4userVolkswohlbund will Mietern helfenK\u00fcndigungen m\u00f6glicherweise nicht rechtens<\/p>\n","protected":false},"excerpt":{"rendered":"Geplanter Abriss an der Chemnitzer Stra\u00dfe Familie mit zwei Kindern verzweifelt an Wohnungssuche Tim Ruben Weimer Redakteur F\u00fchlen&hellip;\n","protected":false},"author":2,"featured_media":350625,"comment_status":"","ping_status":"","sticky":false,"template":"","format":"standard","meta":{"footnotes":""},"categories":[1833],"tags":[3364,29,217,30,3566,1209,97317],"class_list":{"0":"post-350624","1":"post","2":"type-post","3":"status-publish","4":"format-standard","5":"has-post-thumbnail","7":"category-dortmund","8":"tag-de","9":"tag-deutschland","10":"tag-dortmund","11":"tag-germany","12":"tag-immobilien-wohnen","13":"tag-nordrhein-westfalen","14":"tag-plaene-des-volkswohlbundes"},"share_on_mastodon":{"url":"https:\/\/pubeurope.com\/@de\/115041652198777871","error":""},"_links":{"self":[{"href":"https:\/\/www.europesays.com\/de\/wp-json\/wp\/v2\/posts\/350624","targetHints":{"allow":["GET"]}}],"collection":[{"href":"https:\/\/www.europesays.com\/de\/wp-json\/wp\/v2\/posts"}],"about":[{"href":"https:\/\/www.europesays.com\/de\/wp-json\/wp\/v2\/types\/post"}],"author":[{"embeddable":true,"href":"https:\/\/www.europesays.com\/de\/wp-json\/wp\/v2\/users\/2"}],"replies":[{"embeddable":true,"href":"https:\/\/www.europesays.com\/de\/wp-json\/wp\/v2\/comments?post=350624"}],"version-history":[{"count":0,"href":"https:\/\/www.europesays.com\/de\/wp-json\/wp\/v2\/posts\/350624\/revisions"}],"wp:featuredmedia":[{"embeddable":true,"href":"https:\/\/www.europesays.com\/de\/wp-json\/wp\/v2\/media\/350625"}],"wp:attachment":[{"href":"https:\/\/www.europesays.com\/de\/wp-json\/wp\/v2\/media?parent=350624"}],"wp:term":[{"taxonomy":"category","embeddable":true,"href":"https:\/\/www.europesays.com\/de\/wp-json\/wp\/v2\/categories?post=350624"},{"taxonomy":"post_tag","embeddable":true,"href":"https:\/\/www.europesays.com\/de\/wp-json\/wp\/v2\/tags?post=350624"}],"curies":[{"name":"wp","href":"https:\/\/api.w.org\/{rel}","templated":true}]}}