{"id":350662,"date":"2025-08-17T02:26:31","date_gmt":"2025-08-17T02:26:31","guid":{"rendered":"https:\/\/www.europesays.com\/de\/350662\/"},"modified":"2025-08-17T02:26:31","modified_gmt":"2025-08-17T02:26:31","slug":"berlin-massenschlaegerei-im-sommerbad-neukoelln-regional","status":"publish","type":"post","link":"https:\/\/www.europesays.com\/de\/350662\/","title":{"rendered":"Berlin: Massenschl\u00e4gerei im Sommerbad Neuk\u00f6lln | Regional"},"content":{"rendered":"<p>Berlin \u2013 <b>Im Sommerbad Neuk\u00f6lln eskalierte ein harmloser Spa\u00df zu einer heftigen Schl\u00e4gerei.<\/b><\/p>\n<p>Gestern Nachmittag, gegen 16:25 Uhr, gerieten vier junge M\u00e4nner am Beckenrand des Bades am Columbiadamm ins Schubsen. Einer st\u00fcrzte ins Wasser und landete ungl\u00fccklich auf einer 16-J\u00e4hrigen, die dabei verletzt wurde. <\/p>\n<p>Auch interessant<\/p>\n<p>Anzeige<\/p>\n<p>Auch interessant<\/p>\n<p>Anzeige<\/p>\n<p>Ein Beobachter verlie\u00df das Becken, lief auf die Gruppe zu und schlug dem jungen Mann ins Gesicht, der auf das M\u00e4dchen gefallen war.<\/p>\n<p>Rund 15 bis 20 Personen schlossen sich dem Angreifer an und attackierten die vier M\u00e4nner. Nach kurzer Zeit verschwanden die Angreifer in verschiedene Richtungen. <\/p>\n<p><b>Die Polizei identifizierte vier Beteiligte im Alter von zweimal 15, 17 und 21 Jahren. Der 21-J\u00e4hrige soll der erste Angreifer gewesen sein. Nach den polizeilichen Ma\u00dfnahmen wurden sie entlassen.<\/b><\/p>\n<p>Die vier attackierten M\u00e4nner, im Alter von 18, 19, 21 und 22 Jahren, mussten ambulant im Krankenhaus behandelt werden. Auch die 16-J\u00e4hrige wurde \u00e4rztlich versorgt. Die Ermittlungen wegen Landfriedensbruchs laufen weiter.<\/p>\n<p>Dieser Text basiert auf einer offiziellen Beh\u00f6rden-Information und wurde mit Hilfe von KI erstellt.<\/p>\n","protected":false},"excerpt":{"rendered":"Berlin \u2013 Im Sommerbad Neuk\u00f6lln eskalierte ein harmloser Spa\u00df zu einer heftigen Schl\u00e4gerei. Gestern Nachmittag, gegen 16:25 Uhr,&hellip;\n","protected":false},"author":2,"featured_media":315753,"comment_status":"","ping_status":"","sticky":false,"template":"","format":"standard","meta":{"footnotes":""},"categories":[1825],"tags":[296,29,30,1000,2509,45,1995],"class_list":{"0":"post-350662","1":"post","2":"type-post","3":"status-publish","4":"format-standard","5":"has-post-thumbnail","7":"category-berlin","8":"tag-berlin","9":"tag-deutschland","10":"tag-germany","11":"tag-gewalt","12":"tag-ki-ots","13":"tag-texttospeech","14":"tag-verbrechen"},"share_on_mastodon":{"url":"https:\/\/pubeurope.com\/@de\/115041742606647671","error":""},"_links":{"self":[{"href":"https:\/\/www.europesays.com\/de\/wp-json\/wp\/v2\/posts\/350662","targetHints":{"allow":["GET"]}}],"collection":[{"href":"https:\/\/www.europesays.com\/de\/wp-json\/wp\/v2\/posts"}],"about":[{"href":"https:\/\/www.europesays.com\/de\/wp-json\/wp\/v2\/types\/post"}],"author":[{"embeddable":true,"href":"https:\/\/www.europesays.com\/de\/wp-json\/wp\/v2\/users\/2"}],"replies":[{"embeddable":true,"href":"https:\/\/www.europesays.com\/de\/wp-json\/wp\/v2\/comments?post=350662"}],"version-history":[{"count":0,"href":"https:\/\/www.europesays.com\/de\/wp-json\/wp\/v2\/posts\/350662\/revisions"}],"wp:featuredmedia":[{"embeddable":true,"href":"https:\/\/www.europesays.com\/de\/wp-json\/wp\/v2\/media\/315753"}],"wp:attachment":[{"href":"https:\/\/www.europesays.com\/de\/wp-json\/wp\/v2\/media?parent=350662"}],"wp:term":[{"taxonomy":"category","embeddable":true,"href":"https:\/\/www.europesays.com\/de\/wp-json\/wp\/v2\/categories?post=350662"},{"taxonomy":"post_tag","embeddable":true,"href":"https:\/\/www.europesays.com\/de\/wp-json\/wp\/v2\/tags?post=350662"}],"curies":[{"name":"wp","href":"https:\/\/api.w.org\/{rel}","templated":true}]}}