{"id":350675,"date":"2025-08-17T02:34:16","date_gmt":"2025-08-17T02:34:16","guid":{"rendered":"https:\/\/www.europesays.com\/de\/350675\/"},"modified":"2025-08-17T02:34:16","modified_gmt":"2025-08-17T02:34:16","slug":"freiburg-besiegt-lotte-mit-20","status":"publish","type":"post","link":"https:\/\/www.europesays.com\/de\/350675\/","title":{"rendered":"Freiburg besiegt Lotte mit 2:0"},"content":{"rendered":"<p>Der SC Freiburg hat seine Pflichtaufgabe bei den Sportfreunden Lotte souver\u00e4n erf\u00fcllt und zieht nach einem 2:0-Erfolg in die zweite Runde des DFB-Pokals ein. Die Breisgauer bestimmten das Geschehen \u00fcber 90 Minuten klar, ohne dabei spielerisch zu gl\u00e4nzen.<\/p>\n<p>Die fr\u00fche F\u00fchrung besorgte Dink\u00e7i in der 43. Minute: Nach einem langen Einwurf von Lienhart landete der Ball \u00fcber Umwege vor seinen F\u00fc\u00dfen, und der Offensivmann traf sehenswert per Volley ins rechte obere Eck. Mit 89 Prozent Ballbesitz vor der Pause war die Dominanz der G\u00e4ste un\u00fcbersehbar.<\/p>\n<p>Nach Wiederanpfiff blieb Freiburg am Dr\u00fccker, lie\u00df aber die letzte Konsequenz vermissen. In der 69. Minute sorgte dann H\u00f6ler f\u00fcr die Entscheidung: Ein Freisto\u00df von G\u00fcnter segelte durch den Strafraum, H\u00f6ler reagierte blitzschnell und schob aus kurzer Distanz zum 2:0 ein. Der Treffer w\u00e4re mit VAR, welchen es in den ersten beiden Pokalrunden nicht gibt, aber wohl wegen einem Handspiel des Torsch\u00fctzen aberkannt worden.<\/p>\n<p>Lotte zeigte defensiv \u00fcber weite Strecken eine ordentliche Leistung, konnte sich offensiv aber kaum in Szene setzen. Ein eigener Treffer lag nie in der Luft, sodass Freiburgs Einzug in die n\u00e4chste Runde zu keinem Zeitpunkt ernsthaft gef\u00e4hrdet war.<\/p>\n<p>            <img decoding=\"async\" src=\"https:\/\/www.europesays.com\/de\/wp-content\/uploads\/2025\/08\/sportfreunde-lotte-wappen.png\" alt=\"Sportfreunde Lotte\" title=\"Sportfreunde Lotte\"\/><\/p>\n<p>            <img decoding=\"async\" src=\"https:\/\/www.europesays.com\/de\/wp-content\/uploads\/2025\/07\/sc-freiburg-wappen.png\" alt=\"SC Freiburg\" title=\"SC Freiburg\"\/><\/p>\n<p><\/p>\n","protected":false},"excerpt":{"rendered":"Der SC Freiburg hat seine Pflichtaufgabe bei den Sportfreunden Lotte souver\u00e4n erf\u00fcllt und zieht nach einem 2:0-Erfolg in&hellip;\n","protected":false},"author":2,"featured_media":293346,"comment_status":"","ping_status":"","sticky":false,"template":"","format":"standard","meta":{"footnotes":""},"categories":[136],"tags":[4808,31078,2217,29,347,30,15,5422,298,265,924,1288,2627,5421],"class_list":{"0":"post-350675","1":"post","2":"type-post","3":"status-publish","4":"format-standard","5":"has-post-thumbnail","7":"category-sport","8":"tag-1-bundesliga","9":"tag-2025-26","10":"tag-bilanz","11":"tag-deutschland","12":"tag-fussball","13":"tag-germany","14":"tag-news","15":"tag-quote","16":"tag-sc-freiburg","17":"tag-sport","18":"tag-statistik","19":"tag-transfers","20":"tag-verletzungen","21":"tag-wechsel"},"share_on_mastodon":{"url":"https:\/\/pubeurope.com\/@de\/115041774227162074","error":""},"_links":{"self":[{"href":"https:\/\/www.europesays.com\/de\/wp-json\/wp\/v2\/posts\/350675","targetHints":{"allow":["GET"]}}],"collection":[{"href":"https:\/\/www.europesays.com\/de\/wp-json\/wp\/v2\/posts"}],"about":[{"href":"https:\/\/www.europesays.com\/de\/wp-json\/wp\/v2\/types\/post"}],"author":[{"embeddable":true,"href":"https:\/\/www.europesays.com\/de\/wp-json\/wp\/v2\/users\/2"}],"replies":[{"embeddable":true,"href":"https:\/\/www.europesays.com\/de\/wp-json\/wp\/v2\/comments?post=350675"}],"version-history":[{"count":0,"href":"https:\/\/www.europesays.com\/de\/wp-json\/wp\/v2\/posts\/350675\/revisions"}],"wp:featuredmedia":[{"embeddable":true,"href":"https:\/\/www.europesays.com\/de\/wp-json\/wp\/v2\/media\/293346"}],"wp:attachment":[{"href":"https:\/\/www.europesays.com\/de\/wp-json\/wp\/v2\/media?parent=350675"}],"wp:term":[{"taxonomy":"category","embeddable":true,"href":"https:\/\/www.europesays.com\/de\/wp-json\/wp\/v2\/categories?post=350675"},{"taxonomy":"post_tag","embeddable":true,"href":"https:\/\/www.europesays.com\/de\/wp-json\/wp\/v2\/tags?post=350675"}],"curies":[{"name":"wp","href":"https:\/\/api.w.org\/{rel}","templated":true}]}}