{"id":350728,"date":"2025-08-17T03:02:14","date_gmt":"2025-08-17T03:02:14","guid":{"rendered":"https:\/\/www.europesays.com\/de\/350728\/"},"modified":"2025-08-17T03:02:14","modified_gmt":"2025-08-17T03:02:14","slug":"selenskyj-russlands-verweigerung-einer-waffenruhe-erschwert-die-situation-2","status":"publish","type":"post","link":"https:\/\/www.europesays.com\/de\/350728\/","title":{"rendered":"Selenskyj: Russlands Verweigerung einer Waffenruhe erschwert die Situation"},"content":{"rendered":"<p>                    <img decoding=\"async\" loading=\"lazy\" class=\"internal-image\" title=\"Wolodymyr Selenskyj steht vor blauem Hintergrund.\" alt=\"Wolodymyr Selenskyj steht vor blauem Hintergrund.\" src=\"https:\/\/www.europesays.com\/de\/wp-content\/uploads\/2025\/08\/wolodymyr-selenskyj-ukraine-praesident-102-1920x1080.jpg\" \/><\/p>\n<p>                  Der ukrainische Pr\u00e4sident Wolodymyr Selenskyj (Archivbild) (imago \/ Gruppo LiveMedia \/ Domenico Cippitelli)<\/p>\n<p>Russland habe zahlreiche Rufe nach einer Waffenruhe zur\u00fcckgewiesen und noch nicht entschieden, wann es mit dem T\u00f6ten aufh\u00f6re, schrieb Selenskyj auf Online-Plattformen. Das erschwere die Situation. Wenn Russland nicht den Willen habe, die Angriffe einzustellen, dann d\u00fcrften gro\u00dfe Anstrengungen n\u00f6tig sein, um Moskau zu etwas noch viel Gr\u00f6\u00dferem zu bewegen, n\u00e4mlich zu einem friedlichen Zusammenleben mit seinen Nachbarn \u00fcber Jahrzehnte hinaus, erkl\u00e4rte Selenskyj weiter.<\/p>\n<p>Der ukrainische Pr\u00e4sident will am Montag in Washington mit US-Pr\u00e4sident Trump \u00fcber dessen Beratungen mit dem russischen Staatschef Putin beim Gipfeltreffen in Alaska sprechen. Trump war anschlie\u00dfend von seiner Forderung nach einer Waffenruhe abger\u00fcckt und hatte stattdessen von Verhandlungen \u00fcber ein umfassendes Friedensabkommen gesprochen.<\/p>\n<p>Diese Nachricht wurde am 17.08.2025 im Programm Deutschlandfunk gesendet.<\/p>\n","protected":false},"excerpt":{"rendered":"Der ukrainische Pr\u00e4sident Wolodymyr Selenskyj (Archivbild) (imago \/ Gruppo LiveMedia \/ Domenico Cippitelli) Russland habe zahlreiche Rufe nach&hellip;\n","protected":false},"author":2,"featured_media":327169,"comment_status":"","ping_status":"","sticky":false,"template":"","format":"standard","meta":{"footnotes":""},"categories":[4013],"tags":[331,332,13,14,15,4043,4044,850,307,12],"class_list":{"0":"post-350728","1":"post","2":"type-post","3":"status-publish","4":"format-standard","5":"has-post-thumbnail","7":"category-russland","8":"tag-aktuelle-nachrichten","9":"tag-aktuelle-news","10":"tag-headlines","11":"tag-nachrichten","12":"tag-news","13":"tag-russia","14":"tag-russian-federation","15":"tag-russische-foederation","16":"tag-russland","17":"tag-schlagzeilen"},"share_on_mastodon":{"url":"https:\/\/pubeurope.com\/@de\/115041884207556882","error":""},"_links":{"self":[{"href":"https:\/\/www.europesays.com\/de\/wp-json\/wp\/v2\/posts\/350728","targetHints":{"allow":["GET"]}}],"collection":[{"href":"https:\/\/www.europesays.com\/de\/wp-json\/wp\/v2\/posts"}],"about":[{"href":"https:\/\/www.europesays.com\/de\/wp-json\/wp\/v2\/types\/post"}],"author":[{"embeddable":true,"href":"https:\/\/www.europesays.com\/de\/wp-json\/wp\/v2\/users\/2"}],"replies":[{"embeddable":true,"href":"https:\/\/www.europesays.com\/de\/wp-json\/wp\/v2\/comments?post=350728"}],"version-history":[{"count":0,"href":"https:\/\/www.europesays.com\/de\/wp-json\/wp\/v2\/posts\/350728\/revisions"}],"wp:featuredmedia":[{"embeddable":true,"href":"https:\/\/www.europesays.com\/de\/wp-json\/wp\/v2\/media\/327169"}],"wp:attachment":[{"href":"https:\/\/www.europesays.com\/de\/wp-json\/wp\/v2\/media?parent=350728"}],"wp:term":[{"taxonomy":"category","embeddable":true,"href":"https:\/\/www.europesays.com\/de\/wp-json\/wp\/v2\/categories?post=350728"},{"taxonomy":"post_tag","embeddable":true,"href":"https:\/\/www.europesays.com\/de\/wp-json\/wp\/v2\/tags?post=350728"}],"curies":[{"name":"wp","href":"https:\/\/api.w.org\/{rel}","templated":true}]}}