{"id":350739,"date":"2025-08-17T03:09:42","date_gmt":"2025-08-17T03:09:42","guid":{"rendered":"https:\/\/www.europesays.com\/de\/350739\/"},"modified":"2025-08-17T03:09:42","modified_gmt":"2025-08-17T03:09:42","slug":"waldbraende-in-suedeuropa-auch-portugal-bittet-um-eu-hilfe","status":"publish","type":"post","link":"https:\/\/www.europesays.com\/de\/350739\/","title":{"rendered":"Waldbr\u00e4nde in S\u00fcdeuropa: Auch Portugal bittet um EU-Hilfe"},"content":{"rendered":"<p _ngcontent-tt-com-www-c333900937=\"\" data-cy=\"body\" class=\"cXenseParse\">Lissabon \u2013 Portugal hat wegen gro\u00dfer Waldbr\u00e4nde wie zuvor das Nachbarland Spanien Unterst\u00fctzung durch EU-Partner im Rahmen des Katastrophenschutzmechanismus erbeten. Am Sonntag w\u00fcrden zwei L\u00f6schflugzeuge aus Schweden erwartet, berichtete der staatliche TV-Sender RTP. Rund 3500 Feuerwehrleute waren bei der Bek\u00e4mpfung zehn gr\u00f6\u00dferer Br\u00e4nde im Einsatz. Am Freitag gab es ein erstes Todesopfer.<\/p>\n<p>\ud83d\udcfd\ufe0f Video | Unkontrollierbare Br\u00e4nde in Portugal<\/p>\n<p _ngcontent-tt-com-www-c636352777=\"\">Bitte stimmen Sie dem Laden von Drittanbieter-Inhalten zu, um dieses Video von Glomex <a href=\"https:\/\/www.glomex.com\/de\/datenschutzbestimmungen\/datenschutzbestimmungen-fuer-den-glomex-player\/\" target=\"_blank\" rel=\"noopener\">(Datenschutz)<\/a> ansehen zu k\u00f6nnen.<\/p>\n<p>Zustimmen und Abspielen<\/p>\n<p _ngcontent-tt-com-www-c333900937=\"\" data-cy=\"body\" class=\"cXenseParse\">Ein freiwilliger Helfer kam nach Angaben der Beh\u00f6rden in der Gemeinde Guarda im Nordwesten des Landes in den Flammen ums Leben. In beiden L\u00e4ndern berichteten Medien von Verzweiflung und Wut Betroffener auf den Staat, der nicht gen\u00fcgend Vorsorge getroffen habe und nun nicht gen\u00fcgend helfe.<\/p>\n<p _ngcontent-tt-com-www-c333900937=\"\" data-cy=\"body\" class=\"cXenseParse\">Portugal und Spanien haben schon seit Jahren nicht mehr derart heftige und kaum zu kontrollierende Wald- und Vegetationsbr\u00e4nde erlebt. Die Lage hat sich dabei im August dramatisch zugespitzt. In Portugal wurden seit Jahresbeginn nach Angaben des Instituts f\u00fcr Forstwesen 139.000 Hektar mit Vegetation vernichtet, davon allein 64.000 Hektar in den vergangenen zwei Tagen. (APA\/dpa)<\/p>\n<p>shareArtikel teilenhomeZur Startseite<\/p>\n","protected":false},"excerpt":{"rendered":"Lissabon \u2013 Portugal hat wegen gro\u00dfer Waldbr\u00e4nde wie zuvor das Nachbarland Spanien Unterst\u00fctzung durch EU-Partner im Rahmen des&hellip;\n","protected":false},"author":2,"featured_media":350740,"comment_status":"","ping_status":"","sticky":false,"template":"","format":"standard","meta":{"footnotes":""},"categories":[3933],"tags":[331,332,548,663,158,3934,3935,13,11607,48528,5668,952,14,15,7118,12,383,6448,1973],"class_list":{"0":"post-350739","1":"post","2":"type-post","3":"status-publish","4":"format-standard","5":"has-post-thumbnail","7":"category-eu","8":"tag-aktuelle-nachrichten","9":"tag-aktuelle-news","10":"tag-eu","11":"tag-europa","12":"tag-europaeische-union","13":"tag-europe","14":"tag-european-union","15":"tag-headlines","16":"tag-hitze","17":"tag-katastrophen","18":"tag-katastrophenschutz","19":"tag-klimawandel","20":"tag-nachrichten","21":"tag-news","22":"tag-portugal","23":"tag-schlagzeilen","24":"tag-umwelt","25":"tag-waldbraende","26":"tag-wetter"},"share_on_mastodon":{"url":"https:\/\/pubeurope.com\/@de\/115041911661996098","error":""},"_links":{"self":[{"href":"https:\/\/www.europesays.com\/de\/wp-json\/wp\/v2\/posts\/350739","targetHints":{"allow":["GET"]}}],"collection":[{"href":"https:\/\/www.europesays.com\/de\/wp-json\/wp\/v2\/posts"}],"about":[{"href":"https:\/\/www.europesays.com\/de\/wp-json\/wp\/v2\/types\/post"}],"author":[{"embeddable":true,"href":"https:\/\/www.europesays.com\/de\/wp-json\/wp\/v2\/users\/2"}],"replies":[{"embeddable":true,"href":"https:\/\/www.europesays.com\/de\/wp-json\/wp\/v2\/comments?post=350739"}],"version-history":[{"count":0,"href":"https:\/\/www.europesays.com\/de\/wp-json\/wp\/v2\/posts\/350739\/revisions"}],"wp:featuredmedia":[{"embeddable":true,"href":"https:\/\/www.europesays.com\/de\/wp-json\/wp\/v2\/media\/350740"}],"wp:attachment":[{"href":"https:\/\/www.europesays.com\/de\/wp-json\/wp\/v2\/media?parent=350739"}],"wp:term":[{"taxonomy":"category","embeddable":true,"href":"https:\/\/www.europesays.com\/de\/wp-json\/wp\/v2\/categories?post=350739"},{"taxonomy":"post_tag","embeddable":true,"href":"https:\/\/www.europesays.com\/de\/wp-json\/wp\/v2\/tags?post=350739"}],"curies":[{"name":"wp","href":"https:\/\/api.w.org\/{rel}","templated":true}]}}