{"id":350793,"date":"2025-08-17T03:40:29","date_gmt":"2025-08-17T03:40:29","guid":{"rendered":"https:\/\/www.europesays.com\/de\/350793\/"},"modified":"2025-08-17T03:40:29","modified_gmt":"2025-08-17T03:40:29","slug":"koeln-hamburg-schauspielerin-fereba-kone-haelt-plaedoyer-fuer-die-jogginghose-2","status":"publish","type":"post","link":"https:\/\/www.europesays.com\/de\/350793\/","title":{"rendered":"K\u00f6ln\/Hamburg | Schauspielerin F\u00e9r\u00e9ba Kon\u00e9 h\u00e4lt Pl\u00e4doyer f\u00fcr die Jogginghose"},"content":{"rendered":"<p>K\u00f6ln\/Hamburg (dpa) &#8211; Schauspielerin F\u00e9r\u00e9ba Kon\u00e9 (\u00abAlles was z\u00e4hlt\u00bb) verteidigt die Jogginghose. \u00abIch komme auch im Winter oft in Jogginghose zur Arbeit. Das gebe ich offen und ehrlich zu\u00bb, sagte die 35-J\u00e4hrige der Deutschen Presse-Agentur. Das sei am Set der RTL-Serie \u00abAlles was z\u00e4hlt\u00bb mittlerweile schon ein regelrechter \u00abRunning Gag\u00bb geworden. Der Schauspielerin macht das aber nichts aus. \u00abIch sehe es einfach nicht ein, warum ich mich in schicke Klamotten werfen soll, wenn ich mich f\u00fcr einen Dreh sowieso wieder umziehen muss\u00bb, sagte Kon\u00e9.<\/p>\n<p>\u00abIch w\u00fcrde allerdings auch dem ber\u00fchmten Zitat widersprechen, dass Menschen, die Jogginghose tragen, die Kontrolle \u00fcber ihr Leben verloren haben. Das ist doch Unsinn\u00bb, betonte sie. Die Jogginghose sei l\u00e4ngst salonf\u00e4hig geworden. Man k\u00f6nne sie mit richtig schicken Sachen kombinieren, auch mit hohen Schuhen. \u00abIch stehe zu meinen Jogginghosen\u00bb, sagte Kon\u00e9.<\/p>\n<p>Die geb\u00fcrtige Hamburgerin lebt in K\u00f6ln und spielt in der RTL-Serie \u00abAlles was z\u00e4hlt\u00bb die Rolle der Imani Okana. Die Seifenoper l\u00e4uft seit 2006 im Vorabendprogramm.<\/p>\n","protected":false},"excerpt":{"rendered":"K\u00f6ln\/Hamburg (dpa) &#8211; Schauspielerin F\u00e9r\u00e9ba Kon\u00e9 (\u00abAlles was z\u00e4hlt\u00bb) verteidigt die Jogginghose. \u00abIch komme auch im Winter oft&hellip;\n","protected":false},"author":2,"featured_media":350794,"comment_status":"","ping_status":"","sticky":false,"template":"","format":"standard","meta":{"footnotes":""},"categories":[1826],"tags":[29,441,30,692,2549,62,350,1209],"class_list":{"0":"post-350793","1":"post","2":"type-post","3":"status-publish","4":"format-standard","5":"has-post-thumbnail","7":"category-hamburg","8":"tag-deutschland","9":"tag-fernsehen","10":"tag-germany","11":"tag-hamburg","12":"tag-leute","13":"tag-medien","14":"tag-mode","15":"tag-nordrhein-westfalen"},"share_on_mastodon":{"url":"https:\/\/pubeurope.com\/@de\/115042033642935455","error":""},"_links":{"self":[{"href":"https:\/\/www.europesays.com\/de\/wp-json\/wp\/v2\/posts\/350793","targetHints":{"allow":["GET"]}}],"collection":[{"href":"https:\/\/www.europesays.com\/de\/wp-json\/wp\/v2\/posts"}],"about":[{"href":"https:\/\/www.europesays.com\/de\/wp-json\/wp\/v2\/types\/post"}],"author":[{"embeddable":true,"href":"https:\/\/www.europesays.com\/de\/wp-json\/wp\/v2\/users\/2"}],"replies":[{"embeddable":true,"href":"https:\/\/www.europesays.com\/de\/wp-json\/wp\/v2\/comments?post=350793"}],"version-history":[{"count":0,"href":"https:\/\/www.europesays.com\/de\/wp-json\/wp\/v2\/posts\/350793\/revisions"}],"wp:featuredmedia":[{"embeddable":true,"href":"https:\/\/www.europesays.com\/de\/wp-json\/wp\/v2\/media\/350794"}],"wp:attachment":[{"href":"https:\/\/www.europesays.com\/de\/wp-json\/wp\/v2\/media?parent=350793"}],"wp:term":[{"taxonomy":"category","embeddable":true,"href":"https:\/\/www.europesays.com\/de\/wp-json\/wp\/v2\/categories?post=350793"},{"taxonomy":"post_tag","embeddable":true,"href":"https:\/\/www.europesays.com\/de\/wp-json\/wp\/v2\/tags?post=350793"}],"curies":[{"name":"wp","href":"https:\/\/api.w.org\/{rel}","templated":true}]}}