{"id":350825,"date":"2025-08-17T03:58:12","date_gmt":"2025-08-17T03:58:12","guid":{"rendered":"https:\/\/www.europesays.com\/de\/350825\/"},"modified":"2025-08-17T03:58:12","modified_gmt":"2025-08-17T03:58:12","slug":"konzern-schliesst-letztes-werk-in-werdohl","status":"publish","type":"post","link":"https:\/\/www.europesays.com\/de\/350825\/","title":{"rendered":"Konzern schlie\u00dft letztes Werk in Werdohl"},"content":{"rendered":"<ol class=\"id-DonaldBreadcrumb lp_west_breadcrumb id-DonaldBreadcrumb--default\" data-k5a-pos=\"west_breadcrumb\">\n<li class=\"id-Breadcrumb-item\"><a href=\"https:\/\/www.come-on.de\/\" class=\"id-Breadcrumb-link\" data-id-ec=\"{\" shn=\"\" textlink=\"\" data-k5a-pos=\"1_comeOnDe\" rel=\"nofollow noopener\" target=\"_blank\">come-on.de<\/a><\/li>\n<li class=\"id-Breadcrumb-item\"><a href=\"https:\/\/www.come-on.de\/lennetal\/\" class=\"id-Breadcrumb-link\" data-id-ec=\"{\" shn=\"\" textlink=\"\" data-k5a-pos=\"2_lennetal\" rel=\"nofollow noopener\" target=\"_blank\">Lennetal<\/a><\/li>\n<li class=\"id-Breadcrumb-item\"><a href=\"https:\/\/www.come-on.de\/lennetal\/werdohl\/\" class=\"id-Breadcrumb-link\" data-id-ec=\"{\" shn=\"\" textlink=\"\" data-k5a-pos=\"3_werdohl\" rel=\"nofollow noopener\" target=\"_blank\">Werdohl<\/a><\/li>\n<\/ol>\n<p class=\"id-Story-timestamp id-Story-timestamp--default\">Stand: 17.08.2025, 04:51 Uhr<\/p>\n<p class=\"id-Story-authors id-Story-authors--default\">Von: <a class=\"id-Story-authors-link lp_west_author\" href=\"https:\/\/www.come-on.de\/autor\/volker-griese-gu4fb3zd8.html\" title=\"Zur Autorenseite von Volker Griese\" data-id-ec=\"{\" shn=\"\" author-link=\"\" griese=\"\" data-k5a-pos=\"west_author\" rel=\"nofollow noopener\" target=\"_blank\">Volker Griese<\/a><\/p>\n<p class=\"id-Story-interactionBar id-Story-interactionBar--default\">DruckenTeilen<\/p>\n<p class=\"id-StoryElement-leadText\">F\u00fcr die Besch\u00e4ftigten im Werk der Georg Fischer AG (GF) an der Schlacht gibt es wohl keine Hoffnung mehr. Die Aufgabe des letzten GF-Standortes in Werdohl ist beschlossene Sache.<\/p>\n<p class=\"id-StoryElement-paragraph\">Werdohl \u2013 Das sogenannte Werk 2 an der Schlacht ist der nach der\u00a0Schlie\u00dfung der GF-Gie\u00dferei an der Schlesingerstra\u00dfe (Werk 1) vor f\u00fcnf Jahren\u00a0in Werdohl verbliebene Rest des Schaffhausener Industriekonzerns. Dort werden seit 2011 Druckgussteile f\u00fcr die Automobilbranche bearbeitet, nachbearbeitet und veredelt.<a href=\"https:\/\/www.come-on.de\/lennetal\/werdohl\/fischer-werdohl-gf-werk-droht-die-schliessung-60-arbeitsplaetze-in-gefahr-georg-93454235.html\" class=\"id-import-Link\" data-id-ec=\"{&quot;sht&quot;:&quot;Container&quot;,&quot;shn&quot;:&quot;Story&quot;,&quot;p&quot;:{&quot;containerType&quot;:&quot;Paragraph&quot;,&quot;displayType&quot;:&quot;Paragraph InlineLink&quot;,&quot;type&quot;:&quot;INLINE_LINK&quot;,&quot;value&quot;:&quot; Doch schon Ende vergangenen Jahres best&#xE4;tigte GF, dass auch dieses Werdohler Werk geschlossen werden solle.&quot;,&quot;variant&quot;:&quot;standardLink&quot;,&quot;sponsored&quot;:false,&quot;linkHref&quot;:&quot;https:\/\/www.come-on.de\/lennetal\/werdohl\/fischer-werdohl-gf-werk-droht-die-schliessung-60-arbeitsplaetze-in-gefahr-georg-93454235.html&quot;,&quot;storyElementPosition&quot;:8,&quot;storyElementCount&quot;:18}}\" rel=\"nofollow noopener\" target=\"_blank\"> Doch schon Ende vergangenen Jahres best\u00e4tigte GF, dass auch dieses Werdohler Werk geschlossen werden solle.<\/a> Eine Schlie\u00dfung zum Jahresende 2025 sei geplant, sagte ein Konzernsprecher.<\/p>\n<p><img decoding=\"async\" class=\"id-RatioPlaceholder-element wv_story_el_image\" src=\"https:\/\/www.europesays.com\/de\/wp-content\/uploads\/2025\/08\/24273504-georg-fischer-in-werdohl-werk-ii-an-der-schlacht-die-bearbeitungsstrasse-im-gf-werk-an-der-.jpeg\" loading=\"lazy\"   height=\"825\" width=\"1100\" alt=\"Georg Fischer in Werdohl, Werk II an der Schlacht, Die Bearbeitungsstra&#xDF;e im GF-Werk an der Schlacht kommt mir nur acht Besch&#xE4;ftigten pro Schicht aus. Die Anlage ist auf dem allerneuesten Stand der Technik: &#x201E;State of the Art&#x201C;, wie die Firmenleitung sagt.\"\/>Das Werk 2 von Georg Fischer an der Schlacht wird endg\u00fcltig geschlossen. Etwa 50 Mitarbeitende verlieren dadurch bis Ende M\u00e4rz 2026 ihren Job. \u00a9\u00a0Heyn, Volker<\/p>\n<p class=\"id-StoryElement-paragraph\">Der Betriebsrat versuchte, den drohenden Verlust der Arbeitspl\u00e4tze abzuwenden. Letztlich waren diese Bem\u00fchungen aber wohl erfolglos, konnten die Schlie\u00dfung allenfalls hinausz\u00f6gern. Das Produktionsende in Werdohl sei f\u00fcr Ende des ersten Quartals 2026 vorgesehen, teilte Beat R\u00f6mer aus der Schaffhausener GF-Zentrale am Donnerstag auf Nachfrage mit. \u201eMit den Sozialpartnern wurden Ma\u00dfnahmen vereinbart, um den Personalabbau sozialvertr\u00e4glich zu gestalten; diese beinhalten unter anderem auch einen Sozialplan\u201c, teilte R\u00f6mer mit. Derzeit sind an der Schlacht noch rund 50 Besch\u00e4ftigte f\u00fcr Georg Fischer t\u00e4tig.<\/p>\n<p>GF st\u00f6\u00dft Automobilgesch\u00e4ft der Division Casting Solutions ab<\/p>\n<p class=\"id-StoryElement-paragraph\">Derweil wurde bekannt, dass GF sein Automobilgesch\u00e4ft der Division Casting Solutions abst\u00f6\u00dft und schon nach Mexiko verkauft hat. Der weltweit aktive Konzern teilte mit,  sich auf das Gesch\u00e4ft mit Wasser- und Rohrleitungssystemen (Flow Solutions) konzentrieren zu wollen. Bereits 2024 hatte GF seine Division Machining Solutions an ein Maschinenbauunternehmen in der Schweiz ver\u00e4u\u00dfert. Mit dem Verkauf des Automobilgesch\u00e4fts trete der Konzern nun \u201ein die finale Phase seiner Transformation zu einem reinen Flow-Solutions-Unternehmen ein\u201c, wird GF-Konzernchef Andreas M\u00fcller in einer Unternehmensmitteilung zitiert.<\/p>\n<p class=\"id-StoryElement-paragraph\">Die Automobilsparte von GF geht nun an das mexikanische Unternehmen Nemak, das Produkte f\u00fcr die Automobilindustrie entwickelt und vor allem Motorbl\u00f6cke,\u00a0Zylinderk\u00f6pfe\u00a0und Strukturbauteile aus Aluminium herstellt. \u00a0Im Jahr 2024 erzielte Nemak einen Umsatz von rund 4,9 Milliarden US-Dollar und besch\u00e4ftigte weltweit rund 23.000 Mitarbeitende.<\/p>\n<p><img decoding=\"async\" class=\"id-RatioPlaceholder-element wv_story_el_image\" src=\"https:\/\/www.europesays.com\/de\/wp-content\/uploads\/2025\/08\/39328442-vertragsunterzeichnung-georg-fischer-ag-und-nemak-juli-2025-gf-unterzeichnet-vereinbarung-z.jpeg\" loading=\"lazy\"   height=\"733\" width=\"1100\" alt=\"Vertragsunterzeichnung Georg Fischer AG und Nemak, Juli 2025; GF unterzeichnet Vereinbarung zur Devestition von GF Casting Solutions (von links nach rechts): Armando Tamez, CEO Nemak; &#xC1;lvaro Fern&#xE1;ndez Garza, Chairman Nemak; Moritz de Fr&#xEA;nes, General Counsel GF Casting Solutions, Andreas M&#xFC;ller, GF CEO; Copyright: Georg Fischer AG\"\/>Vertragsunterzeichnung in Schaffhausen: Die Georg Fischer AG verkauft ihr gesamtes Automobilgesch\u00e4ft an das mexikanische Unternehmen Nemak. \u00a9\u00a0privat<\/p>\n<p class=\"id-StoryElement-paragraph\">Die Transaktion umfasst das gesamte Automobilgesch\u00e4ft von GF Casting Solutions, das im Jahr 2024 einen Jahresumsatz von umgerechnet rund 660 Millionen Euro erzielte. Der Verkauf beinhaltet neun Produktionsstandorte in Europa, China und in den USA mit etwa 2500 Mitarbeitenden. Der vor der Schlie\u00dfung stehende Standort Werdohl geh\u00f6rt nicht dazu. Der Unternehmenswert betrage umgerechnet rund 288 Millionen Euro, von denen 137 Millionen Euro bei Abschluss f\u00e4llig w\u00fcrden, teilte GF zudem  mit.\u00a0<\/p>\n","protected":false},"excerpt":{"rendered":"come-on.de Lennetal Werdohl Stand: 17.08.2025, 04:51 Uhr Von: Volker Griese DruckenTeilen F\u00fcr die Besch\u00e4ftigten im Werk der Georg&hellip;\n","protected":false},"author":2,"featured_media":350826,"comment_status":"","ping_status":"","sticky":false,"template":"","format":"standard","meta":{"footnotes":""},"categories":[134],"tags":[175,170,169,29,30,171,174,173,172],"class_list":{"0":"post-350825","1":"post","2":"type-post","3":"status-publish","4":"format-standard","5":"has-post-thumbnail","7":"category-unternehmen-maerkte","8":"tag-business","9":"tag-companies","10":"tag-companies-markets","11":"tag-deutschland","12":"tag-germany","13":"tag-markets","14":"tag-maerkte","15":"tag-unternehmen","16":"tag-unternehmen-maerkte"},"share_on_mastodon":{"url":"https:\/\/pubeurope.com\/@de\/115042104395400085","error":""},"_links":{"self":[{"href":"https:\/\/www.europesays.com\/de\/wp-json\/wp\/v2\/posts\/350825","targetHints":{"allow":["GET"]}}],"collection":[{"href":"https:\/\/www.europesays.com\/de\/wp-json\/wp\/v2\/posts"}],"about":[{"href":"https:\/\/www.europesays.com\/de\/wp-json\/wp\/v2\/types\/post"}],"author":[{"embeddable":true,"href":"https:\/\/www.europesays.com\/de\/wp-json\/wp\/v2\/users\/2"}],"replies":[{"embeddable":true,"href":"https:\/\/www.europesays.com\/de\/wp-json\/wp\/v2\/comments?post=350825"}],"version-history":[{"count":0,"href":"https:\/\/www.europesays.com\/de\/wp-json\/wp\/v2\/posts\/350825\/revisions"}],"wp:featuredmedia":[{"embeddable":true,"href":"https:\/\/www.europesays.com\/de\/wp-json\/wp\/v2\/media\/350826"}],"wp:attachment":[{"href":"https:\/\/www.europesays.com\/de\/wp-json\/wp\/v2\/media?parent=350825"}],"wp:term":[{"taxonomy":"category","embeddable":true,"href":"https:\/\/www.europesays.com\/de\/wp-json\/wp\/v2\/categories?post=350825"},{"taxonomy":"post_tag","embeddable":true,"href":"https:\/\/www.europesays.com\/de\/wp-json\/wp\/v2\/tags?post=350825"}],"curies":[{"name":"wp","href":"https:\/\/api.w.org\/{rel}","templated":true}]}}