{"id":350828,"date":"2025-08-17T04:00:17","date_gmt":"2025-08-17T04:00:17","guid":{"rendered":"https:\/\/www.europesays.com\/de\/350828\/"},"modified":"2025-08-17T04:00:17","modified_gmt":"2025-08-17T04:00:17","slug":"polizei-ueberwaeltigt-offenbar-bewaffneten-mann","status":"publish","type":"post","link":"https:\/\/www.europesays.com\/de\/350828\/","title":{"rendered":"Polizei \u00fcberw\u00e4ltigt offenbar bewaffneten Mann"},"content":{"rendered":"<p>\t\tZeugen: Sch\u00fcsse an der Knufstra\u00dfe in Bocholt<br \/>\n\t\t\t\t\tPolizei \u00fcberw\u00e4ltigt offenbar bewaffneten Mann<\/p>\n<p>\t\t<img alt=\"\" src=\"https:\/\/www.europesays.com\/de\/wp-content\/uploads\/2025\/05\/630_0036_1349573_.jpg\"  class=\"avatar avatar-36 photo avatar-default\" height=\"36\" width=\"36\" loading=\"lazy\" decoding=\"async\"\/>\t\t<a class=\"article-author__name\" href=\"https:\/\/www.bbv-net.de\/author\/christian-vosgroene-2\/\" rel=\"author nofollow noopener\" target=\"_blank\">Christian Vosgr\u00f6ne<\/a><\/p>\n<p>    <a href=\"https:\/\/www.bbv-net.de\/wp-content\/uploads\/2025\/08\/16\/17\/630_0900_4951955_250816_Polizeieinsatz_Knufstrasse_2_unk-1648x824.jpg\" rel=\"nofollow noopener\" target=\"_blank\"><\/p>\n<p>            <img decoding=\"async\" fetchpriority=\"high\" src=\"https:\/\/www.europesays.com\/de\/wp-content\/uploads\/2025\/08\/630_0900_4951954_250816_Polizeieinsatz_Knufstrasse_2_unk-640x428.jpg\" width=\"640\" height=\"428\"  alt=\"In der Wohnung fand die Polizei offensichtlich mehrere Waffen.\"\/><\/p>\n<p>    <\/a><br \/>\n    In der Wohnung fand die Polizei offensichtlich mehrere Waffen. \u00a9 Sven Betz<\/p>\n<p class=\"article__teaser-text\">Zeugen melden Sch\u00fcsse: Die Polizei hat am Samstagabend (16.8.) in Bocholt einen offenbar bewaffneten Mann in Gewahrsam genommen. Die Hintergr\u00fcnde.<\/p>\n<p>2 Min Lesezeit<\/p>\n<p>Waffen in der Wohnung<\/p>\n","protected":false},"excerpt":{"rendered":"Zeugen: Sch\u00fcsse an der Knufstra\u00dfe in Bocholt Polizei \u00fcberw\u00e4ltigt offenbar bewaffneten Mann Christian Vosgr\u00f6ne In der Wohnung fand&hellip;\n","protected":false},"author":2,"featured_media":350829,"comment_status":"","ping_status":"","sticky":false,"template":"","format":"standard","meta":{"footnotes":""},"categories":[2],"tags":[29,30,13,14,15,12,97347,3826,10,8,9,11],"class_list":{"0":"post-350828","1":"post","2":"type-post","3":"status-publish","4":"format-standard","5":"has-post-thumbnail","7":"category-deutschland","8":"tag-deutschland","9":"tag-germany","10":"tag-headlines","11":"tag-nachrichten","12":"tag-news","13":"tag-schlagzeilen","14":"tag-schuetze-in-bocholt","15":"tag-sicherheit-kriminalitaet","16":"tag-top-news","17":"tag-top-meldungen","18":"tag-topmeldungen","19":"tag-topnews"},"share_on_mastodon":{"url":"https:\/\/pubeurope.com\/@de\/115042112411850829","error":""},"_links":{"self":[{"href":"https:\/\/www.europesays.com\/de\/wp-json\/wp\/v2\/posts\/350828","targetHints":{"allow":["GET"]}}],"collection":[{"href":"https:\/\/www.europesays.com\/de\/wp-json\/wp\/v2\/posts"}],"about":[{"href":"https:\/\/www.europesays.com\/de\/wp-json\/wp\/v2\/types\/post"}],"author":[{"embeddable":true,"href":"https:\/\/www.europesays.com\/de\/wp-json\/wp\/v2\/users\/2"}],"replies":[{"embeddable":true,"href":"https:\/\/www.europesays.com\/de\/wp-json\/wp\/v2\/comments?post=350828"}],"version-history":[{"count":0,"href":"https:\/\/www.europesays.com\/de\/wp-json\/wp\/v2\/posts\/350828\/revisions"}],"wp:featuredmedia":[{"embeddable":true,"href":"https:\/\/www.europesays.com\/de\/wp-json\/wp\/v2\/media\/350829"}],"wp:attachment":[{"href":"https:\/\/www.europesays.com\/de\/wp-json\/wp\/v2\/media?parent=350828"}],"wp:term":[{"taxonomy":"category","embeddable":true,"href":"https:\/\/www.europesays.com\/de\/wp-json\/wp\/v2\/categories?post=350828"},{"taxonomy":"post_tag","embeddable":true,"href":"https:\/\/www.europesays.com\/de\/wp-json\/wp\/v2\/tags?post=350828"}],"curies":[{"name":"wp","href":"https:\/\/api.w.org\/{rel}","templated":true}]}}