{"id":350832,"date":"2025-08-17T04:02:19","date_gmt":"2025-08-17T04:02:19","guid":{"rendered":"https:\/\/www.europesays.com\/de\/350832\/"},"modified":"2025-08-17T04:02:19","modified_gmt":"2025-08-17T04:02:19","slug":"13-jaehriger-aus-saalekreis-wird-kreativ-sylbitzer-audioguide-ab-sofort-verfuegbar","status":"publish","type":"post","link":"https:\/\/www.europesays.com\/de\/350832\/","title":{"rendered":"13-J\u00e4hriger aus Saalekreis wird kreativ: Sylbitzer Audioguide ab sofort verf\u00fcgbar"},"content":{"rendered":"<p class=\"fp-paragraph\"><strong>Sylbitz\/MZ.<\/strong> &#8211;  \u201eEinfach scannen, h\u00f6r genau hin, Bilder, Filme \u2013 alles macht Sinn. Anton zeigt uns, was hier war. Sylbitz ist Geschichte und ganz nah\u201c \u2013 es sind die ersten Zeilen eines neuen Liedes, das Tino Schaaf, unter anderem Mitglied im Gemeinderat Petersberg, ver\u00f6ffentlicht hat. Und es behandelt ein ganz spezielles Thema: den <a href=\"https:\/\/www.mz.de\/lokal\/halle-saale\/wie-ein-13-jahriger-einen-audioguide-uber-sylbitz-erstellt-4057192\" rel=\"nofollow noopener\" target=\"_blank\">Audioguide des 13-j\u00e4hrigen Sch\u00fclers <\/a>Anton Thieme. <\/p>\n<p class=\"fp-paragraph\">Vor einigen Monaten hat er sich zum Ziel gesetzt, einen Audioguide \u00fcber seinen Heimatort Sylbitz zu erstellen. An sechs verschiedenen Orten sollen Spazierg\u00e4nger die M\u00f6glichkeit bekommen, mehr \u00fcber das Dorf und dessen Geschichte zu erfahren. Gemeinsam mit Freundin Nora hat er daraufhin Texte verfasst, eine Webseite erstellt und die Aufnahmen eingesprochen. <\/p>\n<p>Sch\u00fcler sucht weiterhin Stimmen aus der Ortschaft Sylbitz f\u00fcr den Guide<\/p>\n<p class=\"fp-paragraph\">Die Technik daf\u00fcr konnte er sich vom Offenen Kanal in Wettin ausleihen. \u201eJetzt m\u00fcssen wir nur noch die Pfosten aufbauen\u201c, erz\u00e4hlt er. Diese stehen vor den jeweiligen Stationen und zeigen den QR-Code, der mit dem Handy gescannt werden kann. Stehen die Pfosten, ist der Ver\u00f6ffentlichung nichts mehr im Wege. Am heutigen Samstag, 16. August, ab 13\u2005Uhr ist es soweit \u2013 der Audioguide geht online und kann  angeh\u00f6rt werden. <\/p>\n<p class=\"fp-paragraph\">Das geht nicht nur vor Ort, sondern auch bei einem digitalen Rundgang auf der eigens erstellten Webseite. Neben dem Guide sind dort auch Fotos von den jeweiligen Orten, darunter die Chorturmkirche, der Dorfplatz oder der Dorfteich zu sehen. Zudem gibt es Informationen zum Rundgang, Parkm\u00f6glichkeiten oder Hinweisen, wie der Guide funktioniert. <\/p>\n<p class=\"fp-paragraph\">Anton selbst ist gespannt, wie die Sylbitzer und Besucher auf den Guide reagieren. Positive R\u00fcckmeldungen habe es schon gegeben, als bekannt wurde, dass er an dem Projekt arbeitet. Schluss soll f\u00fcr den Sch\u00fcler nach der Ver\u00f6ffentlichung nicht sein, daf\u00fcr macht ihm die Umsetzung zu viel Spa\u00df. Er kann sich vorstellen, solche Guides auch f\u00fcr andere Ortschaften in Petersberg oder Wettin-L\u00f6bej\u00fcn zu entwickeln. \u201eWir freuen uns auch immer  \u00fcber Leute, die uns etwas \u00fcber Sylbitz erz\u00e4hlen k\u00f6nnen\u201c, sagt der 13-J\u00e4hrige, der sowohl im Ort als auch in sozialen Medien daf\u00fcr geworben hat. Bisher hatte er damit allerdings keinen Erfolg. Die Informationen f\u00fcr den Guide hat er aus einer Dokumentation und dem Internet genommen. <\/p>\n","protected":false},"excerpt":{"rendered":"Sylbitz\/MZ. &#8211; \u201eEinfach scannen, h\u00f6r genau hin, Bilder, Filme \u2013 alles macht Sinn. Anton zeigt uns, was hier&hellip;\n","protected":false},"author":2,"featured_media":350833,"comment_status":"","ping_status":"","sticky":false,"template":"","format":"standard","meta":{"footnotes":""},"categories":[1860],"tags":[3364,29,548,663,3934,30,4062,17332,13,14,15,17331,860,12],"class_list":{"0":"post-350832","1":"post","2":"type-post","3":"status-publish","4":"format-standard","5":"has-post-thumbnail","7":"category-halle-saale","8":"tag-de","9":"tag-deutschland","10":"tag-eu","11":"tag-europa","12":"tag-europe","13":"tag-germany","14":"tag-halle","15":"tag-halle-saale","16":"tag-headlines","17":"tag-nachrichten","18":"tag-news","19":"tag-saale","20":"tag-sachsen-anhalt","21":"tag-schlagzeilen"},"share_on_mastodon":{"url":"https:\/\/pubeurope.com\/@de\/115042120090038522","error":""},"_links":{"self":[{"href":"https:\/\/www.europesays.com\/de\/wp-json\/wp\/v2\/posts\/350832","targetHints":{"allow":["GET"]}}],"collection":[{"href":"https:\/\/www.europesays.com\/de\/wp-json\/wp\/v2\/posts"}],"about":[{"href":"https:\/\/www.europesays.com\/de\/wp-json\/wp\/v2\/types\/post"}],"author":[{"embeddable":true,"href":"https:\/\/www.europesays.com\/de\/wp-json\/wp\/v2\/users\/2"}],"replies":[{"embeddable":true,"href":"https:\/\/www.europesays.com\/de\/wp-json\/wp\/v2\/comments?post=350832"}],"version-history":[{"count":0,"href":"https:\/\/www.europesays.com\/de\/wp-json\/wp\/v2\/posts\/350832\/revisions"}],"wp:featuredmedia":[{"embeddable":true,"href":"https:\/\/www.europesays.com\/de\/wp-json\/wp\/v2\/media\/350833"}],"wp:attachment":[{"href":"https:\/\/www.europesays.com\/de\/wp-json\/wp\/v2\/media?parent=350832"}],"wp:term":[{"taxonomy":"category","embeddable":true,"href":"https:\/\/www.europesays.com\/de\/wp-json\/wp\/v2\/categories?post=350832"},{"taxonomy":"post_tag","embeddable":true,"href":"https:\/\/www.europesays.com\/de\/wp-json\/wp\/v2\/tags?post=350832"}],"curies":[{"name":"wp","href":"https:\/\/api.w.org\/{rel}","templated":true}]}}