{"id":350840,"date":"2025-08-17T04:08:10","date_gmt":"2025-08-17T04:08:10","guid":{"rendered":"https:\/\/www.europesays.com\/de\/350840\/"},"modified":"2025-08-17T04:08:10","modified_gmt":"2025-08-17T04:08:10","slug":"professor-nguyen-zu-ki-klinikreform-fluechtlingen-und-darmspiegelung","status":"publish","type":"post","link":"https:\/\/www.europesays.com\/de\/350840\/","title":{"rendered":"Professor Nguyen zu KI, Klinikreform, Fl\u00fcchtlingen und Darmspiegelung"},"content":{"rendered":"<p class=\"text-50 desktop:text-70 park-container-small px-6 mb-10 desktop:mb-14\">Interview | M\u00f6nchengladbach \u00b7 <strong data-cy=\"intro\">Seine eigene Fl\u00fcchtlingsgeschichte hat viel mit seinem heutigen Beruf als Arzt zu tun: Professor Huan Nguyen wirkt seit mehr als 25 Jahren im Elisabeth-Krankenhaus. Als einer der wenigen Mediziner hat er sechs Fachgebiete. Seit Beginn des Jahres ist er der erste hauptamtliche \u00c4rztliche Direktor des Hauses. Was der 64-J\u00e4hrige \u00fcber KI, die Pandemie, Willkommenskultur und die Klinikreform denkt.<\/strong><\/p>\n","protected":false},"excerpt":{"rendered":"Interview | M\u00f6nchengladbach \u00b7 Seine eigene Fl\u00fcchtlingsgeschichte hat viel mit seinem heutigen Beruf als Arzt zu tun: Professor&hellip;\n","protected":false},"author":2,"featured_media":350841,"comment_status":"","ping_status":"","sticky":false,"template":"","format":"standard","meta":{"footnotes":""},"categories":[1849],"tags":[38700,38971,3364,29,8561,548,663,3934,30,4372,13,38972,7320,4455,14,15,93298,1209,38374,54030,12,4396,7321],"class_list":{"0":"post-350840","1":"post","2":"type-post","3":"status-publish","4":"format-standard","5":"has-post-thumbnail","7":"category-moenchengladbach","8":"tag-bestaetigt","9":"tag-brook","10":"tag-de","11":"tag-deutschland","12":"tag-eli","13":"tag-eu","14":"tag-europa","15":"tag-europe","16":"tag-germany","17":"tag-gynaekologie","18":"tag-headlines","19":"tag-leslie","20":"tag-mhm","21":"tag-moenchengladbach","22":"tag-nachrichten","23":"tag-news","24":"tag-nguyen","25":"tag-nordrhein-westfalen","26":"tag-prof","27":"tag-professor","28":"tag-schlagzeilen","29":"tag-schoen","30":"tag-speaker"},"share_on_mastodon":{"url":"https:\/\/pubeurope.com\/@de\/115042143710963157","error":""},"_links":{"self":[{"href":"https:\/\/www.europesays.com\/de\/wp-json\/wp\/v2\/posts\/350840","targetHints":{"allow":["GET"]}}],"collection":[{"href":"https:\/\/www.europesays.com\/de\/wp-json\/wp\/v2\/posts"}],"about":[{"href":"https:\/\/www.europesays.com\/de\/wp-json\/wp\/v2\/types\/post"}],"author":[{"embeddable":true,"href":"https:\/\/www.europesays.com\/de\/wp-json\/wp\/v2\/users\/2"}],"replies":[{"embeddable":true,"href":"https:\/\/www.europesays.com\/de\/wp-json\/wp\/v2\/comments?post=350840"}],"version-history":[{"count":0,"href":"https:\/\/www.europesays.com\/de\/wp-json\/wp\/v2\/posts\/350840\/revisions"}],"wp:featuredmedia":[{"embeddable":true,"href":"https:\/\/www.europesays.com\/de\/wp-json\/wp\/v2\/media\/350841"}],"wp:attachment":[{"href":"https:\/\/www.europesays.com\/de\/wp-json\/wp\/v2\/media?parent=350840"}],"wp:term":[{"taxonomy":"category","embeddable":true,"href":"https:\/\/www.europesays.com\/de\/wp-json\/wp\/v2\/categories?post=350840"},{"taxonomy":"post_tag","embeddable":true,"href":"https:\/\/www.europesays.com\/de\/wp-json\/wp\/v2\/tags?post=350840"}],"curies":[{"name":"wp","href":"https:\/\/api.w.org\/{rel}","templated":true}]}}