{"id":350842,"date":"2025-08-17T04:09:11","date_gmt":"2025-08-17T04:09:11","guid":{"rendered":"https:\/\/www.europesays.com\/de\/350842\/"},"modified":"2025-08-17T04:09:11","modified_gmt":"2025-08-17T04:09:11","slug":"herten-am-morgen-neuer-mietspiegel","status":"publish","type":"post","link":"https:\/\/www.europesays.com\/de\/350842\/","title":{"rendered":"Herten am Morgen: Neuer Mietspiegel"},"content":{"rendered":"<p>\t\tHerten am Morgen<br \/>\n\t\t\t\t\tNeuer Mietspiegel &#8211; so viel kostet Wohnraum in der Stadt <\/p>\n<p>\t\t<img alt=\"\" src=\"https:\/\/www.europesays.com\/de\/wp-content\/uploads\/2025\/08\/630_0036_1288989_.jpg\"  class=\"avatar avatar-36 photo avatar-default\" height=\"36\" width=\"36\" loading=\"lazy\" decoding=\"async\"\/>\t\t<a class=\"article-author__name\" href=\"https:\/\/www.hertener-allgemeine.de\/author\/theresa-breuer\/\" rel=\"author noopener\" target=\"_blank\">Theresa Breuer<\/a><br \/>\n\t\tRedakteurin<\/p>\n<p>    <a href=\"https:\/\/www.hertener-allgemeine.de\/wp-content\/uploads\/2025\/08\/16\/15\/630_0900_4951690_ImportDpaPicFile3202_jpg-1648x824.jpg\" target=\"_blank\" rel=\"noopener\"><\/p>\n<p>            <img loading=\"lazy\" decoding=\"async\" src=\"https:\/\/www.europesays.com\/de\/wp-content\/uploads\/2025\/08\/630_0900_4951689_ImportDpaPicFile3202_jpg-640x428.jpg\" width=\"640\" height=\"428\"  alt=\"Ein Mann und eine Frau in einer neuen Wohnung.\"\/><\/p>\n<p>    <\/a><br \/>\n    Der Mietspiegel weist aus, wie viel Wohnraum in einer bestimmten Umgebung kostet. \u00a9 picture alliance \/ dpa Themendienst<\/p>\n<p class=\"article__teaser-text\">Der neue Mietspiegel ist da. Radrennfahrer rauschen durch Herten. Leser-Meinungen zur Entsch\u00e4rfung eines Unfall-Hotspots. Das Stadtradeln startet.<\/p>\n<p>1 Min Lesezeit<\/p>\n<p>Das sind aktuelle Themen in Herten:<\/p>\n<p><strong>Achtung, Blitzer:<\/strong> Die Stadt Herten l\u00e4sst ihre beiden Panzerblitzer noch voraussichtlich bis zum 18. August an der Herner Stra\u00dfe und an der Kaiserstra\u00dfe stehen und macht Fotos von zu schnellen Verkehrsteilnehmern. Rund um die Uhr blitzen auch die von der Stadt betriebenen Radars\u00e4ulen an der Ewaldstra\u00dfe und an der Hertener Stra\u00dfe.<\/p>\n<p><strong>Wie die aktuelle Verkehrslage in und um Herten ist, sehen Sie auf dieser interaktiven Karte:<\/strong><\/p><\/p>\n","protected":false},"excerpt":{"rendered":"Herten am Morgen Neuer Mietspiegel &#8211; so viel kostet Wohnraum in der Stadt Theresa Breuer Redakteurin Der Mietspiegel&hellip;\n","protected":false},"author":2,"featured_media":350843,"comment_status":"","ping_status":"","sticky":false,"template":"","format":"standard","meta":{"footnotes":""},"categories":[1848],"tags":[3364,29,548,663,3934,3658,30,13,3566,14,15,1209,12,92357],"class_list":{"0":"post-350842","1":"post","2":"type-post","3":"status-publish","4":"format-standard","5":"has-post-thumbnail","7":"category-gelsenkirchen","8":"tag-de","9":"tag-deutschland","10":"tag-eu","11":"tag-europa","12":"tag-europe","13":"tag-gelsenkirchen","14":"tag-germany","15":"tag-headlines","16":"tag-immobilien-wohnen","17":"tag-nachrichten","18":"tag-news","19":"tag-nordrhein-westfalen","20":"tag-schlagzeilen","21":"tag-tagesuebersicht"},"share_on_mastodon":{"url":"https:\/\/pubeurope.com\/@de\/115042147677066440","error":""},"_links":{"self":[{"href":"https:\/\/www.europesays.com\/de\/wp-json\/wp\/v2\/posts\/350842","targetHints":{"allow":["GET"]}}],"collection":[{"href":"https:\/\/www.europesays.com\/de\/wp-json\/wp\/v2\/posts"}],"about":[{"href":"https:\/\/www.europesays.com\/de\/wp-json\/wp\/v2\/types\/post"}],"author":[{"embeddable":true,"href":"https:\/\/www.europesays.com\/de\/wp-json\/wp\/v2\/users\/2"}],"replies":[{"embeddable":true,"href":"https:\/\/www.europesays.com\/de\/wp-json\/wp\/v2\/comments?post=350842"}],"version-history":[{"count":0,"href":"https:\/\/www.europesays.com\/de\/wp-json\/wp\/v2\/posts\/350842\/revisions"}],"wp:featuredmedia":[{"embeddable":true,"href":"https:\/\/www.europesays.com\/de\/wp-json\/wp\/v2\/media\/350843"}],"wp:attachment":[{"href":"https:\/\/www.europesays.com\/de\/wp-json\/wp\/v2\/media?parent=350842"}],"wp:term":[{"taxonomy":"category","embeddable":true,"href":"https:\/\/www.europesays.com\/de\/wp-json\/wp\/v2\/categories?post=350842"},{"taxonomy":"post_tag","embeddable":true,"href":"https:\/\/www.europesays.com\/de\/wp-json\/wp\/v2\/tags?post=350842"}],"curies":[{"name":"wp","href":"https:\/\/api.w.org\/{rel}","templated":true}]}}