{"id":350854,"date":"2025-08-17T04:15:13","date_gmt":"2025-08-17T04:15:13","guid":{"rendered":"https:\/\/www.europesays.com\/de\/350854\/"},"modified":"2025-08-17T04:15:13","modified_gmt":"2025-08-17T04:15:13","slug":"maoltiet-bringt-menschen-in-ascheberg-zusammen","status":"publish","type":"post","link":"https:\/\/www.europesays.com\/de\/350854\/","title":{"rendered":"\u201eMaoltiet\u201c bringt Menschen in Ascheberg zusammen"},"content":{"rendered":"<p>\t\t\u201eMaoltiet\u201c bringt Menschen in Ascheberg zusammen<br \/>\n\t\t\t\t\tIm September geht\u2019s los mit essen und kl\u00f6nen<\/p>\n<p>\t\t<img alt=\"\" src=\"https:\/\/www.europesays.com\/de\/wp-content\/uploads\/2025\/08\/630_0036_561939_.jpg\"  class=\"avatar avatar-36 photo avatar-default\" height=\"36\" width=\"36\" loading=\"lazy\" decoding=\"async\"\/>\t\t<a class=\"article-author__name\" href=\"https:\/\/www.ruhrnachrichten.de\/author\/claudia-hurek\/\" rel=\"author noopener\" target=\"_blank\">Claudia Hurek<\/a><br \/>\n\t\tFreie Mitarbeiterin<\/p>\n<p>    <a href=\"https:\/\/www.ruhrnachrichten.de\/wp-content\/uploads\/2025\/08\/15\/14\/630_0900_4949917_0814hb_Mittagstisch_Maoltiet_Ascheberg-1648x824.jpg\" target=\"_blank\" rel=\"noopener\"><\/p>\n<p>            <img loading=\"lazy\" decoding=\"async\" src=\"https:\/\/www.europesays.com\/de\/wp-content\/uploads\/2025\/08\/630_0900_4949916_0814hb_Mittagstisch_Maoltiet_Ascheberg-640x428.jpg\" width=\"640\" height=\"428\"  alt=\"Marion M\u00fcller, Elke Weustenhagen, Alexandra Schlinge, Margitta Bautz, Gabi Ketturkat, Hanna Schlinge und Marie-Luise Vo\u00df (von links) lachen in die Kamera.\"\/><\/p>\n<p>    <\/a><br \/>\n    Marion M\u00fcller, Elke Weustenhagen, Alexandra Schlinge, Margitta Bautz, Gabi Ketturkat, Hanna Schlinge und Marie-Luise Vo\u00df (von links) hatten viel Spa\u00df bei der Vorbereitung f\u00fcr die erste \u201eMaoltiet\u201c in Ascheberg. \u00a9 Claudia hurek<\/p>\n<p class=\"article__teaser-text\">\u201eMaoltiet\u201c l\u00e4uft in Davensberg und Herbern sehr erfolgreich, ab September kommt das Projekt auch nach Ascheberg.<\/p>\n<p>2 Min Lesezeit<\/p>\n<p>Essen vom Erdb\u00fcskenVier Termine stehen fest<\/p>\n","protected":false},"excerpt":{"rendered":"\u201eMaoltiet\u201c bringt Menschen in Ascheberg zusammen Im September geht\u2019s los mit essen und kl\u00f6nen Claudia Hurek Freie Mitarbeiterin&hellip;\n","protected":false},"author":2,"featured_media":350855,"comment_status":"","ping_status":"","sticky":false,"template":"","format":"standard","meta":{"footnotes":""},"categories":[1843],"tags":[3364,29,701,30,97348,8970,1209],"class_list":{"0":"post-350854","1":"post","2":"type-post","3":"status-publish","4":"format-standard","5":"has-post-thumbnail","7":"category-muenster","8":"tag-de","9":"tag-deutschland","10":"tag-essen-trinken","11":"tag-germany","12":"tag-maoltiet-in-ascheberg","13":"tag-muenster","14":"tag-nordrhein-westfalen"},"share_on_mastodon":{"url":"https:\/\/pubeurope.com\/@de\/115042171339704112","error":""},"_links":{"self":[{"href":"https:\/\/www.europesays.com\/de\/wp-json\/wp\/v2\/posts\/350854","targetHints":{"allow":["GET"]}}],"collection":[{"href":"https:\/\/www.europesays.com\/de\/wp-json\/wp\/v2\/posts"}],"about":[{"href":"https:\/\/www.europesays.com\/de\/wp-json\/wp\/v2\/types\/post"}],"author":[{"embeddable":true,"href":"https:\/\/www.europesays.com\/de\/wp-json\/wp\/v2\/users\/2"}],"replies":[{"embeddable":true,"href":"https:\/\/www.europesays.com\/de\/wp-json\/wp\/v2\/comments?post=350854"}],"version-history":[{"count":0,"href":"https:\/\/www.europesays.com\/de\/wp-json\/wp\/v2\/posts\/350854\/revisions"}],"wp:featuredmedia":[{"embeddable":true,"href":"https:\/\/www.europesays.com\/de\/wp-json\/wp\/v2\/media\/350855"}],"wp:attachment":[{"href":"https:\/\/www.europesays.com\/de\/wp-json\/wp\/v2\/media?parent=350854"}],"wp:term":[{"taxonomy":"category","embeddable":true,"href":"https:\/\/www.europesays.com\/de\/wp-json\/wp\/v2\/categories?post=350854"},{"taxonomy":"post_tag","embeddable":true,"href":"https:\/\/www.europesays.com\/de\/wp-json\/wp\/v2\/tags?post=350854"}],"curies":[{"name":"wp","href":"https:\/\/api.w.org\/{rel}","templated":true}]}}