{"id":350858,"date":"2025-08-17T04:18:03","date_gmt":"2025-08-17T04:18:03","guid":{"rendered":"https:\/\/www.europesays.com\/de\/350858\/"},"modified":"2025-08-17T04:18:03","modified_gmt":"2025-08-17T04:18:03","slug":"113-jahre-sennefriedhof-in-bielefeld","status":"publish","type":"post","link":"https:\/\/www.europesays.com\/de\/350858\/","title":{"rendered":"113 Jahre Sennefriedhof in Bielefeld"},"content":{"rendered":"<p class=\"bodytext\">Freitag (15.08.) vor 113 Jahren \u00fcbergab der damalige Oberb\u00fcrgermeister Bielefelds, Rudolf Stapenhorst, den Sennefriedhof der \u00d6ffentlichkeit. Die Errichtung des Friedhofs wurde n\u00f6tig, weil auf den innerst\u00e4dtischen Friedh\u00f6fen immer weniger Platz war. Der gro\u00dfe Pluspunkt des Areals s\u00fcdlich von Brackwede war laut Bielefelder Stadtarchiv die auch damals schon fahrende Stra\u00dfenbahn.<\/p>\n","protected":false},"excerpt":{"rendered":"Freitag (15.08.) vor 113 Jahren \u00fcbergab der damalige Oberb\u00fcrgermeister Bielefelds, Rudolf Stapenhorst, den Sennefriedhof der \u00d6ffentlichkeit. Die Errichtung&hellip;\n","protected":false},"author":2,"featured_media":350859,"comment_status":"","ping_status":"","sticky":false,"template":"","format":"standard","meta":{"footnotes":""},"categories":[1841],"tags":[1605,3364,29,30,1209],"class_list":{"0":"post-350858","1":"post","2":"type-post","3":"status-publish","4":"format-standard","5":"has-post-thumbnail","7":"category-bielefeld","8":"tag-bielefeld","9":"tag-de","10":"tag-deutschland","11":"tag-germany","12":"tag-nordrhein-westfalen"},"share_on_mastodon":{"url":"https:\/\/pubeurope.com\/@de\/115042183139792912","error":""},"_links":{"self":[{"href":"https:\/\/www.europesays.com\/de\/wp-json\/wp\/v2\/posts\/350858","targetHints":{"allow":["GET"]}}],"collection":[{"href":"https:\/\/www.europesays.com\/de\/wp-json\/wp\/v2\/posts"}],"about":[{"href":"https:\/\/www.europesays.com\/de\/wp-json\/wp\/v2\/types\/post"}],"author":[{"embeddable":true,"href":"https:\/\/www.europesays.com\/de\/wp-json\/wp\/v2\/users\/2"}],"replies":[{"embeddable":true,"href":"https:\/\/www.europesays.com\/de\/wp-json\/wp\/v2\/comments?post=350858"}],"version-history":[{"count":0,"href":"https:\/\/www.europesays.com\/de\/wp-json\/wp\/v2\/posts\/350858\/revisions"}],"wp:featuredmedia":[{"embeddable":true,"href":"https:\/\/www.europesays.com\/de\/wp-json\/wp\/v2\/media\/350859"}],"wp:attachment":[{"href":"https:\/\/www.europesays.com\/de\/wp-json\/wp\/v2\/media?parent=350858"}],"wp:term":[{"taxonomy":"category","embeddable":true,"href":"https:\/\/www.europesays.com\/de\/wp-json\/wp\/v2\/categories?post=350858"},{"taxonomy":"post_tag","embeddable":true,"href":"https:\/\/www.europesays.com\/de\/wp-json\/wp\/v2\/tags?post=350858"}],"curies":[{"name":"wp","href":"https:\/\/api.w.org\/{rel}","templated":true}]}}