{"id":350867,"date":"2025-08-17T04:24:16","date_gmt":"2025-08-17T04:24:16","guid":{"rendered":"https:\/\/www.europesays.com\/de\/350867\/"},"modified":"2025-08-17T04:24:16","modified_gmt":"2025-08-17T04:24:16","slug":"auch-miyoshi-koennte-bochum-auf-schalke-fehlen","status":"publish","type":"post","link":"https:\/\/www.europesays.com\/de\/350867\/","title":{"rendered":"Auch Miyoshi k\u00f6nnte Bochum auf Schalke fehlen"},"content":{"rendered":"<p class=\"font-sans font-medium\">Berlin. Nach dem Zittersieg im Pokal fiebert der VfL Bochum dem Derby beim FC Schalke 04 entgegen. Einige zuletzt fehlende Spieler kehren zur\u00fcck: der Personalstand.<\/p>\n<p class=\"\">\u201eJeder will spielen. Wir sind hei\u00df wie Frittenfett\u201c: Samuel Bamba blickte nach dem <a href=\"https:\/\/www.waz.de\/sport\/vfl-bochum\/article409763111\/vfl-bochum-hecking-irritiert-holtmann-fordert-300-prozent-mehr.html\" data-category-full-path=\"https:\/\/www.waz.de\/sport\/vfl-bochum\/\" data-paid-status=\"premium\" data-article-publish-date=\"1755358429\" rel=\"nofollow noopener\" target=\"_blank\">so z\u00e4hen wie knappen Pokalsieg beim BFC Dynamo<\/a>, dem 3:1 nach Verl\u00e4ngerung, schnell voraus. Auf das Derby beim FC Schalke 04 am kommenden Samstag (20.30 Uhr\/RTL und Sky).<\/p>\n<p class=\"\">Dabei wird Trainer Dieter Hecking mit Sicherheit auf Mittelfeldmann und Leistungstr\u00e4ger Ibrahima Sissoko verzichten m\u00fcssen, der sich in Berlin an der Schulter verletzte, dem ein \u201esehr langer Ausfall droht\u201c, ahnt Hecking (Bericht: <a href=\"https:\/\/www.waz.de\/sport\/vfl-bochum\/article409761841\/vfl-bochum-verletzungsschock-bei-sissoko-hecking-bangt-um-topspieler.html\" data-category-full-path=\"https:\/\/www.waz.de\/sport\/vfl-bochum\/\" data-paid-status=\"free\" data-article-publish-date=\"1755354738\" rel=\"nofollow noopener\" target=\"_blank\">hier<\/a>). Wom\u00f6glich kommt Koji Miyoshi noch hinzu.<\/p>\n<p>VfL Bochums Miyoshi: \u201eTritt am Kn\u00f6chel abgekriegt\u201c<\/p>\n<p class=\"\">Der Japaner, <a href=\"https:\/\/www.waz.de\/sport\/vfl-bochum\/article409761780\/vfl-bochum-wendet-blamage-gerade-noch-ab-fuenf-mal-note-fuenf.html\" data-category-full-path=\"https:\/\/www.waz.de\/sport\/vfl-bochum\/\" data-paid-status=\"premium\" data-article-publish-date=\"1755352034\" rel=\"nofollow noopener\" target=\"_blank\">meist gl\u00fccklos unterwegs in Berlin,<\/a> wurde elfmeterreif gefoult, als er einen Abpraller zum 1:1 einschieben wollte. Der Pfiff des schwachen Schiedsrichters Felix Wagner blieb wie schon zu Spielbeginn, als es Sissoko \u00fcbel erwischte, abermals aus. Miyoshi war angeschlagen, wurde kurz darauf ausgewechselt.<\/p>\n<p class=\"\">\u201eEr hat einen Tritt am Kn\u00f6chel abgekriegt\u201c, erkl\u00e4rte Hecking nach dem Spiel. \u201eIch hoffe, dass es nur eine schwere Prellung ist.\u201c Anders als Sissoko ist Miyoshi allerdings kein Spieler, der gesetzt ist. Und f\u00fcr die Partie auf Schalke hat Hecking wohl einige Alternativen, die in Berlin nicht spielen konnten.<\/p>\n<p>  VfL Bochum: Morgalla wieder eine Option auf Schalke<\/p>\n<p class=\"\">So fehlten Leandro Morgalla, der bisher wohl beste rechte Innenverteidiger\/Rechtsverteidiger, und St\u00fcrmer Ibrahim Sissoko jeweils nach einer Erkrankung. Beide sollen am Dienstag wieder trainieren. Sto\u00dfst\u00fcrmer Sissoko w\u00e4re die Alternative f\u00fcr Philipp Hofmann, der zwar viel ackerte, aber erneut ohne Tor blieb, eine Hundertprozentige vergab. Morgalla k\u00f6nnte f\u00fcr Kacper Koscierski starten.<\/p>\n<p class=\"\">Auch Philipp Strompf soll dann wieder ganz bei Kr\u00e4ften sein. Hecking nahm ihn nach leichter Erkrankung zwar mit nach Berlin, sah den Verteidiger aber als noch zu geschw\u00e4cht an f\u00fcr einen Einsatz. F\u00fcr ihn spielte Noah Loosli, l\u00f6ste seine Aufgabe ordentlich.<\/p>\n<p>              Mehr News und Infos zum VfL Bochum<\/p>\n<p>\n              weitere Artikel anzeigen<\/p>\n<p>\n              weniger Artikel anzeigen<\/p>\n<p>    <img decoding=\"async\" src=\"https:\/\/www.europesays.com\/de\/wp-content\/uploads\/2025\/08\/409728616_1754985587_v1_1_200.jpeg\" class=\"block w-full object-cover relative z-10 aspect-[1\/1] \" alt=\"13.07.2025, Fussball, Saison 2025\/2026, 2. Bundesliga, Vorbereitung, Sommertrainingslager des VfL Bochum in Scheffau am Wilden Kaiser, Tag 2, Gesch\u00e4ftsf\u00fchrer Sport Dirk Dufner (VfL Bochum 1848)\" title=\"13.07.2025, Fussball, Saison 2025\/2026, 2. Bundesliga, Vorbereitung, Sommertrainingslager des VfL Bochum in Scheffau am Wilden Kaiser, Tag 2, Gesch\u00e4ftsf\u00fchrer Sport Dirk Dufner (VfL Bochum 1848)\" loading=\"lazy\"\/><\/p>\n<p>  F\u00fcr mehr Kreativit\u00e4t: Onyeka ist ein Hoffnungstr\u00e4ger<\/p>\n<p class=\"\">Zudem kehrt ein Talent zur\u00fcck, das f\u00fcr mehr Kreativit\u00e4t sorgen kann, die dem VfL bisher in allen drei Pflichtspielen nahezu komplett fehlte. Francis Onyeka, 18-j\u00e4hrige Leihgabe aus Leverkusen, hat seine Muskelverletzung auskuriert.<\/p>\n<p>   VfL Bochum-Newsletter: Jetzt kostenlos anmelden!<\/p>\n<p class=\"text-body2 mt-2\">Spielberichte, Transferger\u00fcchte, Analysen, Interviews: Das Wichtigste zum VfL.<\/p>\n<p class=\"text-caption text-copy-secondary\">\n          Mit meiner Anmeldung zum Newsletter stimme ich der<br \/>\n          <a href=\"https:\/\/www.waz.de\/services\/newsletter-adconsent\" class=\"text-overline text-copy-accent-negative dark:underline\" rel=\"nofollow noopener\" target=\"_blank\">Werbevereinbarung<\/a><br \/>\n          zu.\n        <\/p>\n<p class=\"\">In der Vorbereitung war der offensive Mittelfeldspieler auf einem sehr guten Weg, nah dran an der Startelf, ehe er sich verletzte vor dem Saisonstart. Ob es f\u00fcr das Schalke-Spiel nach knapp drei Wochen Pause schon reicht, wird sich zeigen.<\/p>\n<p class=\"\">Weiterhin fehlen werden noch Erhan Masovic (Lauftraining nach Lungenkollaps) und Moritz Broni-Kwarteng, der wom\u00f6glich Ende September wieder einsteigen kann.<\/p>\n","protected":false},"excerpt":{"rendered":"Berlin. Nach dem Zittersieg im Pokal fiebert der VfL Bochum dem Derby beim FC Schalke 04 entgegen. Einige&hellip;\n","protected":false},"author":2,"featured_media":350868,"comment_status":"","ping_status":"","sticky":false,"template":"","format":"standard","meta":{"footnotes":""},"categories":[1839],"tags":[7507,3364,29,30,1209],"class_list":{"0":"post-350867","1":"post","2":"type-post","3":"status-publish","4":"format-standard","5":"has-post-thumbnail","7":"category-bochum","8":"tag-bochum","9":"tag-de","10":"tag-deutschland","11":"tag-germany","12":"tag-nordrhein-westfalen"},"share_on_mastodon":{"url":"https:\/\/pubeurope.com\/@de\/115042207424281222","error":""},"_links":{"self":[{"href":"https:\/\/www.europesays.com\/de\/wp-json\/wp\/v2\/posts\/350867","targetHints":{"allow":["GET"]}}],"collection":[{"href":"https:\/\/www.europesays.com\/de\/wp-json\/wp\/v2\/posts"}],"about":[{"href":"https:\/\/www.europesays.com\/de\/wp-json\/wp\/v2\/types\/post"}],"author":[{"embeddable":true,"href":"https:\/\/www.europesays.com\/de\/wp-json\/wp\/v2\/users\/2"}],"replies":[{"embeddable":true,"href":"https:\/\/www.europesays.com\/de\/wp-json\/wp\/v2\/comments?post=350867"}],"version-history":[{"count":0,"href":"https:\/\/www.europesays.com\/de\/wp-json\/wp\/v2\/posts\/350867\/revisions"}],"wp:featuredmedia":[{"embeddable":true,"href":"https:\/\/www.europesays.com\/de\/wp-json\/wp\/v2\/media\/350868"}],"wp:attachment":[{"href":"https:\/\/www.europesays.com\/de\/wp-json\/wp\/v2\/media?parent=350867"}],"wp:term":[{"taxonomy":"category","embeddable":true,"href":"https:\/\/www.europesays.com\/de\/wp-json\/wp\/v2\/categories?post=350867"},{"taxonomy":"post_tag","embeddable":true,"href":"https:\/\/www.europesays.com\/de\/wp-json\/wp\/v2\/tags?post=350867"}],"curies":[{"name":"wp","href":"https:\/\/api.w.org\/{rel}","templated":true}]}}