{"id":350874,"date":"2025-08-17T04:28:25","date_gmt":"2025-08-17T04:28:25","guid":{"rendered":"https:\/\/www.europesays.com\/de\/350874\/"},"modified":"2025-08-17T04:28:25","modified_gmt":"2025-08-17T04:28:25","slug":"afghanistan-grossbritannien-siedelt-nach-datenleck-tausende-afghanen-um","status":"publish","type":"post","link":"https:\/\/www.europesays.com\/de\/350874\/","title":{"rendered":"Afghanistan: Gro\u00dfbritannien siedelt nach Datenleck Tausende Afghanen um"},"content":{"rendered":"<p class=\"paragraph article__item\">Infolge eines Datenlecks sind Tausende Afghanen, die vor der Macht\u00fcbernahme der <a class=\"rtr-entity\" href=\"https:\/\/www.zeit.de\/thema\/afghanistan\" rel=\"nofollow noopener\" target=\"_blank\">Taliban<\/a> 2021 f\u00fcr das britische Milit\u00e4r gearbeitet hatten, im Rahmen eines geheimen Umsiedlungsprogramms nach <a href=\"https:\/\/www.zeit.de\/thema\/grossbritannien\" class=\"\" target=\"_blank\" rel=\"nofollow noopener\">Gro\u00dfbritannien<\/a> gebracht worden. Wie Verteidigungsminister John Healey mitteilte, wurden etwa 900 Personen sowie 3.600 Familienangeh\u00f6rige nach Gro\u00dfbritannien gebracht oder befinden sich aktuell auf dem Weg dorthin. Die Kosten des Programms belaufen sich auf rund 400 Millionen Pfund, sagte er.\n<\/p>\n<p class=\"paragraph article__item\">Geschaffen wurde das Programm von der damaligen konservativen Regierung.\u00a0Hintergrund war ein Datenleck im Jahr 2022. Ein Mitarbeiter des Verteidigungsministeriums hatte versehentlich pers\u00f6nliche Daten von fast 19.000 Afghanen und Afghaninnen, die sich f\u00fcr das sogenannte Umsiedlungsprogramm ARP beworben hatten, verschickt. Es enthielt Namen und <a href=\"https:\/\/www.zeit.de\/politik\/deutschland\/2025-06\/migrationspolitk-asyl-bundesregierung-union-bundesaufnahmeprogramm-afghanistan\" class=\"\" target=\"_blank\" rel=\"nofollow noopener\">Kontaktdaten<\/a> der Antragsteller, teils auch von Familienangeh\u00f6rigen, in Einzelf\u00e4llen von Abgeordneten, Offizieren und Regierungsbeamten als Unterst\u00fctzer. Teile des Datensatzes tauchten sp\u00e4ter im Internet auf. Die Sorge war gro\u00df, dass die Betroffenen ins Visier der Taliban geraten k\u00f6nnten.\n<\/p>\n<p>        Nicht alle Betroffenen gefunden        <\/p>\n<p class=\"paragraph article__item\">Die Tory-Regierung lie\u00df daher gerichtlich untersagen, die Existenz des Programms \u00f6ffentlich zu machen. Diese Anordnung wurde nun aufgehoben.\u00a0Eine unabh\u00e4ngige Untersuchung habe ergeben, dass es kaum Hinweise darauf gebe, dass den von dem Datenleck betroffenen <a href=\"https:\/\/www.zeit.de\/gesellschaft\/2025-06\/ausreise-afghanen-pakistan-ortskraefte-verfolgte-deutschland\" class=\"\" target=\"_blank\" rel=\"nofollow noopener\">Afghanen<\/a> Vergeltung drohe, hie\u00df es. Die Taliban h\u00e4tten bereits zuvor \u00fcber viele Informationen verf\u00fcgt.\n<\/p>\n<p>            Afghanistan        <\/p>\n<p>Mehr zum Thema<\/p>\n<p>                <a href=\"https:\/\/www.zeit.de\/politik\/deutschland\/2025-06\/migrationspolitk-asyl-bundesregierung-union-bundesaufnahmeprogramm-afghanistan\" data-ct-label=\"Migrationspolitik: Deutschland muss zu seinem Versprechen stehen \" rel=\"nofollow noopener\" target=\"_blank\"><\/p>\n<p>                        Migrationspolitik:<br \/>\n                        Deutschland muss zu seinem Versprechen stehen <\/p>\n<p>                <\/a><\/p>\n<p>                <a href=\"https:\/\/www.zeit.de\/gesellschaft\/2025-06\/ausreise-afghanen-pakistan-ortskraefte-verfolgte-deutschland\" data-ct-label=\"Ausreise von Afghanen: &quot;Diese Perspektivlosigkeit ist wie ein langsamer Tod&quot;\" rel=\"nofollow noopener\" target=\"_blank\"><\/p>\n<p>        Z+ (abopflichtiger Inhalt);<\/p>\n<p>    Ausreise von Afghanen:<br \/>\n                        &#8222;Diese Perspektivlosigkeit ist wie ein langsamer Tod&#8220;<\/p>\n<p>                <\/a><\/p>\n<p>                <a href=\"https:\/\/www.zeit.de\/kultur\/2025-06\/usa-nahostkrieg-iran-israel-afghanistan-fehler\" data-ct-label=\"USA im Nahostkrieg: Aber hey, viel hilft viel \u2013 oder?\" rel=\"nofollow noopener\" target=\"_blank\"><\/p>\n<p>        Z+ (abopflichtiger Inhalt);<\/p>\n<p>    USA im Nahostkrieg:<br \/>\n                        Aber hey, viel hilft viel \u2013 oder?<\/p>\n<p>                <\/a><\/p>\n<p class=\"paragraph article__item\">Healey zeigte sich besorgt \u00fcber den Mangel an Transparenz unter der Vorg\u00e4ngerregierung, berichtete der britische\u00a0Guardian. Der Minister bat die Betroffenen \u00f6ffentlich um Verzeihung: &#8222;Es mag zwar schon vor drei Jahren unter der vorherigen Regierung passiert sein, aber im Namen der britischen Regierung m\u00f6chte ich mich heute bei allen, deren Informationen kompromittiert wurden, aufrichtig entschuldigen.&#8220;\n<\/p>\n<p class=\"paragraph article__item\">Das Verteidigungsministerium habe versucht, alle Betroffenen \u00fcber den Datenverlust zu informieren, sagte Healey. Es sei jedoch nicht gelungen, alle zu erreichen. Personen, die glaubten, auf der Liste zu stehen, k\u00f6nnten sich auf einer Website informieren.<\/p>\n","protected":false},"excerpt":{"rendered":"Infolge eines Datenlecks sind Tausende Afghanen, die vor der Macht\u00fcbernahme der Taliban 2021 f\u00fcr das britische Milit\u00e4r gearbeitet&hellip;\n","protected":false},"author":2,"featured_media":350875,"comment_status":"","ping_status":"","sticky":false,"template":"","format":"standard","meta":{"footnotes":""},"categories":[3976],"tags":[35755,7451,331,332,10624,551,13,451,14,15,16,12,15451,3992,3993,3994,3995,3996,3997],"class_list":{"0":"post-350874","1":"post","2":"type-post","3":"status-publish","4":"format-standard","5":"has-post-thumbnail","7":"category-vereinigtes-koenigreich","8":"tag-umsiedlung","9":"tag-afghanistan","10":"tag-aktuelle-nachrichten","11":"tag-aktuelle-news","12":"tag-datensicherheit","13":"tag-grossbritannien","14":"tag-headlines","15":"tag-militaer","16":"tag-nachrichten","17":"tag-news","18":"tag-politik","19":"tag-schlagzeilen","20":"tag-taliban","21":"tag-uk","22":"tag-united-kingdom","23":"tag-united-kingdom-of-great-britain-and-northern-ireland","24":"tag-vereinigtes-koenigreich","25":"tag-vereinigtes-koenigreich-grossbritannien-und-nordirland","26":"tag-vereinigtes-koenigreich-von-grossbritannien-und-nordirland"},"share_on_mastodon":{"url":"https:\/\/pubeurope.com\/@de\/115042222620369783","error":""},"_links":{"self":[{"href":"https:\/\/www.europesays.com\/de\/wp-json\/wp\/v2\/posts\/350874","targetHints":{"allow":["GET"]}}],"collection":[{"href":"https:\/\/www.europesays.com\/de\/wp-json\/wp\/v2\/posts"}],"about":[{"href":"https:\/\/www.europesays.com\/de\/wp-json\/wp\/v2\/types\/post"}],"author":[{"embeddable":true,"href":"https:\/\/www.europesays.com\/de\/wp-json\/wp\/v2\/users\/2"}],"replies":[{"embeddable":true,"href":"https:\/\/www.europesays.com\/de\/wp-json\/wp\/v2\/comments?post=350874"}],"version-history":[{"count":0,"href":"https:\/\/www.europesays.com\/de\/wp-json\/wp\/v2\/posts\/350874\/revisions"}],"wp:featuredmedia":[{"embeddable":true,"href":"https:\/\/www.europesays.com\/de\/wp-json\/wp\/v2\/media\/350875"}],"wp:attachment":[{"href":"https:\/\/www.europesays.com\/de\/wp-json\/wp\/v2\/media?parent=350874"}],"wp:term":[{"taxonomy":"category","embeddable":true,"href":"https:\/\/www.europesays.com\/de\/wp-json\/wp\/v2\/categories?post=350874"},{"taxonomy":"post_tag","embeddable":true,"href":"https:\/\/www.europesays.com\/de\/wp-json\/wp\/v2\/tags?post=350874"}],"curies":[{"name":"wp","href":"https:\/\/api.w.org\/{rel}","templated":true}]}}